{"id":21671,"date":"2018-04-02T19:02:06","date_gmt":"2018-04-02T17:02:06","guid":{"rendered":"https:\/\/unser-quartier.de\/stadt-bergheim\/?p=21671"},"modified":"2018-05-01T19:05:56","modified_gmt":"2018-05-01T17:05:56","slug":"landschaft-mit-baumaffen","status":"publish","type":"post","link":"https:\/\/unser-quartier.de\/stadt-bergheim\/2018\/04\/landschaft-mit-baumaffen\/","title":{"rendered":"Landschaft mit Baumaffen"},"content":{"rendered":"<p><strong>Das Seniorenportal auf der 7. Tour de Fl\u00f6nz<\/strong><\/p>\n<p>M\u00e4dchen und Ponys sind ja so eine Sache. F\u00fcr mich wurde der Traum wahr, als mein Mann und ich uns vor einem dreiviertel Jahr einen 68er Ford Mustang in Candy-Rot zum Geburtstag geschenkt haben. Ziel war, ihn bis zur traditionellen Tour de Fl\u00f6nz flott zu kriegen, der Oldtimer-Ausfahrt der Pulheimer Karnevalsgesellschaft &#8220;Ahl H\u00e4re&#8221;, die traditionell am Ostersamstag rund 100 km durch den Rhein-Erft-Kreis rollt. Start ist auf dem Marktplatz in Pulheim. Und wir waren dabei!<\/p>\n<div class=\"tiled-gallery type-rectangular tiled-gallery-unresized\" data-original-width=\"770\" data-carousel-extra='{&quot;blog_id&quot;:38,&quot;permalink&quot;:&quot;https:\\\/\\\/unser-quartier.de\\\/stadt-bergheim\\\/2018\\\/04\\\/landschaft-mit-baumaffen\\\/&quot;,&quot;likes_blog_id&quot;:51783499}' itemscope itemtype=\"http:\/\/schema.org\/ImageGallery\" > <div class=\"gallery-row\" style=\"width: 770px; height: 354px;\" data-original-width=\"770\" data-original-height=\"354\" > <div class=\"gallery-group images-1\" style=\"width: 527px; height: 354px;\" data-original-width=\"527\" data-original-height=\"354\" > <div class=\"tiled-gallery-item tiled-gallery-item-large\" itemprop=\"associatedMedia\" itemscope itemtype=\"http:\/\/schema.org\/ImageObject\"> <a href=\"https:\/\/unser-quartier.de\/stadt-bergheim\/2018\/04\/landschaft-mit-baumaffen\/img_5351\/\" border=\"0\" itemprop=\"url\"> <meta itemprop=\"width\" content=\"523\"> <meta itemprop=\"height\" content=\"350\"> <img decoding=\"async\" class=\"\" data-attachment-id=\"21677\" data-orig-file=\"https:\/\/unser-quartier.de\/stadt-bergheim\/files\/2018\/04\/IMG_5351.jpg\" data-orig-size=\"1024,684\" data-comments-opened=\"\" data-image-meta=\"{&quot;aperture&quot;:&quot;0&quot;,&quot;credit&quot;:&quot;&quot;,&quot;camera&quot;:&quot;&quot;,&quot;caption&quot;:&quot;&quot;,&quot;created_timestamp&quot;:&quot;0&quot;,&quot;copyright&quot;:&quot;&quot;,&quot;focal_length&quot;:&quot;0&quot;,&quot;iso&quot;:&quot;0&quot;,&quot;shutter_speed&quot;:&quot;0&quot;,&quot;title&quot;:&quot;&quot;,&quot;orientation&quot;:&quot;0&quot;}\" data-image-title=\"IMG_5351\" data-image-description=\"\" data-medium-file=\"https:\/\/i0.wp.com\/unser-quartier.de\/stadt-bergheim\/files\/2018\/04\/IMG_5351.jpg?fit=300%2C200&#038;ssl=1\" data-large-file=\"https:\/\/i0.wp.com\/unser-quartier.de\/stadt-bergheim\/files\/2018\/04\/IMG_5351.jpg?fit=770%2C514&#038;ssl=1\" src=\"https:\/\/i0.wp.com\/unser-quartier.de\/stadt-bergheim\/files\/2018\/04\/IMG_5351.jpg?w=523&#038;h=350&#038;ssl=1\" srcset=\"https:\/\/i0.wp.com\/unser-quartier.de\/stadt-bergheim\/files\/2018\/04\/IMG_5351.jpg?w=1024&amp;ssl=1 1024w, https:\/\/i0.wp.com\/unser-quartier.de\/stadt-bergheim\/files\/2018\/04\/IMG_5351.jpg?resize=150%2C100&amp;ssl=1 150w, https:\/\/i0.wp.com\/unser-quartier.de\/stadt-bergheim\/files\/2018\/04\/IMG_5351.jpg?resize=300%2C200&amp;ssl=1 300w, https:\/\/i0.wp.com\/unser-quartier.de\/stadt-bergheim\/files\/2018\/04\/IMG_5351.jpg?resize=768%2C513&amp;ssl=1 768w\" width=\"523\" height=\"350\" loading=\"lazy\" data-original-width=\"523\" data-original-height=\"350\" itemprop=\"http:\/\/schema.org\/image\" title=\"IMG_5351\" alt=\"Ankunft in Glessen\" style=\"width: 523px; height: 350px;\" \/> <\/a> <div class=\"tiled-gallery-caption\" itemprop=\"caption description\"> Ankunft in Glessen <\/div> <\/div> <\/div> <!-- close group --> <div class=\"gallery-group images-2\" style=\"width: 243px; height: 354px;\" data-original-width=\"243\" data-original-height=\"354\" > <div class=\"tiled-gallery-item tiled-gallery-item-small\" itemprop=\"associatedMedia\" itemscope itemtype=\"http:\/\/schema.org\/ImageObject\"> <a href=\"https:\/\/unser-quartier.de\/stadt-bergheim\/2018\/04\/landschaft-mit-baumaffen\/img_5352\/\" border=\"0\" itemprop=\"url\"> <meta itemprop=\"width\" content=\"239\"> <meta itemprop=\"height\" content=\"187\"> <img decoding=\"async\" class=\"\" data-attachment-id=\"21678\" data-orig-file=\"https:\/\/unser-quartier.de\/stadt-bergheim\/files\/2018\/04\/IMG_5352.jpg\" data-orig-size=\"960,753\" data-comments-opened=\"\" data-image-meta=\"{&quot;aperture&quot;:&quot;0&quot;,&quot;credit&quot;:&quot;&quot;,&quot;camera&quot;:&quot;&quot;,&quot;caption&quot;:&quot;&quot;,&quot;created_timestamp&quot;:&quot;0&quot;,&quot;copyright&quot;:&quot;&quot;,&quot;focal_length&quot;:&quot;0&quot;,&quot;iso&quot;:&quot;0&quot;,&quot;shutter_speed&quot;:&quot;0&quot;,&quot;title&quot;:&quot;&quot;,&quot;orientation&quot;:&quot;1&quot;}\" data-image-title=\"IMG_5352\" data-image-description=\"\" data-medium-file=\"https:\/\/i0.wp.com\/unser-quartier.de\/stadt-bergheim\/files\/2018\/04\/IMG_5352.jpg?fit=300%2C235&#038;ssl=1\" data-large-file=\"https:\/\/i0.wp.com\/unser-quartier.de\/stadt-bergheim\/files\/2018\/04\/IMG_5352.jpg?fit=770%2C604&#038;ssl=1\" src=\"https:\/\/i0.wp.com\/unser-quartier.de\/stadt-bergheim\/files\/2018\/04\/IMG_5352.jpg?w=239&#038;h=187&#038;ssl=1\" srcset=\"https:\/\/i0.wp.com\/unser-quartier.de\/stadt-bergheim\/files\/2018\/04\/IMG_5352.jpg?w=960&amp;ssl=1 960w, https:\/\/i0.wp.com\/unser-quartier.de\/stadt-bergheim\/files\/2018\/04\/IMG_5352.jpg?resize=150%2C118&amp;ssl=1 150w, https:\/\/i0.wp.com\/unser-quartier.de\/stadt-bergheim\/files\/2018\/04\/IMG_5352.jpg?resize=300%2C235&amp;ssl=1 300w, https:\/\/i0.wp.com\/unser-quartier.de\/stadt-bergheim\/files\/2018\/04\/IMG_5352.jpg?resize=768%2C602&amp;ssl=1 768w\" width=\"239\" height=\"187\" loading=\"lazy\" data-original-width=\"239\" data-original-height=\"187\" itemprop=\"http:\/\/schema.org\/image\" title=\"IMG_5352\" alt=\"Foto: J\u00fcrgen Libertus\" style=\"width: 239px; height: 187px;\" \/> <\/a> <div class=\"tiled-gallery-caption\" itemprop=\"caption description\"> Foto: J\u00fcrgen Libertus <\/div> <\/div> <div class=\"tiled-gallery-item tiled-gallery-item-small\" itemprop=\"associatedMedia\" itemscope itemtype=\"http:\/\/schema.org\/ImageObject\"> <a href=\"https:\/\/unser-quartier.de\/stadt-bergheim\/2018\/04\/landschaft-mit-baumaffen\/dsc09667\/\" border=\"0\" itemprop=\"url\"> <meta itemprop=\"width\" content=\"239\"> <meta itemprop=\"height\" content=\"159\"> <img decoding=\"async\" class=\"\" data-attachment-id=\"21679\" data-orig-file=\"https:\/\/unser-quartier.de\/stadt-bergheim\/files\/2018\/04\/DSC09667.jpg\" data-orig-size=\"1024,680\" data-comments-opened=\"\" data-image-meta=\"{&quot;aperture&quot;:&quot;0&quot;,&quot;credit&quot;:&quot;&quot;,&quot;camera&quot;:&quot;&quot;,&quot;caption&quot;:&quot;&quot;,&quot;created_timestamp&quot;:&quot;0&quot;,&quot;copyright&quot;:&quot;&quot;,&quot;focal_length&quot;:&quot;0&quot;,&quot;iso&quot;:&quot;0&quot;,&quot;shutter_speed&quot;:&quot;0&quot;,&quot;title&quot;:&quot;&quot;,&quot;orientation&quot;:&quot;0&quot;}\" data-image-title=\"DSC09667\" data-image-description=\"\" data-medium-file=\"https:\/\/i0.wp.com\/unser-quartier.de\/stadt-bergheim\/files\/2018\/04\/DSC09667.jpg?fit=300%2C199&#038;ssl=1\" data-large-file=\"https:\/\/i0.wp.com\/unser-quartier.de\/stadt-bergheim\/files\/2018\/04\/DSC09667.jpg?fit=770%2C511&#038;ssl=1\" src=\"https:\/\/i0.wp.com\/unser-quartier.de\/stadt-bergheim\/files\/2018\/04\/DSC09667.jpg?w=239&#038;h=159&#038;ssl=1\" srcset=\"https:\/\/i0.wp.com\/unser-quartier.de\/stadt-bergheim\/files\/2018\/04\/DSC09667.jpg?w=1024&amp;ssl=1 1024w, https:\/\/i0.wp.com\/unser-quartier.de\/stadt-bergheim\/files\/2018\/04\/DSC09667.jpg?resize=150%2C100&amp;ssl=1 150w, https:\/\/i0.wp.com\/unser-quartier.de\/stadt-bergheim\/files\/2018\/04\/DSC09667.jpg?resize=300%2C199&amp;ssl=1 300w, https:\/\/i0.wp.com\/unser-quartier.de\/stadt-bergheim\/files\/2018\/04\/DSC09667.jpg?resize=768%2C510&amp;ssl=1 768w\" width=\"239\" height=\"159\" loading=\"lazy\" data-original-width=\"239\" data-original-height=\"159\" itemprop=\"http:\/\/schema.org\/image\" title=\"DSC09667\" alt=\"Unter der Haube\" style=\"width: 239px; height: 159px;\" \/> <\/a> <div class=\"tiled-gallery-caption\" itemprop=\"caption description\"> Unter der Haube <\/div> <\/div> <\/div> <!-- close group --> <\/div> <!-- close row --> <div class=\"gallery-row\" style=\"width: 770px; height: 463px;\" data-original-width=\"770\" data-original-height=\"463\" > <div class=\"gallery-group images-3\" style=\"width: 231px; height: 463px;\" data-original-width=\"231\" data-original-height=\"463\" > <div class=\"tiled-gallery-item tiled-gallery-item-small\" itemprop=\"associatedMedia\" itemscope itemtype=\"http:\/\/schema.org\/ImageObject\"> <a href=\"https:\/\/unser-quartier.de\/stadt-bergheim\/2018\/04\/landschaft-mit-baumaffen\/dsc09717\/\" border=\"0\" itemprop=\"url\"> <meta itemprop=\"width\" content=\"227\"> <meta itemprop=\"height\" content=\"151\"> <img decoding=\"async\" class=\"\" data-attachment-id=\"21688\" data-orig-file=\"https:\/\/unser-quartier.de\/stadt-bergheim\/files\/2018\/04\/DSC09717.jpg\" data-orig-size=\"1024,680\" data-comments-opened=\"\" data-image-meta=\"{&quot;aperture&quot;:&quot;0&quot;,&quot;credit&quot;:&quot;&quot;,&quot;camera&quot;:&quot;&quot;,&quot;caption&quot;:&quot;&quot;,&quot;created_timestamp&quot;:&quot;0&quot;,&quot;copyright&quot;:&quot;&quot;,&quot;focal_length&quot;:&quot;0&quot;,&quot;iso&quot;:&quot;0&quot;,&quot;shutter_speed&quot;:&quot;0&quot;,&quot;title&quot;:&quot;&quot;,&quot;orientation&quot;:&quot;0&quot;}\" data-image-title=\"DSC09717\" data-image-description=\"\" data-medium-file=\"https:\/\/i0.wp.com\/unser-quartier.de\/stadt-bergheim\/files\/2018\/04\/DSC09717.jpg?fit=300%2C199&#038;ssl=1\" data-large-file=\"https:\/\/i0.wp.com\/unser-quartier.de\/stadt-bergheim\/files\/2018\/04\/DSC09717.jpg?fit=770%2C511&#038;ssl=1\" src=\"https:\/\/i0.wp.com\/unser-quartier.de\/stadt-bergheim\/files\/2018\/04\/DSC09717.jpg?w=227&#038;h=151&#038;ssl=1\" srcset=\"https:\/\/i0.wp.com\/unser-quartier.de\/stadt-bergheim\/files\/2018\/04\/DSC09717.jpg?w=1024&amp;ssl=1 1024w, https:\/\/i0.wp.com\/unser-quartier.de\/stadt-bergheim\/files\/2018\/04\/DSC09717.jpg?resize=150%2C100&amp;ssl=1 150w, https:\/\/i0.wp.com\/unser-quartier.de\/stadt-bergheim\/files\/2018\/04\/DSC09717.jpg?resize=300%2C199&amp;ssl=1 300w, https:\/\/i0.wp.com\/unser-quartier.de\/stadt-bergheim\/files\/2018\/04\/DSC09717.jpg?resize=768%2C510&amp;ssl=1 768w\" width=\"227\" height=\"151\" loading=\"lazy\" data-original-width=\"227\" data-original-height=\"151\" itemprop=\"http:\/\/schema.org\/image\" title=\"DSC09717\" alt=\"Unser Mustang\" style=\"width: 227px; height: 151px;\" \/> <\/a> <div class=\"tiled-gallery-caption\" itemprop=\"caption description\"> Unser Mustang <\/div> <\/div> <div class=\"tiled-gallery-item tiled-gallery-item-small\" itemprop=\"associatedMedia\" itemscope itemtype=\"http:\/\/schema.org\/ImageObject\"> <a href=\"https:\/\/unser-quartier.de\/stadt-bergheim\/2018\/04\/landschaft-mit-baumaffen\/dsc09686\/\" border=\"0\" itemprop=\"url\"> <meta itemprop=\"width\" content=\"227\"> <meta itemprop=\"height\" content=\"150\"> <img decoding=\"async\" class=\"\" data-attachment-id=\"21680\" data-orig-file=\"https:\/\/unser-quartier.de\/stadt-bergheim\/files\/2018\/04\/DSC09686.jpg\" data-orig-size=\"1024,680\" data-comments-opened=\"\" data-image-meta=\"{&quot;aperture&quot;:&quot;0&quot;,&quot;credit&quot;:&quot;&quot;,&quot;camera&quot;:&quot;&quot;,&quot;caption&quot;:&quot;&quot;,&quot;created_timestamp&quot;:&quot;0&quot;,&quot;copyright&quot;:&quot;&quot;,&quot;focal_length&quot;:&quot;0&quot;,&quot;iso&quot;:&quot;0&quot;,&quot;shutter_speed&quot;:&quot;0&quot;,&quot;title&quot;:&quot;&quot;,&quot;orientation&quot;:&quot;0&quot;}\" data-image-title=\"DSC09686\" data-image-description=\"\" data-medium-file=\"https:\/\/i0.wp.com\/unser-quartier.de\/stadt-bergheim\/files\/2018\/04\/DSC09686.jpg?fit=300%2C199&#038;ssl=1\" data-large-file=\"https:\/\/i0.wp.com\/unser-quartier.de\/stadt-bergheim\/files\/2018\/04\/DSC09686.jpg?fit=770%2C511&#038;ssl=1\" src=\"https:\/\/i0.wp.com\/unser-quartier.de\/stadt-bergheim\/files\/2018\/04\/DSC09686.jpg?w=227&#038;h=150&#038;ssl=1\" srcset=\"https:\/\/i0.wp.com\/unser-quartier.de\/stadt-bergheim\/files\/2018\/04\/DSC09686.jpg?w=1024&amp;ssl=1 1024w, https:\/\/i0.wp.com\/unser-quartier.de\/stadt-bergheim\/files\/2018\/04\/DSC09686.jpg?resize=150%2C100&amp;ssl=1 150w, https:\/\/i0.wp.com\/unser-quartier.de\/stadt-bergheim\/files\/2018\/04\/DSC09686.jpg?resize=300%2C199&amp;ssl=1 300w, https:\/\/i0.wp.com\/unser-quartier.de\/stadt-bergheim\/files\/2018\/04\/DSC09686.jpg?resize=768%2C510&amp;ssl=1 768w\" width=\"227\" height=\"150\" loading=\"lazy\" data-original-width=\"227\" data-original-height=\"150\" itemprop=\"http:\/\/schema.org\/image\" title=\"DSC09686\" alt=\"Gro\u00dfer Marktplatz\" style=\"width: 227px; height: 150px;\" \/> <\/a> <div class=\"tiled-gallery-caption\" itemprop=\"caption description\"> Gro\u00dfer Marktplatz <\/div> <\/div> <div class=\"tiled-gallery-item tiled-gallery-item-small\" itemprop=\"associatedMedia\" itemscope itemtype=\"http:\/\/schema.org\/ImageObject\"> <a href=\"https:\/\/unser-quartier.de\/stadt-bergheim\/2018\/04\/landschaft-mit-baumaffen\/dsc09687\/\" border=\"0\" itemprop=\"url\"> <meta itemprop=\"width\" content=\"227\"> <meta itemprop=\"height\" content=\"150\"> <img decoding=\"async\" class=\"\" data-attachment-id=\"21681\" data-orig-file=\"https:\/\/unser-quartier.de\/stadt-bergheim\/files\/2018\/04\/DSC09687.jpg\" data-orig-size=\"1024,680\" data-comments-opened=\"\" data-image-meta=\"{&quot;aperture&quot;:&quot;0&quot;,&quot;credit&quot;:&quot;&quot;,&quot;camera&quot;:&quot;&quot;,&quot;caption&quot;:&quot;&quot;,&quot;created_timestamp&quot;:&quot;0&quot;,&quot;copyright&quot;:&quot;&quot;,&quot;focal_length&quot;:&quot;0&quot;,&quot;iso&quot;:&quot;0&quot;,&quot;shutter_speed&quot;:&quot;0&quot;,&quot;title&quot;:&quot;&quot;,&quot;orientation&quot;:&quot;0&quot;}\" data-image-title=\"DSC09687\" data-image-description=\"\" data-medium-file=\"https:\/\/i0.wp.com\/unser-quartier.de\/stadt-bergheim\/files\/2018\/04\/DSC09687.jpg?fit=300%2C199&#038;ssl=1\" data-large-file=\"https:\/\/i0.wp.com\/unser-quartier.de\/stadt-bergheim\/files\/2018\/04\/DSC09687.jpg?fit=770%2C511&#038;ssl=1\" src=\"https:\/\/i0.wp.com\/unser-quartier.de\/stadt-bergheim\/files\/2018\/04\/DSC09687.jpg?w=227&#038;h=150&#038;ssl=1\" srcset=\"https:\/\/i0.wp.com\/unser-quartier.de\/stadt-bergheim\/files\/2018\/04\/DSC09687.jpg?w=1024&amp;ssl=1 1024w, https:\/\/i0.wp.com\/unser-quartier.de\/stadt-bergheim\/files\/2018\/04\/DSC09687.jpg?resize=150%2C100&amp;ssl=1 150w, https:\/\/i0.wp.com\/unser-quartier.de\/stadt-bergheim\/files\/2018\/04\/DSC09687.jpg?resize=300%2C199&amp;ssl=1 300w, https:\/\/i0.wp.com\/unser-quartier.de\/stadt-bergheim\/files\/2018\/04\/DSC09687.jpg?resize=768%2C510&amp;ssl=1 768w\" width=\"227\" height=\"150\" loading=\"lazy\" data-original-width=\"227\" data-original-height=\"150\" itemprop=\"http:\/\/schema.org\/image\" title=\"DSC09687\" alt=\"Sch\u00f6ne Sch\u00e4tzchen\" style=\"width: 227px; height: 150px;\" \/> <\/a> <div class=\"tiled-gallery-caption\" itemprop=\"caption description\"> Sch\u00f6ne Sch\u00e4tzchen <\/div> <\/div> <\/div> <!-- close group --> <div class=\"gallery-group images-1\" style=\"width: 309px; height: 463px;\" data-original-width=\"309\" data-original-height=\"463\" > <div class=\"tiled-gallery-item tiled-gallery-item-large\" itemprop=\"associatedMedia\" itemscope itemtype=\"http:\/\/schema.org\/ImageObject\"> <a href=\"https:\/\/unser-quartier.de\/stadt-bergheim\/2018\/04\/landschaft-mit-baumaffen\/dsc09688\/\" border=\"0\" itemprop=\"url\"> <meta itemprop=\"width\" content=\"305\"> <meta itemprop=\"height\" content=\"459\"> <img decoding=\"async\" class=\"\" data-attachment-id=\"21682\" data-orig-file=\"https:\/\/unser-quartier.de\/stadt-bergheim\/files\/2018\/04\/DSC09688.jpg\" data-orig-size=\"680,1024\" data-comments-opened=\"\" data-image-meta=\"{&quot;aperture&quot;:&quot;0&quot;,&quot;credit&quot;:&quot;&quot;,&quot;camera&quot;:&quot;&quot;,&quot;caption&quot;:&quot;&quot;,&quot;created_timestamp&quot;:&quot;0&quot;,&quot;copyright&quot;:&quot;&quot;,&quot;focal_length&quot;:&quot;0&quot;,&quot;iso&quot;:&quot;0&quot;,&quot;shutter_speed&quot;:&quot;0&quot;,&quot;title&quot;:&quot;&quot;,&quot;orientation&quot;:&quot;0&quot;}\" data-image-title=\"DSC09688\" data-image-description=\"\" data-medium-file=\"https:\/\/i0.wp.com\/unser-quartier.de\/stadt-bergheim\/files\/2018\/04\/DSC09688.jpg?fit=199%2C300&#038;ssl=1\" data-large-file=\"https:\/\/i0.wp.com\/unser-quartier.de\/stadt-bergheim\/files\/2018\/04\/DSC09688.jpg?fit=680%2C1024&#038;ssl=1\" src=\"https:\/\/i0.wp.com\/unser-quartier.de\/stadt-bergheim\/files\/2018\/04\/DSC09688.jpg?w=305&#038;h=459&#038;ssl=1\" srcset=\"https:\/\/i0.wp.com\/unser-quartier.de\/stadt-bergheim\/files\/2018\/04\/DSC09688.jpg?w=680&amp;ssl=1 680w, https:\/\/i0.wp.com\/unser-quartier.de\/stadt-bergheim\/files\/2018\/04\/DSC09688.jpg?resize=100%2C150&amp;ssl=1 100w, https:\/\/i0.wp.com\/unser-quartier.de\/stadt-bergheim\/files\/2018\/04\/DSC09688.jpg?resize=199%2C300&amp;ssl=1 199w\" width=\"305\" height=\"459\" loading=\"lazy\" data-original-width=\"305\" data-original-height=\"459\" itemprop=\"http:\/\/schema.org\/image\" title=\"DSC09688\" alt=\"Alles blitzt und blinkt\" style=\"width: 305px; height: 459px;\" \/> <\/a> <div class=\"tiled-gallery-caption\" itemprop=\"caption description\"> Alles blitzt und blinkt <\/div> <\/div> <\/div> <!-- close group --> <div class=\"gallery-group images-3\" style=\"width: 230px; height: 463px;\" data-original-width=\"230\" data-original-height=\"463\" > <div class=\"tiled-gallery-item tiled-gallery-item-small\" itemprop=\"associatedMedia\" itemscope itemtype=\"http:\/\/schema.org\/ImageObject\"> <a href=\"https:\/\/unser-quartier.de\/stadt-bergheim\/2018\/04\/landschaft-mit-baumaffen\/dsc09694\/\" border=\"0\" itemprop=\"url\"> <meta itemprop=\"width\" content=\"226\"> <meta itemprop=\"height\" content=\"151\"> <img decoding=\"async\" class=\"\" data-attachment-id=\"21683\" data-orig-file=\"https:\/\/unser-quartier.de\/stadt-bergheim\/files\/2018\/04\/DSC09694.jpg\" data-orig-size=\"1024,680\" data-comments-opened=\"\" data-image-meta=\"{&quot;aperture&quot;:&quot;0&quot;,&quot;credit&quot;:&quot;&quot;,&quot;camera&quot;:&quot;&quot;,&quot;caption&quot;:&quot;&quot;,&quot;created_timestamp&quot;:&quot;0&quot;,&quot;copyright&quot;:&quot;&quot;,&quot;focal_length&quot;:&quot;0&quot;,&quot;iso&quot;:&quot;0&quot;,&quot;shutter_speed&quot;:&quot;0&quot;,&quot;title&quot;:&quot;&quot;,&quot;orientation&quot;:&quot;0&quot;}\" data-image-title=\"DSC09694\" data-image-description=\"\" data-medium-file=\"https:\/\/i0.wp.com\/unser-quartier.de\/stadt-bergheim\/files\/2018\/04\/DSC09694.jpg?fit=300%2C199&#038;ssl=1\" data-large-file=\"https:\/\/i0.wp.com\/unser-quartier.de\/stadt-bergheim\/files\/2018\/04\/DSC09694.jpg?fit=770%2C511&#038;ssl=1\" src=\"https:\/\/i0.wp.com\/unser-quartier.de\/stadt-bergheim\/files\/2018\/04\/DSC09694.jpg?w=226&#038;h=151&#038;ssl=1\" srcset=\"https:\/\/i0.wp.com\/unser-quartier.de\/stadt-bergheim\/files\/2018\/04\/DSC09694.jpg?w=1024&amp;ssl=1 1024w, https:\/\/i0.wp.com\/unser-quartier.de\/stadt-bergheim\/files\/2018\/04\/DSC09694.jpg?resize=150%2C100&amp;ssl=1 150w, https:\/\/i0.wp.com\/unser-quartier.de\/stadt-bergheim\/files\/2018\/04\/DSC09694.jpg?resize=300%2C199&amp;ssl=1 300w, https:\/\/i0.wp.com\/unser-quartier.de\/stadt-bergheim\/files\/2018\/04\/DSC09694.jpg?resize=768%2C510&amp;ssl=1 768w\" width=\"226\" height=\"151\" loading=\"lazy\" data-original-width=\"226\" data-original-height=\"151\" itemprop=\"http:\/\/schema.org\/image\" title=\"DSC09694\" alt=\"Rund 80 Oldies am Start\" style=\"width: 226px; height: 151px;\" \/> <\/a> <div class=\"tiled-gallery-caption\" itemprop=\"caption description\"> Rund 80 Oldies am Start <\/div> <\/div> <div class=\"tiled-gallery-item tiled-gallery-item-small\" itemprop=\"associatedMedia\" itemscope itemtype=\"http:\/\/schema.org\/ImageObject\"> <a href=\"https:\/\/unser-quartier.de\/stadt-bergheim\/2018\/04\/landschaft-mit-baumaffen\/dsc09702\/\" border=\"0\" itemprop=\"url\"> <meta itemprop=\"width\" content=\"226\"> <meta itemprop=\"height\" content=\"150\"> <img decoding=\"async\" class=\"\" data-attachment-id=\"21684\" data-orig-file=\"https:\/\/unser-quartier.de\/stadt-bergheim\/files\/2018\/04\/DSC09702.jpg\" data-orig-size=\"1024,680\" data-comments-opened=\"\" data-image-meta=\"{&quot;aperture&quot;:&quot;0&quot;,&quot;credit&quot;:&quot;&quot;,&quot;camera&quot;:&quot;&quot;,&quot;caption&quot;:&quot;&quot;,&quot;created_timestamp&quot;:&quot;0&quot;,&quot;copyright&quot;:&quot;&quot;,&quot;focal_length&quot;:&quot;0&quot;,&quot;iso&quot;:&quot;0&quot;,&quot;shutter_speed&quot;:&quot;0&quot;,&quot;title&quot;:&quot;&quot;,&quot;orientation&quot;:&quot;0&quot;}\" data-image-title=\"DSC09702\" data-image-description=\"\" data-medium-file=\"https:\/\/i0.wp.com\/unser-quartier.de\/stadt-bergheim\/files\/2018\/04\/DSC09702.jpg?fit=300%2C199&#038;ssl=1\" data-large-file=\"https:\/\/i0.wp.com\/unser-quartier.de\/stadt-bergheim\/files\/2018\/04\/DSC09702.jpg?fit=770%2C511&#038;ssl=1\" src=\"https:\/\/i0.wp.com\/unser-quartier.de\/stadt-bergheim\/files\/2018\/04\/DSC09702.jpg?w=226&#038;h=150&#038;ssl=1\" srcset=\"https:\/\/i0.wp.com\/unser-quartier.de\/stadt-bergheim\/files\/2018\/04\/DSC09702.jpg?w=1024&amp;ssl=1 1024w, https:\/\/i0.wp.com\/unser-quartier.de\/stadt-bergheim\/files\/2018\/04\/DSC09702.jpg?resize=150%2C100&amp;ssl=1 150w, https:\/\/i0.wp.com\/unser-quartier.de\/stadt-bergheim\/files\/2018\/04\/DSC09702.jpg?resize=300%2C199&amp;ssl=1 300w, https:\/\/i0.wp.com\/unser-quartier.de\/stadt-bergheim\/files\/2018\/04\/DSC09702.jpg?resize=768%2C510&amp;ssl=1 768w\" width=\"226\" height=\"150\" loading=\"lazy\" data-original-width=\"226\" data-original-height=\"150\" itemprop=\"http:\/\/schema.org\/image\" title=\"DSC09702\" alt=\"Fahrzeug-Abnahme\" style=\"width: 226px; height: 150px;\" \/> <\/a> <div class=\"tiled-gallery-caption\" itemprop=\"caption description\"> Fahrzeug-Abnahme <\/div> <\/div> <div class=\"tiled-gallery-item tiled-gallery-item-small\" itemprop=\"associatedMedia\" itemscope itemtype=\"http:\/\/schema.org\/ImageObject\"> <a href=\"https:\/\/unser-quartier.de\/stadt-bergheim\/2018\/04\/landschaft-mit-baumaffen\/dsc09703\/\" border=\"0\" itemprop=\"url\"> <meta itemprop=\"width\" content=\"226\"> <meta itemprop=\"height\" content=\"150\"> <img decoding=\"async\" class=\"\" data-attachment-id=\"21685\" data-orig-file=\"https:\/\/unser-quartier.de\/stadt-bergheim\/files\/2018\/04\/DSC09703.jpg\" data-orig-size=\"1024,680\" data-comments-opened=\"\" data-image-meta=\"{&quot;aperture&quot;:&quot;0&quot;,&quot;credit&quot;:&quot;&quot;,&quot;camera&quot;:&quot;&quot;,&quot;caption&quot;:&quot;&quot;,&quot;created_timestamp&quot;:&quot;0&quot;,&quot;copyright&quot;:&quot;&quot;,&quot;focal_length&quot;:&quot;0&quot;,&quot;iso&quot;:&quot;0&quot;,&quot;shutter_speed&quot;:&quot;0&quot;,&quot;title&quot;:&quot;&quot;,&quot;orientation&quot;:&quot;0&quot;}\" data-image-title=\"DSC09703\" data-image-description=\"\" data-medium-file=\"https:\/\/i0.wp.com\/unser-quartier.de\/stadt-bergheim\/files\/2018\/04\/DSC09703.jpg?fit=300%2C199&#038;ssl=1\" data-large-file=\"https:\/\/i0.wp.com\/unser-quartier.de\/stadt-bergheim\/files\/2018\/04\/DSC09703.jpg?fit=770%2C511&#038;ssl=1\" src=\"https:\/\/i0.wp.com\/unser-quartier.de\/stadt-bergheim\/files\/2018\/04\/DSC09703.jpg?w=226&#038;h=150&#038;ssl=1\" srcset=\"https:\/\/i0.wp.com\/unser-quartier.de\/stadt-bergheim\/files\/2018\/04\/DSC09703.jpg?w=1024&amp;ssl=1 1024w, https:\/\/i0.wp.com\/unser-quartier.de\/stadt-bergheim\/files\/2018\/04\/DSC09703.jpg?resize=150%2C100&amp;ssl=1 150w, https:\/\/i0.wp.com\/unser-quartier.de\/stadt-bergheim\/files\/2018\/04\/DSC09703.jpg?resize=300%2C199&amp;ssl=1 300w, https:\/\/i0.wp.com\/unser-quartier.de\/stadt-bergheim\/files\/2018\/04\/DSC09703.jpg?resize=768%2C510&amp;ssl=1 768w\" width=\"226\" height=\"150\" loading=\"lazy\" data-original-width=\"226\" data-original-height=\"150\" itemprop=\"http:\/\/schema.org\/image\" title=\"DSC09703\" alt=\"Alter Ford\" style=\"width: 226px; height: 150px;\" \/> <\/a> <div class=\"tiled-gallery-caption\" itemprop=\"caption description\"> Alter Ford <\/div> <\/div> <\/div> <!-- close group --> <\/div> <!-- close row --> <div class=\"gallery-row\" style=\"width: 770px; height: 578px;\" data-original-width=\"770\" data-original-height=\"578\" > <div class=\"gallery-group images-1\" style=\"width: 385px; height: 578px;\" data-original-width=\"385\" data-original-height=\"578\" > <div class=\"tiled-gallery-item tiled-gallery-item-large\" itemprop=\"associatedMedia\" itemscope itemtype=\"http:\/\/schema.org\/ImageObject\"> <a href=\"https:\/\/unser-quartier.de\/stadt-bergheim\/2018\/04\/landschaft-mit-baumaffen\/dsc09704\/\" border=\"0\" itemprop=\"url\"> <meta itemprop=\"width\" content=\"381\"> <meta itemprop=\"height\" content=\"574\"> <img decoding=\"async\" class=\"\" data-attachment-id=\"21686\" data-orig-file=\"https:\/\/unser-quartier.de\/stadt-bergheim\/files\/2018\/04\/DSC09704.jpg\" data-orig-size=\"680,1024\" data-comments-opened=\"\" data-image-meta=\"{&quot;aperture&quot;:&quot;0&quot;,&quot;credit&quot;:&quot;&quot;,&quot;camera&quot;:&quot;&quot;,&quot;caption&quot;:&quot;&quot;,&quot;created_timestamp&quot;:&quot;0&quot;,&quot;copyright&quot;:&quot;&quot;,&quot;focal_length&quot;:&quot;0&quot;,&quot;iso&quot;:&quot;0&quot;,&quot;shutter_speed&quot;:&quot;0&quot;,&quot;title&quot;:&quot;&quot;,&quot;orientation&quot;:&quot;0&quot;}\" data-image-title=\"DSC09704\" data-image-description=\"\" data-medium-file=\"https:\/\/i0.wp.com\/unser-quartier.de\/stadt-bergheim\/files\/2018\/04\/DSC09704.jpg?fit=199%2C300&#038;ssl=1\" data-large-file=\"https:\/\/i0.wp.com\/unser-quartier.de\/stadt-bergheim\/files\/2018\/04\/DSC09704.jpg?fit=680%2C1024&#038;ssl=1\" src=\"https:\/\/i0.wp.com\/unser-quartier.de\/stadt-bergheim\/files\/2018\/04\/DSC09704.jpg?w=381&#038;h=574&#038;ssl=1\" srcset=\"https:\/\/i0.wp.com\/unser-quartier.de\/stadt-bergheim\/files\/2018\/04\/DSC09704.jpg?w=680&amp;ssl=1 680w, https:\/\/i0.wp.com\/unser-quartier.de\/stadt-bergheim\/files\/2018\/04\/DSC09704.jpg?resize=100%2C150&amp;ssl=1 100w, https:\/\/i0.wp.com\/unser-quartier.de\/stadt-bergheim\/files\/2018\/04\/DSC09704.jpg?resize=199%2C300&amp;ssl=1 199w\" width=\"381\" height=\"574\" loading=\"lazy\" data-original-width=\"381\" data-original-height=\"574\" itemprop=\"http:\/\/schema.org\/image\" title=\"DSC09704\" alt=\"Auf zur 7. Tour die Fl\u00f6nz\" style=\"width: 381px; height: 574px;\" \/> <\/a> <div class=\"tiled-gallery-caption\" itemprop=\"caption description\"> Auf zur 7. Tour die Fl\u00f6nz <\/div> <\/div> <\/div> <!-- close group --> <div class=\"gallery-group images-1\" style=\"width: 385px; height: 578px;\" data-original-width=\"385\" data-original-height=\"578\" > <div class=\"tiled-gallery-item tiled-gallery-item-large\" itemprop=\"associatedMedia\" itemscope itemtype=\"http:\/\/schema.org\/ImageObject\"> <a href=\"https:\/\/unser-quartier.de\/stadt-bergheim\/2018\/04\/landschaft-mit-baumaffen\/dsc09714\/\" border=\"0\" itemprop=\"url\"> <meta itemprop=\"width\" content=\"381\"> <meta itemprop=\"height\" content=\"574\"> <img decoding=\"async\" class=\"\" data-attachment-id=\"21687\" data-orig-file=\"https:\/\/unser-quartier.de\/stadt-bergheim\/files\/2018\/04\/DSC09714.jpg\" data-orig-size=\"680,1024\" data-comments-opened=\"\" data-image-meta=\"{&quot;aperture&quot;:&quot;0&quot;,&quot;credit&quot;:&quot;&quot;,&quot;camera&quot;:&quot;&quot;,&quot;caption&quot;:&quot;&quot;,&quot;created_timestamp&quot;:&quot;0&quot;,&quot;copyright&quot;:&quot;&quot;,&quot;focal_length&quot;:&quot;0&quot;,&quot;iso&quot;:&quot;0&quot;,&quot;shutter_speed&quot;:&quot;0&quot;,&quot;title&quot;:&quot;&quot;,&quot;orientation&quot;:&quot;0&quot;}\" data-image-title=\"DSC09714\" data-image-description=\"\" data-medium-file=\"https:\/\/i0.wp.com\/unser-quartier.de\/stadt-bergheim\/files\/2018\/04\/DSC09714.jpg?fit=199%2C300&#038;ssl=1\" data-large-file=\"https:\/\/i0.wp.com\/unser-quartier.de\/stadt-bergheim\/files\/2018\/04\/DSC09714.jpg?fit=680%2C1024&#038;ssl=1\" src=\"https:\/\/i0.wp.com\/unser-quartier.de\/stadt-bergheim\/files\/2018\/04\/DSC09714.jpg?w=381&#038;h=574&#038;ssl=1\" srcset=\"https:\/\/i0.wp.com\/unser-quartier.de\/stadt-bergheim\/files\/2018\/04\/DSC09714.jpg?w=680&amp;ssl=1 680w, https:\/\/i0.wp.com\/unser-quartier.de\/stadt-bergheim\/files\/2018\/04\/DSC09714.jpg?resize=100%2C150&amp;ssl=1 100w, https:\/\/i0.wp.com\/unser-quartier.de\/stadt-bergheim\/files\/2018\/04\/DSC09714.jpg?resize=199%2C300&amp;ssl=1 199w\" width=\"381\" height=\"574\" loading=\"lazy\" data-original-width=\"381\" data-original-height=\"574\" itemprop=\"http:\/\/schema.org\/image\" title=\"DSC09714\" alt=\"Tr\u00e4ume aus Blech\" style=\"width: 381px; height: 574px;\" \/> <\/a> <div class=\"tiled-gallery-caption\" itemprop=\"caption description\"> Tr\u00e4ume aus Blech <\/div> <\/div> <\/div> <!-- close group --> <\/div> <!-- close row --> <div class=\"gallery-row\" style=\"width: 770px; height: 172px;\" data-original-width=\"770\" data-original-height=\"172\" > <div class=\"gallery-group images-1\" style=\"width: 257px; height: 172px;\" data-original-width=\"257\" data-original-height=\"172\" > <div class=\"tiled-gallery-item tiled-gallery-item-large\" itemprop=\"associatedMedia\" itemscope itemtype=\"http:\/\/schema.org\/ImageObject\"> <a href=\"https:\/\/unser-quartier.de\/stadt-bergheim\/2018\/04\/landschaft-mit-baumaffen\/dsc09727\/\" border=\"0\" itemprop=\"url\"> <meta itemprop=\"width\" content=\"253\"> <meta itemprop=\"height\" content=\"168\"> <img decoding=\"async\" class=\"\" data-attachment-id=\"21689\" data-orig-file=\"https:\/\/unser-quartier.de\/stadt-bergheim\/files\/2018\/04\/DSC09727.jpg\" data-orig-size=\"1024,680\" data-comments-opened=\"\" data-image-meta=\"{&quot;aperture&quot;:&quot;0&quot;,&quot;credit&quot;:&quot;&quot;,&quot;camera&quot;:&quot;&quot;,&quot;caption&quot;:&quot;&quot;,&quot;created_timestamp&quot;:&quot;0&quot;,&quot;copyright&quot;:&quot;&quot;,&quot;focal_length&quot;:&quot;0&quot;,&quot;iso&quot;:&quot;0&quot;,&quot;shutter_speed&quot;:&quot;0&quot;,&quot;title&quot;:&quot;&quot;,&quot;orientation&quot;:&quot;0&quot;}\" data-image-title=\"DSC09727\" data-image-description=\"\" data-medium-file=\"https:\/\/i0.wp.com\/unser-quartier.de\/stadt-bergheim\/files\/2018\/04\/DSC09727.jpg?fit=300%2C199&#038;ssl=1\" data-large-file=\"https:\/\/i0.wp.com\/unser-quartier.de\/stadt-bergheim\/files\/2018\/04\/DSC09727.jpg?fit=770%2C511&#038;ssl=1\" src=\"https:\/\/i0.wp.com\/unser-quartier.de\/stadt-bergheim\/files\/2018\/04\/DSC09727.jpg?w=253&#038;h=168&#038;ssl=1\" srcset=\"https:\/\/i0.wp.com\/unser-quartier.de\/stadt-bergheim\/files\/2018\/04\/DSC09727.jpg?w=1024&amp;ssl=1 1024w, https:\/\/i0.wp.com\/unser-quartier.de\/stadt-bergheim\/files\/2018\/04\/DSC09727.jpg?resize=150%2C100&amp;ssl=1 150w, https:\/\/i0.wp.com\/unser-quartier.de\/stadt-bergheim\/files\/2018\/04\/DSC09727.jpg?resize=300%2C199&amp;ssl=1 300w, https:\/\/i0.wp.com\/unser-quartier.de\/stadt-bergheim\/files\/2018\/04\/DSC09727.jpg?resize=768%2C510&amp;ssl=1 768w\" width=\"253\" height=\"168\" loading=\"lazy\" data-original-width=\"253\" data-original-height=\"168\" itemprop=\"http:\/\/schema.org\/image\" title=\"DSC09727\" alt=\"Am Steuer\" style=\"width: 253px; height: 168px;\" \/> <\/a> <div class=\"tiled-gallery-caption\" itemprop=\"caption description\"> Am Steuer <\/div> <\/div> <\/div> <!-- close group --> <div class=\"gallery-group images-1\" style=\"width: 257px; height: 172px;\" data-original-width=\"257\" data-original-height=\"172\" > <div class=\"tiled-gallery-item tiled-gallery-item-large\" itemprop=\"associatedMedia\" itemscope itemtype=\"http:\/\/schema.org\/ImageObject\"> <a href=\"https:\/\/unser-quartier.de\/stadt-bergheim\/2018\/04\/landschaft-mit-baumaffen\/dsc09728\/\" border=\"0\" itemprop=\"url\"> <meta itemprop=\"width\" content=\"253\"> <meta itemprop=\"height\" content=\"168\"> <img decoding=\"async\" class=\"\" data-attachment-id=\"21690\" data-orig-file=\"https:\/\/unser-quartier.de\/stadt-bergheim\/files\/2018\/04\/DSC09728.jpg\" data-orig-size=\"1024,680\" data-comments-opened=\"\" data-image-meta=\"{&quot;aperture&quot;:&quot;0&quot;,&quot;credit&quot;:&quot;&quot;,&quot;camera&quot;:&quot;&quot;,&quot;caption&quot;:&quot;&quot;,&quot;created_timestamp&quot;:&quot;0&quot;,&quot;copyright&quot;:&quot;&quot;,&quot;focal_length&quot;:&quot;0&quot;,&quot;iso&quot;:&quot;0&quot;,&quot;shutter_speed&quot;:&quot;0&quot;,&quot;title&quot;:&quot;&quot;,&quot;orientation&quot;:&quot;0&quot;}\" data-image-title=\"DSC09728\" data-image-description=\"\" data-medium-file=\"https:\/\/i0.wp.com\/unser-quartier.de\/stadt-bergheim\/files\/2018\/04\/DSC09728.jpg?fit=300%2C199&#038;ssl=1\" data-large-file=\"https:\/\/i0.wp.com\/unser-quartier.de\/stadt-bergheim\/files\/2018\/04\/DSC09728.jpg?fit=770%2C511&#038;ssl=1\" src=\"https:\/\/i0.wp.com\/unser-quartier.de\/stadt-bergheim\/files\/2018\/04\/DSC09728.jpg?w=253&#038;h=168&#038;ssl=1\" srcset=\"https:\/\/i0.wp.com\/unser-quartier.de\/stadt-bergheim\/files\/2018\/04\/DSC09728.jpg?w=1024&amp;ssl=1 1024w, https:\/\/i0.wp.com\/unser-quartier.de\/stadt-bergheim\/files\/2018\/04\/DSC09728.jpg?resize=150%2C100&amp;ssl=1 150w, https:\/\/i0.wp.com\/unser-quartier.de\/stadt-bergheim\/files\/2018\/04\/DSC09728.jpg?resize=300%2C199&amp;ssl=1 300w, https:\/\/i0.wp.com\/unser-quartier.de\/stadt-bergheim\/files\/2018\/04\/DSC09728.jpg?resize=768%2C510&amp;ssl=1 768w\" width=\"253\" height=\"168\" loading=\"lazy\" data-original-width=\"253\" data-original-height=\"168\" itemprop=\"http:\/\/schema.org\/image\" title=\"DSC09728\" alt=\"Mein Arbeitsplatz\" style=\"width: 253px; height: 168px;\" \/> <\/a> <div class=\"tiled-gallery-caption\" itemprop=\"caption description\"> Mein Arbeitsplatz <\/div> <\/div> <\/div> <!-- close group --> <div class=\"gallery-group images-1\" style=\"width: 256px; height: 172px;\" data-original-width=\"256\" data-original-height=\"172\" > <div class=\"tiled-gallery-item tiled-gallery-item-large\" itemprop=\"associatedMedia\" itemscope itemtype=\"http:\/\/schema.org\/ImageObject\"> <a href=\"https:\/\/unser-quartier.de\/stadt-bergheim\/2018\/04\/landschaft-mit-baumaffen\/dsc09732\/\" border=\"0\" itemprop=\"url\"> <meta itemprop=\"width\" content=\"252\"> <meta itemprop=\"height\" content=\"168\"> <img decoding=\"async\" class=\"\" data-attachment-id=\"21691\" data-orig-file=\"https:\/\/unser-quartier.de\/stadt-bergheim\/files\/2018\/04\/DSC09732.jpg\" data-orig-size=\"1024,680\" data-comments-opened=\"\" data-image-meta=\"{&quot;aperture&quot;:&quot;0&quot;,&quot;credit&quot;:&quot;&quot;,&quot;camera&quot;:&quot;&quot;,&quot;caption&quot;:&quot;&quot;,&quot;created_timestamp&quot;:&quot;0&quot;,&quot;copyright&quot;:&quot;&quot;,&quot;focal_length&quot;:&quot;0&quot;,&quot;iso&quot;:&quot;0&quot;,&quot;shutter_speed&quot;:&quot;0&quot;,&quot;title&quot;:&quot;&quot;,&quot;orientation&quot;:&quot;0&quot;}\" data-image-title=\"DSC09732\" data-image-description=\"\" data-medium-file=\"https:\/\/i0.wp.com\/unser-quartier.de\/stadt-bergheim\/files\/2018\/04\/DSC09732.jpg?fit=300%2C199&#038;ssl=1\" data-large-file=\"https:\/\/i0.wp.com\/unser-quartier.de\/stadt-bergheim\/files\/2018\/04\/DSC09732.jpg?fit=770%2C511&#038;ssl=1\" src=\"https:\/\/i0.wp.com\/unser-quartier.de\/stadt-bergheim\/files\/2018\/04\/DSC09732.jpg?w=252&#038;h=168&#038;ssl=1\" srcset=\"https:\/\/i0.wp.com\/unser-quartier.de\/stadt-bergheim\/files\/2018\/04\/DSC09732.jpg?w=1024&amp;ssl=1 1024w, https:\/\/i0.wp.com\/unser-quartier.de\/stadt-bergheim\/files\/2018\/04\/DSC09732.jpg?resize=150%2C100&amp;ssl=1 150w, https:\/\/i0.wp.com\/unser-quartier.de\/stadt-bergheim\/files\/2018\/04\/DSC09732.jpg?resize=300%2C199&amp;ssl=1 300w, https:\/\/i0.wp.com\/unser-quartier.de\/stadt-bergheim\/files\/2018\/04\/DSC09732.jpg?resize=768%2C510&amp;ssl=1 768w\" width=\"252\" height=\"168\" loading=\"lazy\" data-original-width=\"252\" data-original-height=\"168\" itemprop=\"http:\/\/schema.org\/image\" title=\"DSC09732\" alt=\"Anlegen am Rhein...\" style=\"width: 252px; height: 168px;\" \/> <\/a> <div class=\"tiled-gallery-caption\" itemprop=\"caption description\"> Anlegen am Rhein&#8230; <\/div> <\/div> <\/div> <!-- close group --> <\/div> <!-- close row --> <div class=\"gallery-row\" style=\"width: 770px; height: 343px;\" data-original-width=\"770\" data-original-height=\"343\" > <div class=\"gallery-group images-1\" style=\"width: 514px; height: 343px;\" data-original-width=\"514\" data-original-height=\"343\" > <div class=\"tiled-gallery-item tiled-gallery-item-large\" itemprop=\"associatedMedia\" itemscope itemtype=\"http:\/\/schema.org\/ImageObject\"> <a href=\"https:\/\/unser-quartier.de\/stadt-bergheim\/2018\/04\/landschaft-mit-baumaffen\/dsc09735\/\" border=\"0\" itemprop=\"url\"> <meta itemprop=\"width\" content=\"510\"> <meta itemprop=\"height\" content=\"339\"> <img decoding=\"async\" class=\"\" data-attachment-id=\"21692\" data-orig-file=\"https:\/\/unser-quartier.de\/stadt-bergheim\/files\/2018\/04\/DSC09735.jpg\" data-orig-size=\"1024,680\" data-comments-opened=\"\" data-image-meta=\"{&quot;aperture&quot;:&quot;0&quot;,&quot;credit&quot;:&quot;&quot;,&quot;camera&quot;:&quot;&quot;,&quot;caption&quot;:&quot;&quot;,&quot;created_timestamp&quot;:&quot;0&quot;,&quot;copyright&quot;:&quot;&quot;,&quot;focal_length&quot;:&quot;0&quot;,&quot;iso&quot;:&quot;0&quot;,&quot;shutter_speed&quot;:&quot;0&quot;,&quot;title&quot;:&quot;&quot;,&quot;orientation&quot;:&quot;0&quot;}\" data-image-title=\"DSC09735\" data-image-description=\"\" data-medium-file=\"https:\/\/i0.wp.com\/unser-quartier.de\/stadt-bergheim\/files\/2018\/04\/DSC09735.jpg?fit=300%2C199&#038;ssl=1\" data-large-file=\"https:\/\/i0.wp.com\/unser-quartier.de\/stadt-bergheim\/files\/2018\/04\/DSC09735.jpg?fit=770%2C511&#038;ssl=1\" src=\"https:\/\/i0.wp.com\/unser-quartier.de\/stadt-bergheim\/files\/2018\/04\/DSC09735.jpg?w=510&#038;h=339&#038;ssl=1\" srcset=\"https:\/\/i0.wp.com\/unser-quartier.de\/stadt-bergheim\/files\/2018\/04\/DSC09735.jpg?w=1024&amp;ssl=1 1024w, https:\/\/i0.wp.com\/unser-quartier.de\/stadt-bergheim\/files\/2018\/04\/DSC09735.jpg?resize=150%2C100&amp;ssl=1 150w, https:\/\/i0.wp.com\/unser-quartier.de\/stadt-bergheim\/files\/2018\/04\/DSC09735.jpg?resize=300%2C199&amp;ssl=1 300w, https:\/\/i0.wp.com\/unser-quartier.de\/stadt-bergheim\/files\/2018\/04\/DSC09735.jpg?resize=768%2C510&amp;ssl=1 768w\" width=\"510\" height=\"339\" loading=\"lazy\" data-original-width=\"510\" data-original-height=\"339\" itemprop=\"http:\/\/schema.org\/image\" title=\"DSC09735\" alt=\"DSC09735\" style=\"width: 510px; height: 339px;\" \/> <\/a> <\/div> <\/div> <!-- close group --> <div class=\"gallery-group images-2\" style=\"width: 256px; height: 343px;\" data-original-width=\"256\" data-original-height=\"343\" > <div class=\"tiled-gallery-item tiled-gallery-item-large\" itemprop=\"associatedMedia\" itemscope itemtype=\"http:\/\/schema.org\/ImageObject\"> <a href=\"https:\/\/unser-quartier.de\/stadt-bergheim\/2018\/04\/landschaft-mit-baumaffen\/dsc09736\/\" border=\"0\" itemprop=\"url\"> <meta itemprop=\"width\" content=\"252\"> <meta itemprop=\"height\" content=\"168\"> <img decoding=\"async\" class=\"\" data-attachment-id=\"21693\" data-orig-file=\"https:\/\/unser-quartier.de\/stadt-bergheim\/files\/2018\/04\/DSC09736.jpg\" data-orig-size=\"1024,680\" data-comments-opened=\"\" data-image-meta=\"{&quot;aperture&quot;:&quot;0&quot;,&quot;credit&quot;:&quot;&quot;,&quot;camera&quot;:&quot;&quot;,&quot;caption&quot;:&quot;&quot;,&quot;created_timestamp&quot;:&quot;0&quot;,&quot;copyright&quot;:&quot;&quot;,&quot;focal_length&quot;:&quot;0&quot;,&quot;iso&quot;:&quot;0&quot;,&quot;shutter_speed&quot;:&quot;0&quot;,&quot;title&quot;:&quot;&quot;,&quot;orientation&quot;:&quot;0&quot;}\" data-image-title=\"DSC09736\" data-image-description=\"\" data-medium-file=\"https:\/\/i0.wp.com\/unser-quartier.de\/stadt-bergheim\/files\/2018\/04\/DSC09736.jpg?fit=300%2C199&#038;ssl=1\" data-large-file=\"https:\/\/i0.wp.com\/unser-quartier.de\/stadt-bergheim\/files\/2018\/04\/DSC09736.jpg?fit=770%2C511&#038;ssl=1\" src=\"https:\/\/i0.wp.com\/unser-quartier.de\/stadt-bergheim\/files\/2018\/04\/DSC09736.jpg?w=252&#038;h=168&#038;ssl=1\" srcset=\"https:\/\/i0.wp.com\/unser-quartier.de\/stadt-bergheim\/files\/2018\/04\/DSC09736.jpg?w=1024&amp;ssl=1 1024w, https:\/\/i0.wp.com\/unser-quartier.de\/stadt-bergheim\/files\/2018\/04\/DSC09736.jpg?resize=150%2C100&amp;ssl=1 150w, https:\/\/i0.wp.com\/unser-quartier.de\/stadt-bergheim\/files\/2018\/04\/DSC09736.jpg?resize=300%2C199&amp;ssl=1 300w, https:\/\/i0.wp.com\/unser-quartier.de\/stadt-bergheim\/files\/2018\/04\/DSC09736.jpg?resize=768%2C510&amp;ssl=1 768w\" width=\"252\" height=\"168\" loading=\"lazy\" data-original-width=\"252\" data-original-height=\"168\" itemprop=\"http:\/\/schema.org\/image\" title=\"DSC09736\" alt=\"Sieger-Typ\" style=\"width: 252px; height: 168px;\" \/> <\/a> <div class=\"tiled-gallery-caption\" itemprop=\"caption description\"> Sieger-Typ <\/div> <\/div> <div class=\"tiled-gallery-item tiled-gallery-item-large\" itemprop=\"associatedMedia\" itemscope itemtype=\"http:\/\/schema.org\/ImageObject\"> <a href=\"https:\/\/unser-quartier.de\/stadt-bergheim\/2018\/04\/landschaft-mit-baumaffen\/dsc09737\/\" border=\"0\" itemprop=\"url\"> <meta itemprop=\"width\" content=\"252\"> <meta itemprop=\"height\" content=\"167\"> <img decoding=\"async\" class=\"\" data-attachment-id=\"21694\" data-orig-file=\"https:\/\/unser-quartier.de\/stadt-bergheim\/files\/2018\/04\/DSC09737.jpg\" data-orig-size=\"1024,680\" data-comments-opened=\"\" data-image-meta=\"{&quot;aperture&quot;:&quot;0&quot;,&quot;credit&quot;:&quot;&quot;,&quot;camera&quot;:&quot;&quot;,&quot;caption&quot;:&quot;&quot;,&quot;created_timestamp&quot;:&quot;0&quot;,&quot;copyright&quot;:&quot;&quot;,&quot;focal_length&quot;:&quot;0&quot;,&quot;iso&quot;:&quot;0&quot;,&quot;shutter_speed&quot;:&quot;0&quot;,&quot;title&quot;:&quot;&quot;,&quot;orientation&quot;:&quot;0&quot;}\" data-image-title=\"DSC09737\" data-image-description=\"\" data-medium-file=\"https:\/\/i0.wp.com\/unser-quartier.de\/stadt-bergheim\/files\/2018\/04\/DSC09737.jpg?fit=300%2C199&#038;ssl=1\" data-large-file=\"https:\/\/i0.wp.com\/unser-quartier.de\/stadt-bergheim\/files\/2018\/04\/DSC09737.jpg?fit=770%2C511&#038;ssl=1\" src=\"https:\/\/i0.wp.com\/unser-quartier.de\/stadt-bergheim\/files\/2018\/04\/DSC09737.jpg?w=252&#038;h=167&#038;ssl=1\" srcset=\"https:\/\/i0.wp.com\/unser-quartier.de\/stadt-bergheim\/files\/2018\/04\/DSC09737.jpg?w=1024&amp;ssl=1 1024w, https:\/\/i0.wp.com\/unser-quartier.de\/stadt-bergheim\/files\/2018\/04\/DSC09737.jpg?resize=150%2C100&amp;ssl=1 150w, https:\/\/i0.wp.com\/unser-quartier.de\/stadt-bergheim\/files\/2018\/04\/DSC09737.jpg?resize=300%2C199&amp;ssl=1 300w, https:\/\/i0.wp.com\/unser-quartier.de\/stadt-bergheim\/files\/2018\/04\/DSC09737.jpg?resize=768%2C510&amp;ssl=1 768w\" width=\"252\" height=\"167\" loading=\"lazy\" data-original-width=\"252\" data-original-height=\"167\" itemprop=\"http:\/\/schema.org\/image\" title=\"DSC09737\" alt=\"Wo geht&#039;s lang?\" style=\"width: 252px; height: 167px;\" \/> <\/a> <div class=\"tiled-gallery-caption\" itemprop=\"caption description\"> Wo geht&#8217;s lang? <\/div> <\/div> <\/div> <!-- close group --> <\/div> <!-- close row --> <div class=\"gallery-row\" style=\"width: 770px; height: 257px;\" data-original-width=\"770\" data-original-height=\"257\" > <div class=\"gallery-group images-1\" style=\"width: 385px; height: 257px;\" data-original-width=\"385\" data-original-height=\"257\" > <div class=\"tiled-gallery-item tiled-gallery-item-large\" itemprop=\"associatedMedia\" itemscope itemtype=\"http:\/\/schema.org\/ImageObject\"> <a href=\"https:\/\/unser-quartier.de\/stadt-bergheim\/2018\/04\/landschaft-mit-baumaffen\/dsc09739\/\" border=\"0\" itemprop=\"url\"> <meta itemprop=\"width\" content=\"381\"> <meta itemprop=\"height\" content=\"253\"> <img decoding=\"async\" class=\"\" data-attachment-id=\"21695\" data-orig-file=\"https:\/\/unser-quartier.de\/stadt-bergheim\/files\/2018\/04\/DSC09739.jpg\" data-orig-size=\"1024,680\" data-comments-opened=\"\" data-image-meta=\"{&quot;aperture&quot;:&quot;0&quot;,&quot;credit&quot;:&quot;&quot;,&quot;camera&quot;:&quot;&quot;,&quot;caption&quot;:&quot;&quot;,&quot;created_timestamp&quot;:&quot;0&quot;,&quot;copyright&quot;:&quot;&quot;,&quot;focal_length&quot;:&quot;0&quot;,&quot;iso&quot;:&quot;0&quot;,&quot;shutter_speed&quot;:&quot;0&quot;,&quot;title&quot;:&quot;&quot;,&quot;orientation&quot;:&quot;0&quot;}\" data-image-title=\"DSC09739\" data-image-description=\"\" data-medium-file=\"https:\/\/i0.wp.com\/unser-quartier.de\/stadt-bergheim\/files\/2018\/04\/DSC09739.jpg?fit=300%2C199&#038;ssl=1\" data-large-file=\"https:\/\/i0.wp.com\/unser-quartier.de\/stadt-bergheim\/files\/2018\/04\/DSC09739.jpg?fit=770%2C511&#038;ssl=1\" src=\"https:\/\/i0.wp.com\/unser-quartier.de\/stadt-bergheim\/files\/2018\/04\/DSC09739.jpg?w=381&#038;h=253&#038;ssl=1\" srcset=\"https:\/\/i0.wp.com\/unser-quartier.de\/stadt-bergheim\/files\/2018\/04\/DSC09739.jpg?w=1024&amp;ssl=1 1024w, https:\/\/i0.wp.com\/unser-quartier.de\/stadt-bergheim\/files\/2018\/04\/DSC09739.jpg?resize=150%2C100&amp;ssl=1 150w, https:\/\/i0.wp.com\/unser-quartier.de\/stadt-bergheim\/files\/2018\/04\/DSC09739.jpg?resize=300%2C199&amp;ssl=1 300w, https:\/\/i0.wp.com\/unser-quartier.de\/stadt-bergheim\/files\/2018\/04\/DSC09739.jpg?resize=768%2C510&amp;ssl=1 768w\" width=\"381\" height=\"253\" loading=\"lazy\" data-original-width=\"381\" data-original-height=\"253\" itemprop=\"http:\/\/schema.org\/image\" title=\"DSC09739\" alt=\"Am Kraftwerk\" style=\"width: 381px; height: 253px;\" \/> <\/a> <div class=\"tiled-gallery-caption\" itemprop=\"caption description\"> Am Kraftwerk <\/div> <\/div> <\/div> <!-- close group --> <div class=\"gallery-group images-1\" style=\"width: 385px; height: 257px;\" data-original-width=\"385\" data-original-height=\"257\" > <div class=\"tiled-gallery-item tiled-gallery-item-large\" itemprop=\"associatedMedia\" itemscope itemtype=\"http:\/\/schema.org\/ImageObject\"> <a href=\"https:\/\/unser-quartier.de\/stadt-bergheim\/2018\/04\/landschaft-mit-baumaffen\/dsc09741\/\" border=\"0\" itemprop=\"url\"> <meta itemprop=\"width\" content=\"381\"> <meta itemprop=\"height\" content=\"253\"> <img decoding=\"async\" class=\"\" data-attachment-id=\"21696\" data-orig-file=\"https:\/\/unser-quartier.de\/stadt-bergheim\/files\/2018\/04\/DSC09741.jpg\" data-orig-size=\"1024,680\" data-comments-opened=\"\" data-image-meta=\"{&quot;aperture&quot;:&quot;0&quot;,&quot;credit&quot;:&quot;&quot;,&quot;camera&quot;:&quot;&quot;,&quot;caption&quot;:&quot;&quot;,&quot;created_timestamp&quot;:&quot;0&quot;,&quot;copyright&quot;:&quot;&quot;,&quot;focal_length&quot;:&quot;0&quot;,&quot;iso&quot;:&quot;0&quot;,&quot;shutter_speed&quot;:&quot;0&quot;,&quot;title&quot;:&quot;&quot;,&quot;orientation&quot;:&quot;0&quot;}\" data-image-title=\"DSC09741\" data-image-description=\"\" data-medium-file=\"https:\/\/i0.wp.com\/unser-quartier.de\/stadt-bergheim\/files\/2018\/04\/DSC09741.jpg?fit=300%2C199&#038;ssl=1\" data-large-file=\"https:\/\/i0.wp.com\/unser-quartier.de\/stadt-bergheim\/files\/2018\/04\/DSC09741.jpg?fit=770%2C511&#038;ssl=1\" src=\"https:\/\/i0.wp.com\/unser-quartier.de\/stadt-bergheim\/files\/2018\/04\/DSC09741.jpg?w=381&#038;h=253&#038;ssl=1\" srcset=\"https:\/\/i0.wp.com\/unser-quartier.de\/stadt-bergheim\/files\/2018\/04\/DSC09741.jpg?w=1024&amp;ssl=1 1024w, https:\/\/i0.wp.com\/unser-quartier.de\/stadt-bergheim\/files\/2018\/04\/DSC09741.jpg?resize=150%2C100&amp;ssl=1 150w, https:\/\/i0.wp.com\/unser-quartier.de\/stadt-bergheim\/files\/2018\/04\/DSC09741.jpg?resize=300%2C199&amp;ssl=1 300w, https:\/\/i0.wp.com\/unser-quartier.de\/stadt-bergheim\/files\/2018\/04\/DSC09741.jpg?resize=768%2C510&amp;ssl=1 768w\" width=\"381\" height=\"253\" loading=\"lazy\" data-original-width=\"381\" data-original-height=\"253\" itemprop=\"http:\/\/schema.org\/image\" title=\"DSC09741\" alt=\"Fahrzeug-Parade\" style=\"width: 381px; height: 253px;\" \/> <\/a> <div class=\"tiled-gallery-caption\" itemprop=\"caption description\"> Fahrzeug-Parade <\/div> <\/div> <\/div> <!-- close group --> <\/div> <!-- close row --> <\/div>\n<p><strong>Rhein-Chemie-Geschichte-Energie<\/strong><\/p>\n<p>Jedes Jahr steht die Tour unter einem anderen Motto &#8211; diesmal war es eine &#8220;Reise durch&#8217;s Land&#8221;, vorbei am Rhein, an Chemie, Geschichte und Energie. Die Strecke ist streng geheim &#8211; jedes Team erh\u00e4lt ein Roadbook, das auch im Zeitalter der Navis aus vielen Seiten Papier\u00a0 besteht. &#8220;Chinesenzeichen&#8221; weisen minuti\u00f6s den Weg &#8211; kryptische Punkte, Pfeile und Schilder mit genauen Kilometerangaben. Bei dieser Ralley geht es nicht um Geschwindigkeit, sondern darum die Landschaft zu genie\u00dfen, kleine Fahr-Aufgaben und R\u00e4tsel zu l\u00f6sen, verschiedene auf Fotos versteckte Gegenst\u00e4nde zu finden und die sogenannten &#8220;Baumaffen&#8221; &#8211; Nummern und Zahlen am Wegesrand. Der Tripmaster (Wegstreckenz\u00e4hler) am Armaturenbrett muss jedesmal gedr\u00fcckt werden, wenn wieder ein Etappenziel erreicht ist. Ganz sch\u00f6ner Stress. Und hier kommt der Beifahrer ins Spiel, der fast noch wichtiger ist als der Fahrer. Der hat nat\u00fcrlich das Steuer in der Hand, aber der Beifahrer sagt, wo&#8217;s lang geht. Das gef\u00e4llt mir!<\/p>\n<p>Von Pulheim ging es \u00fcber versteckte Pfade und Hauptstra\u00dfen Richtung Rhein &#8211; vom Schloss Arff \u00fcber das F\u00e4hr-Haus Piwipp, Zons, Rommerskirchen, Niederau\u00dfem, B\u00fcsdorf und Glessen, wo kurz vor d em Ziel noch mal alle Autos wie auf dem Laufsteg den begeisterten Zuschauern vorgestellt werden. Das Gef\u00fchl, es bis hierhin geschafft zu haben, den Beifall zu genie\u00dfen oder die hochgereckten Daumen, ist einfach unbeschreiblich. Gewonnen haben wir zwar nicht auf unserer Jungfernfahrt, sondern Carsten &amp; Susanne Hacheney mit ihrem Opel Kadett C von 1978, Marcus &amp; Claudia Soujon mit ihrem Mercedes Benz Ponton 220 Cabriolet von 1959 sowie Dr. Ulrich Busch &amp; Henning Rice auf einem Volvo P 1800 A von 1963 &#8211; aber das spielt auch gar keine Rolle. Dabei sein ist alles.<\/p>\n<p>Am Ende winkt sowieso kein Pokal, sondern eine riesige Blutwurst. Jetzt wei\u00df ich auch, dass &#8220;Fl\u00f6nz&#8221; der &#8220;k\u00f6lsche Kaviar&#8221; ist &#8211; die Frage, die ich auf der Tour nicht beantworten konnte. Wann die erste Frau eine Taxi-Lizenz erhalten hat oder die Gurtpflicht eingef\u00fchrt wurde. Dass im Schatten der Kraftwerks-K\u00fchlt\u00fcrme Tomaten und Paprika bestens gedeihen.\u00a0 Oder wie man die Durchschnittsgeschwindigkeit zum Sollzeitfahren errechnent. Wieder was gelernt!<\/p>\n","protected":false},"excerpt":{"rendered":"<p><strong>Das Seniorenportal auf der 7. Tour de Fl\u00f6nz<\/strong><\/p>\n<p>M\u00e4dchen und Ponys sind ja so eine Sache. F\u00fcr mich wurde der Traum wahr, als mein Mann und ich uns vor einem dreiviertel Jahr einen 68er Ford Mustang in Candy-Rot zum Geburtstag geschenkt haben. Ziel war, ihn bis zur traditionellen Tour de Fl\u00f6nz flott zu kriegen, der &hellip; <\/p>\n<p><a class=\"more-link btn\" href=\"https:\/\/unser-quartier.de\/stadt-bergheim\/2018\/04\/landschaft-mit-baumaffen\/\">Weiterlesen<\/a><\/p>\n","protected":false},"author":133,"featured_media":0,"comment_status":"open","ping_status":"open","sticky":false,"template":"","format":"standard","meta":{"_bbp_topic_count":0,"_bbp_reply_count":0,"_bbp_total_topic_count":0,"_bbp_total_reply_count":0,"_bbp_voice_count":0,"_bbp_anonymous_reply_count":0,"_bbp_topic_count_hidden":0,"_bbp_reply_count_hidden":0,"_bbp_forum_subforum_count":0,"jetpack_post_was_ever_published":false,"_jetpack_newsletter_access":"","_jetpack_dont_email_post_to_subs":false,"_jetpack_newsletter_tier_id":0,"_jetpack_memberships_contains_paywalled_content":false,"_jetpack_memberships_contains_paid_content":false,"footnotes":""},"categories":[71],"tags":[],"class_list":["post-21671","post","type-post","status-publish","format-standard","hentry","category-freizeit","item-wrap"],"jetpack_sharing_enabled":true,"jetpack_featured_media_url":"","jetpack_shortlink":"https:\/\/wp.me\/p3vhfJ-5Dx","jetpack_likes_enabled":true,"_links":{"self":[{"href":"https:\/\/unser-quartier.de\/stadt-bergheim\/wp-json\/wp\/v2\/posts\/21671","targetHints":{"allow":["GET"]}}],"collection":[{"href":"https:\/\/unser-quartier.de\/stadt-bergheim\/wp-json\/wp\/v2\/posts"}],"about":[{"href":"https:\/\/unser-quartier.de\/stadt-bergheim\/wp-json\/wp\/v2\/types\/post"}],"author":[{"embeddable":true,"href":"https:\/\/unser-quartier.de\/stadt-bergheim\/wp-json\/wp\/v2\/users\/133"}],"replies":[{"embeddable":true,"href":"https:\/\/unser-quartier.de\/stadt-bergheim\/wp-json\/wp\/v2\/comments?post=21671"}],"version-history":[{"count":0,"href":"https:\/\/unser-quartier.de\/stadt-bergheim\/wp-json\/wp\/v2\/posts\/21671\/revisions"}],"wp:attachment":[{"href":"https:\/\/unser-quartier.de\/stadt-bergheim\/wp-json\/wp\/v2\/media?parent=21671"}],"wp:term":[{"taxonomy":"category","embeddable":true,"href":"https:\/\/unser-quartier.de\/stadt-bergheim\/wp-json\/wp\/v2\/categories?post=21671"},{"taxonomy":"post_tag","embeddable":true,"href":"https:\/\/unser-quartier.de\/stadt-bergheim\/wp-json\/wp\/v2\/tags?post=21671"}],"curies":[{"name":"wp","href":"https:\/\/api.w.org\/{rel}","templated":true}]}}