{"id":21672,"date":"2018-04-02T16:25:42","date_gmt":"2018-04-02T14:25:42","guid":{"rendered":"https:\/\/unser-quartier.de\/stadt-bergheim\/?p=21672"},"modified":"2018-05-01T19:05:56","modified_gmt":"2018-05-01T17:05:56","slug":"nette-begebenheit","status":"publish","type":"post","link":"https:\/\/unser-quartier.de\/stadt-bergheim\/2018\/04\/nette-begebenheit\/","title":{"rendered":"Nette Begebenheit &#8230;"},"content":{"rendered":"<p>&nbsp;<\/p>\n<div class=\"gmail_default\"><span style=\"font-size: 20px\"><a href=\"https:\/\/unser-quartier.de\/stadt-bergheim\/2018\/04\/21672\/4e272e70-ed1e-4cac-8fcd-4e790d5a82ec\/\" rel=\"attachment wp-att-21673\"><img data-recalc-dims=\"1\" loading=\"lazy\" decoding=\"async\" data-attachment-id=\"21673\" data-permalink=\"https:\/\/unser-quartier.de\/stadt-bergheim\/2018\/04\/nette-begebenheit\/4e272e70-ed1e-4cac-8fcd-4e790d5a82ec\/\" data-orig-file=\"https:\/\/i0.wp.com\/unser-quartier.de\/stadt-bergheim\/files\/2018\/04\/4E272E70-ED1E-4CAC-8FCD-4E790D5A82EC.jpg?fit=86%2C86&amp;ssl=1\" data-orig-size=\"86,86\" data-comments-opened=\"0\" data-image-meta=\"{&quot;aperture&quot;:&quot;0&quot;,&quot;credit&quot;:&quot;&quot;,&quot;camera&quot;:&quot;&quot;,&quot;caption&quot;:&quot;&quot;,&quot;created_timestamp&quot;:&quot;0&quot;,&quot;copyright&quot;:&quot;&quot;,&quot;focal_length&quot;:&quot;0&quot;,&quot;iso&quot;:&quot;0&quot;,&quot;shutter_speed&quot;:&quot;0&quot;,&quot;title&quot;:&quot;&quot;,&quot;orientation&quot;:&quot;0&quot;}\" data-image-title=\"4E272E70-ED1E-4CAC-8FCD-4E790D5A82EC\" data-image-description=\"\" data-image-caption=\"\" data-medium-file=\"https:\/\/i0.wp.com\/unser-quartier.de\/stadt-bergheim\/files\/2018\/04\/4E272E70-ED1E-4CAC-8FCD-4E790D5A82EC.jpg?fit=86%2C86&amp;ssl=1\" data-large-file=\"https:\/\/i0.wp.com\/unser-quartier.de\/stadt-bergheim\/files\/2018\/04\/4E272E70-ED1E-4CAC-8FCD-4E790D5A82EC.jpg?fit=86%2C86&amp;ssl=1\" class=\"alignnone size-full wp-image-21673\" src=\"https:\/\/i0.wp.com\/unser-quartier.de\/stadt-bergheim\/files\/2018\/04\/4E272E70-ED1E-4CAC-8FCD-4E790D5A82EC.jpg?resize=86%2C86&#038;ssl=1\" alt=\"\" width=\"86\" height=\"86\" \/><\/a><\/span><\/div>\n<div class=\"gmail_default\"><span style=\"font-size: 20px\">.<\/span><\/div>\n<div class=\"gmail_default\"><span style=\"font-size: 20px\">Gestern war ich eingeladen zum Osterbrunch bei einer guten Freundin, die weiter entfernt wohnt. Endlich konnte ich die Autobahn verlassen, denn es war halb Deutschland unterwegs und der Verkehr floss sehr z\u00e4h. So wollte ich die letzten 20 km \u00fcber die Landstra\u00dfe fahren und auch ein bisschen die sch\u00f6ne Landschaft genie\u00dfen. Im ersten Dorf gibt es tats\u00e4chlich eine Ampel und die zeigt rot. Ich halte hinter einem Mercedes, einem \u00e4lteren Modell. Zuerst bemerkte ich nichts, weil ich noch genervt mit dem Navi besch\u00e4ftigt war. Aber dann schaue ich auf die hintere Ablage und da sa\u00df ein kleiner Dackel, der lustig den Kopf hin und her bewegte.\u00a0<\/span><span style=\"font-size: 20px\">Sofort f\u00fchlte ich mich in eine andere Zeit zur\u00fcck versetzt. Ich erinnerte mich an die Achtziger Jahre, wo diese Wackeldackel zuhauf auf den Hutablagen platziert waren, oft in Begleitung einer liebevoll umh\u00e4kelten Klopapierrolle. Ich habe mich schon damals gefragt, was diese Rollen dahinten sollten&#8230; Jedenfalls der Wackeldackel, der erste nach \u00fcber 30 Jahren, erheiterte mich sehr. Wie hypnotisiert schaute ich auf den Kopf, der sich nun beim Anfahren heftig rauf und runter bewegte. Ich blieb hinter dem Auto und versuchte nicht, es zu \u00fcberholen. Fr\u00f6hlich bewegte sich das K\u00f6pfchen in alle Richtungen, ja manchmal rotierte es sogar. Ich begann zu schmunzeln, dann zu l\u00e4cheln und zuletzt lachte ich sogar laut heraus.\u00a0<\/span><span style=\"font-size: 20px\">Sind solche Situationen nicht einfach k\u00f6stlich?<\/span><\/div>\n<div class=\"gmail_default\"><span style=\"font-size: 20px\">Danke, kleiner Wackeldackel!<\/span><\/div>\n<div class=\"gmail_default\"><span style=\"font-size: 20px\">.<\/span><\/div>\n<div class=\"gmail_default\"><span style=\"font-size: 20px\">von Helga-Agnes Cubitzki<\/span><\/div>\n","protected":false},"excerpt":{"rendered":"<p>&nbsp;<\/p>\n<p> . Gestern war ich eingeladen zum Osterbrunch bei einer guten Freundin, die weiter entfernt wohnt. Endlich konnte ich die Autobahn verlassen, denn es war halb Deutschland unterwegs und der Verkehr floss sehr z\u00e4h. So wollte ich die letzten 20 km \u00fcber die Landstra\u00dfe fahren und auch ein bisschen die sch\u00f6ne Landschaft genie\u00dfen. Im ersten &hellip; <\/p>\n<p><a class=\"more-link btn\" href=\"https:\/\/unser-quartier.de\/stadt-bergheim\/2018\/04\/nette-begebenheit\/\">Weiterlesen<\/a><\/p>\n","protected":false},"author":48,"featured_media":0,"comment_status":"open","ping_status":"open","sticky":false,"template":"","format":"standard","meta":{"_bbp_topic_count":0,"_bbp_reply_count":0,"_bbp_total_topic_count":0,"_bbp_total_reply_count":0,"_bbp_voice_count":0,"_bbp_anonymous_reply_count":0,"_bbp_topic_count_hidden":0,"_bbp_reply_count_hidden":0,"_bbp_forum_subforum_count":0,"jetpack_post_was_ever_published":false,"_jetpack_newsletter_access":"","_jetpack_dont_email_post_to_subs":false,"_jetpack_newsletter_tier_id":0,"_jetpack_memberships_contains_paywalled_content":false,"_jetpack_memberships_contains_paid_content":false,"footnotes":""},"categories":[75],"tags":[],"class_list":["post-21672","post","type-post","status-publish","format-standard","hentry","category-buntes-brett","item-wrap"],"jetpack_sharing_enabled":true,"jetpack_featured_media_url":"","jetpack_shortlink":"https:\/\/wp.me\/p3vhfJ-5Dy","jetpack_likes_enabled":true,"_links":{"self":[{"href":"https:\/\/unser-quartier.de\/stadt-bergheim\/wp-json\/wp\/v2\/posts\/21672","targetHints":{"allow":["GET"]}}],"collection":[{"href":"https:\/\/unser-quartier.de\/stadt-bergheim\/wp-json\/wp\/v2\/posts"}],"about":[{"href":"https:\/\/unser-quartier.de\/stadt-bergheim\/wp-json\/wp\/v2\/types\/post"}],"author":[{"embeddable":true,"href":"https:\/\/unser-quartier.de\/stadt-bergheim\/wp-json\/wp\/v2\/users\/48"}],"replies":[{"embeddable":true,"href":"https:\/\/unser-quartier.de\/stadt-bergheim\/wp-json\/wp\/v2\/comments?post=21672"}],"version-history":[{"count":0,"href":"https:\/\/unser-quartier.de\/stadt-bergheim\/wp-json\/wp\/v2\/posts\/21672\/revisions"}],"wp:attachment":[{"href":"https:\/\/unser-quartier.de\/stadt-bergheim\/wp-json\/wp\/v2\/media?parent=21672"}],"wp:term":[{"taxonomy":"category","embeddable":true,"href":"https:\/\/unser-quartier.de\/stadt-bergheim\/wp-json\/wp\/v2\/categories?post=21672"},{"taxonomy":"post_tag","embeddable":true,"href":"https:\/\/unser-quartier.de\/stadt-bergheim\/wp-json\/wp\/v2\/tags?post=21672"}],"curies":[{"name":"wp","href":"https:\/\/api.w.org\/{rel}","templated":true}]}}