{"id":21704,"date":"2018-04-03T22:10:45","date_gmt":"2018-04-03T20:10:45","guid":{"rendered":"https:\/\/unser-quartier.de\/stadt-bergheim\/?p=21704"},"modified":"2018-05-01T19:05:56","modified_gmt":"2018-05-01T17:05:56","slug":"heimatsprache-pfalz","status":"publish","type":"post","link":"https:\/\/unser-quartier.de\/stadt-bergheim\/2018\/04\/heimatsprache-pfalz\/","title":{"rendered":"Heimatsprache: Saarland"},"content":{"rendered":"<p>Freundin von Ulla Bernard schrieb:<\/p>\n<p>Mei Saarl\u00e4nner Freindin hot merr eewe geschriwwe aach<\/p>\n<p>&nbsp;<\/p>\n<p>Die Sunn bringd&#8217;s an de Daach\u00a0Drau\u00dfe scheint heit die Sunn,\u00a0B\u00e4rlauch unnn Giersch hann ich gefunn,\u00a0die erschde Veilcher hann mich begrie\u00dft,\u00a0es wachst jetzde iwwerall unn sprie\u00dft.\u00a0Bettsaicha unn wilder Schnittlaach entdeckt,\u00a0in der Nadur werd langsam de Disch gedeggd.\u00a0Brennessel unn G\u00e4nsebliemcher,<br \/>\nalles kamma esse\u00a0ich hann jo nit sooo vill Ahnung,\u00a0awwer e bisje w\u00e4\u00e4s ichunn was ich w\u00e4\u00e4s, duun ich nit vergesse.\u00a0Alles wachsd fier umsunschd direkt vor de Dier,\u00a0koschd nix &#8230;saan emol Dankescheen defier.<\/p>\n<p>&nbsp;<\/p>\n<p>H\u00f6rt sich gut an&#8230;<\/p>\n<p>Jetzt \u00dcbersetzung<\/p>\n<p>Die Sonne bringt es an den Tag.<\/p>\n<p>Drau\u00dfen scheint heute die Sonne,<br \/>\nB\u00e4rlauch und Giersch habe ich heute gefunden, die ersten Veilchen haben mich begr\u00fc\u00dft\u00a0es w\u00e4chst jetzt \u00fcberall und sprie\u00dft.<br \/>\nL\u00f6wenzahn und wilden Schnittlauch entdeckt,<br \/>\nin der Natur wird langsam der Tisch gedeckt.<br \/>\nBrenneseln und G\u00e4nsebl\u00fcmchen,<br \/>\nalles kann man essen. \u00a0Ich habe nicht viel Ahnung davon, \u00a0aber ein bisschen wei\u00df ich schon\u00a0und das werde ich auch nicht vergessen.<br \/>\nAlles w\u00e4chst umsonst vor der T\u00fcr,<br \/>\nkostet nichts, sag einmal Dankesch\u00f6n daf\u00fcr.<br \/>\nMK<\/p>\n<p>Dank an<\/p>\n<p>Ulla Bernard<\/p>\n","protected":false},"excerpt":{"rendered":"<p>Freundin von Ulla Bernard schrieb:<\/p>\n<p>Mei Saarl\u00e4nner Freindin hot merr eewe geschriwwe aach<\/p>\n<p>&nbsp;<\/p>\n<p>Die Sunn bringd&#8217;s an de Daach\u00a0Drau\u00dfe scheint heit die Sunn,\u00a0B\u00e4rlauch unnn Giersch hann ich gefunn,\u00a0die erschde Veilcher hann mich begrie\u00dft,\u00a0es wachst jetzde iwwerall unn sprie\u00dft.\u00a0Bettsaicha unn wilder Schnittlaach entdeckt,\u00a0in der Nadur werd langsam de Disch gedeggd.\u00a0Brennessel unn G\u00e4nsebliemcher, alles kamma esse\u00a0ich &hellip; <\/p>\n<p><a class=\"more-link btn\" href=\"https:\/\/unser-quartier.de\/stadt-bergheim\/2018\/04\/heimatsprache-pfalz\/\">Weiterlesen<\/a><\/p>\n","protected":false},"author":48,"featured_media":0,"comment_status":"open","ping_status":"open","sticky":false,"template":"","format":"standard","meta":{"_bbp_topic_count":0,"_bbp_reply_count":0,"_bbp_total_topic_count":0,"_bbp_total_reply_count":0,"_bbp_voice_count":0,"_bbp_anonymous_reply_count":0,"_bbp_topic_count_hidden":0,"_bbp_reply_count_hidden":0,"_bbp_forum_subforum_count":0,"jetpack_post_was_ever_published":false,"_jetpack_newsletter_access":"","_jetpack_dont_email_post_to_subs":false,"_jetpack_newsletter_tier_id":0,"_jetpack_memberships_contains_paywalled_content":false,"_jetpack_memberships_contains_paid_content":false,"footnotes":""},"categories":[75],"tags":[],"class_list":["post-21704","post","type-post","status-publish","format-standard","hentry","category-buntes-brett","item-wrap"],"jetpack_sharing_enabled":true,"jetpack_featured_media_url":"","jetpack_shortlink":"https:\/\/wp.me\/p3vhfJ-5E4","jetpack_likes_enabled":true,"_links":{"self":[{"href":"https:\/\/unser-quartier.de\/stadt-bergheim\/wp-json\/wp\/v2\/posts\/21704","targetHints":{"allow":["GET"]}}],"collection":[{"href":"https:\/\/unser-quartier.de\/stadt-bergheim\/wp-json\/wp\/v2\/posts"}],"about":[{"href":"https:\/\/unser-quartier.de\/stadt-bergheim\/wp-json\/wp\/v2\/types\/post"}],"author":[{"embeddable":true,"href":"https:\/\/unser-quartier.de\/stadt-bergheim\/wp-json\/wp\/v2\/users\/48"}],"replies":[{"embeddable":true,"href":"https:\/\/unser-quartier.de\/stadt-bergheim\/wp-json\/wp\/v2\/comments?post=21704"}],"version-history":[{"count":0,"href":"https:\/\/unser-quartier.de\/stadt-bergheim\/wp-json\/wp\/v2\/posts\/21704\/revisions"}],"wp:attachment":[{"href":"https:\/\/unser-quartier.de\/stadt-bergheim\/wp-json\/wp\/v2\/media?parent=21704"}],"wp:term":[{"taxonomy":"category","embeddable":true,"href":"https:\/\/unser-quartier.de\/stadt-bergheim\/wp-json\/wp\/v2\/categories?post=21704"},{"taxonomy":"post_tag","embeddable":true,"href":"https:\/\/unser-quartier.de\/stadt-bergheim\/wp-json\/wp\/v2\/tags?post=21704"}],"curies":[{"name":"wp","href":"https:\/\/api.w.org\/{rel}","templated":true}]}}