{"id":22303,"date":"2018-04-30T00:01:53","date_gmt":"2018-04-29T22:01:53","guid":{"rendered":"https:\/\/unser-quartier.de\/stadt-bergheim\/?p=22303"},"modified":"2018-05-02T18:52:11","modified_gmt":"2018-05-02T16:52:11","slug":"die-nacht-der-hexen","status":"publish","type":"post","link":"https:\/\/unser-quartier.de\/stadt-bergheim\/2018\/04\/die-nacht-der-hexen\/","title":{"rendered":"Die Nacht der Hexen &#8230;"},"content":{"rendered":"<div><span style=\"font-family: arial, helvetica, sans-serif;font-size: 20px\"><a href=\"https:\/\/unser-quartier.de\/stadt-bergheim\/?attachment_id=22304\" rel=\"attachment wp-att-22304\"><img data-recalc-dims=\"1\" loading=\"lazy\" decoding=\"async\" data-attachment-id=\"22304\" data-permalink=\"https:\/\/unser-quartier.de\/stadt-bergheim\/2018\/04\/die-nacht-der-hexen\/cdd6ecac-4767-4ad3-90aa-988fb39b1d99\/\" data-orig-file=\"https:\/\/i0.wp.com\/unser-quartier.de\/stadt-bergheim\/files\/2018\/04\/CDD6ECAC-4767-4AD3-90AA-988FB39B1D99.jpg?fit=414%2C340&amp;ssl=1\" data-orig-size=\"414,340\" data-comments-opened=\"0\" data-image-meta=\"{&quot;aperture&quot;:&quot;0&quot;,&quot;credit&quot;:&quot;&quot;,&quot;camera&quot;:&quot;&quot;,&quot;caption&quot;:&quot;&quot;,&quot;created_timestamp&quot;:&quot;0&quot;,&quot;copyright&quot;:&quot;&quot;,&quot;focal_length&quot;:&quot;0&quot;,&quot;iso&quot;:&quot;0&quot;,&quot;shutter_speed&quot;:&quot;0&quot;,&quot;title&quot;:&quot;&quot;,&quot;orientation&quot;:&quot;0&quot;}\" data-image-title=\"CDD6ECAC-4767-4AD3-90AA-988FB39B1D99\" data-image-description=\"\" data-image-caption=\"\" data-medium-file=\"https:\/\/i0.wp.com\/unser-quartier.de\/stadt-bergheim\/files\/2018\/04\/CDD6ECAC-4767-4AD3-90AA-988FB39B1D99.jpg?fit=300%2C246&amp;ssl=1\" data-large-file=\"https:\/\/i0.wp.com\/unser-quartier.de\/stadt-bergheim\/files\/2018\/04\/CDD6ECAC-4767-4AD3-90AA-988FB39B1D99.jpg?fit=414%2C340&amp;ssl=1\" class=\"alignnone size-full wp-image-22304\" src=\"https:\/\/i0.wp.com\/unser-quartier.de\/stadt-bergheim\/files\/2018\/04\/CDD6ECAC-4767-4AD3-90AA-988FB39B1D99.jpg?resize=414%2C340&#038;ssl=1\" alt=\"\" width=\"414\" height=\"340\" srcset=\"https:\/\/i0.wp.com\/unser-quartier.de\/stadt-bergheim\/files\/2018\/04\/CDD6ECAC-4767-4AD3-90AA-988FB39B1D99.jpg?w=414&amp;ssl=1 414w, https:\/\/i0.wp.com\/unser-quartier.de\/stadt-bergheim\/files\/2018\/04\/CDD6ECAC-4767-4AD3-90AA-988FB39B1D99.jpg?resize=150%2C123&amp;ssl=1 150w, https:\/\/i0.wp.com\/unser-quartier.de\/stadt-bergheim\/files\/2018\/04\/CDD6ECAC-4767-4AD3-90AA-988FB39B1D99.jpg?resize=300%2C246&amp;ssl=1 300w\" sizes=\"auto, (max-width: 414px) 100vw, 414px\" \/><\/a><\/span><\/div>\n<div><span style=\"font-family: arial, helvetica, sans-serif;font-size: 20px\">\u00a0<\/span><\/div>\n<div><span style=\"font-family: arial, helvetica, sans-serif;font-size: 20px\">Hexenmond, der Vollmond vor oder zur Walpurgisnacht wird auch der Hexenmond genannt, denn dies ist ihre Nacht. Die Walpugisnacht ist immer die Nacht zum 1.Mai und dieses Jahr wird es besonders magisch, schlie\u00dflich ist ein Vollmond an diesem Termin nur ca. alle 19 Jahre.\u00a0Hoffen wir auf einen klaren Himmel.<\/span><\/div>\n<div><span style=\"font-family: arial, helvetica, sans-serif;font-size: 20px\">\u00a0<\/span><\/div>\n<div><span style=\"font-size: 20px;font-family: arial, helvetica, sans-serif\">Es ist die Nacht der Hexen. Es ist eines jener heidnischen Feste, welche die Schleier zwischen den Welten aufl\u00f6st, ein Fest wo die Anderswelt auf unsere Ebene trifft. Da die Wesen der Anderswelt durch unsere Landen ziehen, ist es angebracht Opfergaben wie Brot und Wein vor die T\u00fcr zu stellen.<\/span><\/div>\n<div><span style=\"font-family: arial, helvetica, sans-serif;font-size: 20px\">\u00a0<\/span><\/div>\n<div><span style=\"font-size: 20px;font-family: arial, helvetica, sans-serif\">Ein Fest voller Magie und Wunder.\u00a0<\/span><\/div>\n<div><span style=\"font-family: arial, helvetica, sans-serif;font-size: 20px\">\u00a0<\/span><\/div>\n<div><span style=\"font-size: 20px;font-family: arial, helvetica, sans-serif\">Freudenfeuer werden entfacht und die Fruchtbarkeit wird gefeiert.<\/span><\/div>\n<div><span style=\"font-family: arial, helvetica, sans-serif;font-size: 20px\">\u00a0<\/span><\/div>\n<div><span style=\"font-size: 20px;font-family: arial, helvetica, sans-serif\">Der geh\u00f6rnte Sonnengott ist zum jungen Mann herangereift und befruchtet die Mutter Erde, die Ur-G\u00f6ttin. Sie zeugen die Inkarnation des bald sterbenden Gottes.\u00a0<\/span><\/div>\n<div><span style=\"font-family: arial, helvetica, sans-serif;font-size: 20px\">\u00a0<\/span><\/div>\n<div><span style=\"font-family: arial, helvetica, sans-serif;font-size: 20px\">Wer zu dieser Zeit gemeinsam \u00fcber das Feuer sprang, der galt als verlobt. Die jungen M\u00e4nner und Frauen verbrachten die Nacht gemeinsam im Wald und auf den Wiesen, bis der Morgen erwachte. Dann kehrten sie in ihre D\u00f6rfer zur\u00fcck und schm\u00fcckten diese mit ihren gesammelten Blumen.<\/span><\/div>\n<div><span style=\"font-family: arial, helvetica, sans-serif;font-size: 20px\">\u00a0<\/span><\/div>\n<div><span style=\"font-family: arial, helvetica, sans-serif;font-size: 20px\">Wasser galt in dieser Zeit als besonders heilig. Die Jungfrauen wuschen ihre Gesichter mit dem Morgentau. Die Magier, Hexen und HeilerInnen sammelten Tau-, Fluss- und Meerwasser f\u00fcr das kommende Jahr. Mit diesem mischten sie ihre heilenden Medikamente.<\/span><\/div>\n<div><span style=\"font-family: arial, helvetica, sans-serif;font-size: 20px\">.<\/span><\/div>\n<div><span style=\"font-family: arial, helvetica, sans-serif;font-size: 20px\">von Helga-Agnes Cubitzki<\/span><\/div>\n<div><span style=\"font-family: arial, helvetica, sans-serif;font-size: 20px\">\u00a0<\/span><\/div>\n","protected":false},"excerpt":{"rendered":"<p>\u00a0 Hexenmond, der Vollmond vor oder zur Walpurgisnacht wird auch der Hexenmond genannt, denn dies ist ihre Nacht. Die Walpugisnacht ist immer die Nacht zum 1.Mai und dieses Jahr wird es besonders magisch, schlie\u00dflich ist ein Vollmond an diesem Termin nur ca. alle 19 Jahre.\u00a0Hoffen wir auf einen klaren Himmel. \u00a0 Es ist die Nacht &hellip; <\/p>\n<p><a class=\"more-link btn\" href=\"https:\/\/unser-quartier.de\/stadt-bergheim\/2018\/04\/die-nacht-der-hexen\/\">Weiterlesen<\/a><\/p>\n","protected":false},"author":48,"featured_media":0,"comment_status":"open","ping_status":"closed","sticky":false,"template":"","format":"standard","meta":{"_bbp_topic_count":0,"_bbp_reply_count":0,"_bbp_total_topic_count":0,"_bbp_total_reply_count":0,"_bbp_voice_count":0,"_bbp_anonymous_reply_count":0,"_bbp_topic_count_hidden":0,"_bbp_reply_count_hidden":0,"_bbp_forum_subforum_count":0,"jetpack_post_was_ever_published":false,"_jetpack_newsletter_access":"","_jetpack_dont_email_post_to_subs":false,"_jetpack_newsletter_tier_id":0,"_jetpack_memberships_contains_paywalled_content":false,"_jetpack_memberships_contains_paid_content":false,"footnotes":""},"categories":[75],"tags":[],"class_list":["post-22303","post","type-post","status-publish","format-standard","hentry","category-buntes-brett","item-wrap"],"jetpack_sharing_enabled":true,"jetpack_featured_media_url":"","jetpack_shortlink":"https:\/\/wp.me\/p3vhfJ-5NJ","jetpack_likes_enabled":true,"_links":{"self":[{"href":"https:\/\/unser-quartier.de\/stadt-bergheim\/wp-json\/wp\/v2\/posts\/22303","targetHints":{"allow":["GET"]}}],"collection":[{"href":"https:\/\/unser-quartier.de\/stadt-bergheim\/wp-json\/wp\/v2\/posts"}],"about":[{"href":"https:\/\/unser-quartier.de\/stadt-bergheim\/wp-json\/wp\/v2\/types\/post"}],"author":[{"embeddable":true,"href":"https:\/\/unser-quartier.de\/stadt-bergheim\/wp-json\/wp\/v2\/users\/48"}],"replies":[{"embeddable":true,"href":"https:\/\/unser-quartier.de\/stadt-bergheim\/wp-json\/wp\/v2\/comments?post=22303"}],"version-history":[{"count":0,"href":"https:\/\/unser-quartier.de\/stadt-bergheim\/wp-json\/wp\/v2\/posts\/22303\/revisions"}],"wp:attachment":[{"href":"https:\/\/unser-quartier.de\/stadt-bergheim\/wp-json\/wp\/v2\/media?parent=22303"}],"wp:term":[{"taxonomy":"category","embeddable":true,"href":"https:\/\/unser-quartier.de\/stadt-bergheim\/wp-json\/wp\/v2\/categories?post=22303"},{"taxonomy":"post_tag","embeddable":true,"href":"https:\/\/unser-quartier.de\/stadt-bergheim\/wp-json\/wp\/v2\/tags?post=22303"}],"curies":[{"name":"wp","href":"https:\/\/api.w.org\/{rel}","templated":true}]}}