{"id":22543,"date":"2018-05-11T00:01:01","date_gmt":"2018-05-10T22:01:01","guid":{"rendered":"https:\/\/unser-quartier.de\/stadt-bergheim\/?p=22543"},"modified":"2018-05-11T01:50:20","modified_gmt":"2018-05-10T23:50:20","slug":"aus-der-mode-gekommen","status":"publish","type":"post","link":"https:\/\/unser-quartier.de\/stadt-bergheim\/2018\/05\/aus-der-mode-gekommen\/","title":{"rendered":"Aus der Mode gekommen?"},"content":{"rendered":"<div class=\"gmail_default\"><span style=\"font-family: arial, helvetica, sans-serif;font-size: 20px\">Die guten deutschen Tugenden sind etwas in Vergessenheit geraten, habe ich manchmal das Gef\u00fchl.\u00a0Pflichtbewusstsein, Flei\u00df und P\u00fcnktlichkeit.<\/span><\/div>\n<div class=\"gmail_default\"><span style=\"font-family: arial, helvetica, sans-serif;font-size: 20px\">.<\/span><\/div>\n<div class=\"gmail_default\"><span style=\"font-family: arial, helvetica, sans-serif;font-size: 20px\">Dabei sollten solche Tugenden nie ein angestaubtes Image bekommen!\u00a0<\/span><span style=\"font-family: arial, helvetica, sans-serif;font-size: 20px\">Wie angenehm f\u00e4llt es uns auf, wenn wir z. B.\u00a0 auf einen Handwerker sto\u00dfen, der uns nicht ewig h\u00e4ngen l\u00e4sst, keine \u00fcberteuerte Rechnung ausstellt und dessen Arbeit kein Fusch ist.\u00a0Und je mehr Menschen meinen, diese Tugenden k\u00f6nne man ruhig vernachl\u00e4ssigen, desto positiver f\u00e4llt derjenige auf, auf den man sich verlassen kann&#8230;. der eine Aufgabe zu dem Termin erledigt, den er versprochen hat. Oder ein Mensch, der auch mal unentgeltlich eine Hilfe leistet. Oder ein Angestellter, der nicht einfach krank feiert, wenn er keinen Bock hat.\u00a0<\/span><span style=\"font-family: arial, helvetica, sans-serif;font-size: 20px\">Es kostet vielleicht etwas mehr Energie und Engagement&#8230; aber es macht das Miteinander deutlich sch\u00f6ner.<\/span><\/div>\n<div class=\"gmail_default\"><span style=\"font-family: arial, helvetica, sans-serif;font-size: 20px\">.<\/span><\/div>\n<div class=\"gmail_default\"><span style=\"font-family: arial, helvetica, sans-serif;font-size: 20px\">von Helga-Agnes Cubitzki<\/span><\/div>\n","protected":false},"excerpt":{"rendered":"<p>Die guten deutschen Tugenden sind etwas in Vergessenheit geraten, habe ich manchmal das Gef\u00fchl.\u00a0Pflichtbewusstsein, Flei\u00df und P\u00fcnktlichkeit. . Dabei sollten solche Tugenden nie ein angestaubtes Image bekommen!\u00a0Wie angenehm f\u00e4llt es uns auf, wenn wir z. B.\u00a0 auf einen Handwerker sto\u00dfen, der uns nicht ewig h\u00e4ngen l\u00e4sst, keine \u00fcberteuerte Rechnung ausstellt und dessen Arbeit kein Fusch &hellip; <\/p>\n<p><a class=\"more-link btn\" href=\"https:\/\/unser-quartier.de\/stadt-bergheim\/2018\/05\/aus-der-mode-gekommen\/\">Weiterlesen<\/a><\/p>\n","protected":false},"author":48,"featured_media":0,"comment_status":"closed","ping_status":"closed","sticky":false,"template":"","format":"standard","meta":{"_bbp_topic_count":0,"_bbp_reply_count":0,"_bbp_total_topic_count":0,"_bbp_total_reply_count":0,"_bbp_voice_count":0,"_bbp_anonymous_reply_count":0,"_bbp_topic_count_hidden":0,"_bbp_reply_count_hidden":0,"_bbp_forum_subforum_count":0,"jetpack_post_was_ever_published":false,"_jetpack_newsletter_access":"","_jetpack_dont_email_post_to_subs":false,"_jetpack_newsletter_tier_id":0,"_jetpack_memberships_contains_paywalled_content":false,"_jetpack_memberships_contains_paid_content":false,"footnotes":""},"categories":[58],"tags":[],"class_list":["post-22543","post","type-post","status-publish","format-standard","hentry","category-alltagshilfen","item-wrap"],"jetpack_sharing_enabled":true,"jetpack_featured_media_url":"","jetpack_shortlink":"https:\/\/wp.me\/p3vhfJ-5RB","jetpack_likes_enabled":true,"_links":{"self":[{"href":"https:\/\/unser-quartier.de\/stadt-bergheim\/wp-json\/wp\/v2\/posts\/22543","targetHints":{"allow":["GET"]}}],"collection":[{"href":"https:\/\/unser-quartier.de\/stadt-bergheim\/wp-json\/wp\/v2\/posts"}],"about":[{"href":"https:\/\/unser-quartier.de\/stadt-bergheim\/wp-json\/wp\/v2\/types\/post"}],"author":[{"embeddable":true,"href":"https:\/\/unser-quartier.de\/stadt-bergheim\/wp-json\/wp\/v2\/users\/48"}],"replies":[{"embeddable":true,"href":"https:\/\/unser-quartier.de\/stadt-bergheim\/wp-json\/wp\/v2\/comments?post=22543"}],"version-history":[{"count":0,"href":"https:\/\/unser-quartier.de\/stadt-bergheim\/wp-json\/wp\/v2\/posts\/22543\/revisions"}],"wp:attachment":[{"href":"https:\/\/unser-quartier.de\/stadt-bergheim\/wp-json\/wp\/v2\/media?parent=22543"}],"wp:term":[{"taxonomy":"category","embeddable":true,"href":"https:\/\/unser-quartier.de\/stadt-bergheim\/wp-json\/wp\/v2\/categories?post=22543"},{"taxonomy":"post_tag","embeddable":true,"href":"https:\/\/unser-quartier.de\/stadt-bergheim\/wp-json\/wp\/v2\/tags?post=22543"}],"curies":[{"name":"wp","href":"https:\/\/api.w.org\/{rel}","templated":true}]}}