{"id":22852,"date":"2018-05-30T08:03:16","date_gmt":"2018-05-30T06:03:16","guid":{"rendered":"https:\/\/unser-quartier.de\/stadt-bergheim\/?p=22852"},"modified":"2018-05-29T18:12:09","modified_gmt":"2018-05-29T16:12:09","slug":"herzgeschichten-eine-besondere-begegnung","status":"publish","type":"post","link":"https:\/\/unser-quartier.de\/stadt-bergheim\/2018\/05\/herzgeschichten-eine-besondere-begegnung\/","title":{"rendered":"&#8220;Herzgeschichten&#8221;: Eine besondere Begegnung"},"content":{"rendered":"<p><strong>Von Inge Hoek<\/strong><\/p>\n<p>Es gibt sie , die netten Menschen. Sie erscheinen, wenn man gar nicht mit ihnen rechnet.<\/p>\n<p>Es ist Samstagmittag. Das Treffen mit der H\u00f6rspielgruppe ist beendet. Ich sitze m\u00fcde auf meinem Rollator in der Bahn und sehne mich nach Hause. Die H\u00e4lfte ist schon geschafft.\u00a0 Noch ne viertel Stunde, dann hat die Bahn die letzte Station erreicht. Dort wartet mein Mann und packt mich mit samt meinem Rollator ins Auto. Wir fahren los, machen einen kurzen Stopp in einen Fastfood Restaurant, um den gr\u00f6\u00dften Hunger zu stillen, dann gehts nach Hause.<\/p>\n<p>So l\u00e4ufts normalerweise. Heute ist es anders.<\/p>\n<p>Die Bahn kommt mit einem Ruck zum Stehen. Gl\u00fccklichereise sa\u00df ich, sonst w\u00e4re ich gefallen. Ein Autofahrer hatte die Vorfahrt der Bahn missachtet und Bahn und Auto waren kollidiert. Gl\u00fccklichereise war niemannd verletzt, aber die Bahn konnte so nicht weiterfahren. Also ert\u00f6nt die freundliche Durchsage vom Fahrer: &#8220;Liebe Fahrg\u00e4ste. der Zug kann so nicht weiterfahren. Wir bitten Sie die Bahn zu verlassen und bis zur n\u00e4chsten Haltestlelle zu Fu\u00df weiterzugehen und dort auf die n\u00e4chste Bahn zu warten. Diese wird in K\u00fcrze eintreffen. (Ha Ha :-))<\/p>\n<p>Also noch keinen Feierabend. Kurze SMS an meinen Chauffer, &#8220;Komme sp\u00e4ter wegen eines Unfalls der Stra\u00dfenbahn.&#8221; Also eier ich mit Hilfe einiger Leute mit samt meinem Rollator aus der Stra\u00dfenbahn und bewege mich zum B\u00fcrgersteig. F\u00fcr Leute wie mich, die nicht so gut zu Fu\u00df sind, ist die n\u00e4chste Haltestelle ziemlich weit weg.<\/p>\n<p><strong>Ein Engel ohne Fl\u00fcgel<\/strong><\/p>\n<p>Gerade will ich mich auf den weiten Weg machen und gleichzeitig mein Selbstmitleid genie\u00dfen, als pl\u00f6tzlich ein Engel vor mir steht. Er war nicht gleich als Engel zu erkennen. Kein wei\u00dfes Engelsgewand, keine Engelsfl\u00fcgel, keine blonden L\u00f6ckchen. Mehr ein netter junger Mann, gutaussehend, freundlich l\u00e4chelnd, ungef\u00e4hr so alt wie mein Sohn.<\/p>\n<p>Dieser junge Mann spricht mich an. Er meint, er wohnt gegen\u00fcber und hat beobachtet, was geschehen ist. Sein Auto steht nicht weit weg, er holt es gern und ob er mich denn zu n\u00e4chsten Haltestelle fahren darf. V\u00f6llig \u00fcberrascht nehm ich sein Angebot gern an. Im Auto kram ich nach meinem Portmonnaie. Ich will mich erkenntlich zeigen. Entr\u00fcstet lehnt er ab, sagt &#8220;Gern geschehen&#8221;. Er hilft mir noch aus dem Auto und f\u00e4hrt davon.<\/p>\n<p><em><img data-recalc-dims=\"1\" loading=\"lazy\" decoding=\"async\" data-attachment-id=\"22509\" data-permalink=\"https:\/\/unser-quartier.de\/stadt-bergheim\/2018\/05\/schreiben-wovon-das-herz-voll-ist\/dsc00872\/\" data-orig-file=\"https:\/\/i0.wp.com\/unser-quartier.de\/stadt-bergheim\/files\/2018\/05\/DSC00872.jpg?fit=1024%2C680&amp;ssl=1\" data-orig-size=\"1024,680\" data-comments-opened=\"0\" data-image-meta=\"{&quot;aperture&quot;:&quot;0&quot;,&quot;credit&quot;:&quot;&quot;,&quot;camera&quot;:&quot;&quot;,&quot;caption&quot;:&quot;&quot;,&quot;created_timestamp&quot;:&quot;0&quot;,&quot;copyright&quot;:&quot;&quot;,&quot;focal_length&quot;:&quot;0&quot;,&quot;iso&quot;:&quot;0&quot;,&quot;shutter_speed&quot;:&quot;0&quot;,&quot;title&quot;:&quot;&quot;,&quot;orientation&quot;:&quot;0&quot;}\" data-image-title=\"DSC00872\" data-image-description=\"\" data-image-caption=\"\" data-medium-file=\"https:\/\/i0.wp.com\/unser-quartier.de\/stadt-bergheim\/files\/2018\/05\/DSC00872.jpg?fit=300%2C199&amp;ssl=1\" data-large-file=\"https:\/\/i0.wp.com\/unser-quartier.de\/stadt-bergheim\/files\/2018\/05\/DSC00872.jpg?fit=770%2C511&amp;ssl=1\" class=\"alignleft wp-image-22509 \" src=\"https:\/\/i0.wp.com\/unser-quartier.de\/stadt-bergheim\/files\/2018\/05\/DSC00872.jpg?resize=225%2C149&#038;ssl=1\" alt=\"\" width=\"225\" height=\"149\" srcset=\"https:\/\/i0.wp.com\/unser-quartier.de\/stadt-bergheim\/files\/2018\/05\/DSC00872.jpg?resize=300%2C199&amp;ssl=1 300w, https:\/\/i0.wp.com\/unser-quartier.de\/stadt-bergheim\/files\/2018\/05\/DSC00872.jpg?resize=150%2C100&amp;ssl=1 150w, https:\/\/i0.wp.com\/unser-quartier.de\/stadt-bergheim\/files\/2018\/05\/DSC00872.jpg?resize=768%2C510&amp;ssl=1 768w, https:\/\/i0.wp.com\/unser-quartier.de\/stadt-bergheim\/files\/2018\/05\/DSC00872.jpg?w=1024&amp;ssl=1 1024w\" sizes=\"auto, (max-width: 225px) 100vw, 225px\" \/>Der Text ist enstanden im Rahmen des <strong>\u201eHerzgeschichten\u201c-Workshops,<\/strong> einem interkulturellen Projekt des Integrationsb\u00fcros der Kreisstadt Bergheim und der Fachstelle \u00c4lterwerden. Unter der Leitung von Literatur-Expertin Claudia Bambach entwickelten die Autoren an f\u00fcnf Donnerstagen im M\u00e4rz und April 2018 ihre Geschichten und trafen sich am 5. Mai 2018 dann das erste Mal zum Austausch und Kennenlernen. <\/em><\/p>\n<p><em>Auf Wunsch der Teilnehmerinnen und Teilnehmer gibt es eine Forsetzung: \u00a0Zun\u00e4chst einmal sollen die \u201eHerzgeschichten\u201c gesammelt und gedruckt werden. F\u00fcr die Veranstaltung \u201eFuNTASTisch\u201c am 29. Juni 2018 im und um das B\u00fcrgerzentrum in Bergheim S\u00fcd-West werden die Autoren einen Geschichten-Wald organisieren und Texte der \u00d6ffentlichkeit vorstellen. <\/em><\/p>\n<p><strong><em>Mehr Info zum Schreib-Workshop: <\/em><a href=\"https:\/\/wp.me\/p3vhfJ-5QW\"><em>\u201eHerzgeschichten\u201c<\/em><\/a><\/strong><\/p>\n","protected":false},"excerpt":{"rendered":"<p><strong>Von Inge Hoek<\/strong><\/p>\n<p>Es gibt sie , die netten Menschen. Sie erscheinen, wenn man gar nicht mit ihnen rechnet.<\/p>\n<p>Es ist Samstagmittag. Das Treffen mit der H\u00f6rspielgruppe ist beendet. Ich sitze m\u00fcde auf meinem Rollator in der Bahn und sehne mich nach Hause. Die H\u00e4lfte ist schon geschafft.\u00a0 Noch ne viertel Stunde, dann hat die &hellip; <\/p>\n<p><a class=\"more-link btn\" href=\"https:\/\/unser-quartier.de\/stadt-bergheim\/2018\/05\/herzgeschichten-eine-besondere-begegnung\/\">Weiterlesen<\/a><\/p>\n","protected":false},"author":133,"featured_media":0,"comment_status":"closed","ping_status":"closed","sticky":false,"template":"","format":"standard","meta":{"_bbp_topic_count":0,"_bbp_reply_count":0,"_bbp_total_topic_count":0,"_bbp_total_reply_count":0,"_bbp_voice_count":0,"_bbp_anonymous_reply_count":0,"_bbp_topic_count_hidden":0,"_bbp_reply_count_hidden":0,"_bbp_forum_subforum_count":0,"jetpack_post_was_ever_published":false,"_jetpack_newsletter_access":"","_jetpack_dont_email_post_to_subs":false,"_jetpack_newsletter_tier_id":0,"_jetpack_memberships_contains_paywalled_content":false,"_jetpack_memberships_contains_paid_content":false,"footnotes":""},"categories":[75,71],"tags":[],"class_list":["post-22852","post","type-post","status-publish","format-standard","hentry","category-buntes-brett","category-freizeit","item-wrap"],"jetpack_sharing_enabled":true,"jetpack_featured_media_url":"","jetpack_shortlink":"https:\/\/wp.me\/p3vhfJ-5WA","jetpack_likes_enabled":true,"_links":{"self":[{"href":"https:\/\/unser-quartier.de\/stadt-bergheim\/wp-json\/wp\/v2\/posts\/22852","targetHints":{"allow":["GET"]}}],"collection":[{"href":"https:\/\/unser-quartier.de\/stadt-bergheim\/wp-json\/wp\/v2\/posts"}],"about":[{"href":"https:\/\/unser-quartier.de\/stadt-bergheim\/wp-json\/wp\/v2\/types\/post"}],"author":[{"embeddable":true,"href":"https:\/\/unser-quartier.de\/stadt-bergheim\/wp-json\/wp\/v2\/users\/133"}],"replies":[{"embeddable":true,"href":"https:\/\/unser-quartier.de\/stadt-bergheim\/wp-json\/wp\/v2\/comments?post=22852"}],"version-history":[{"count":0,"href":"https:\/\/unser-quartier.de\/stadt-bergheim\/wp-json\/wp\/v2\/posts\/22852\/revisions"}],"wp:attachment":[{"href":"https:\/\/unser-quartier.de\/stadt-bergheim\/wp-json\/wp\/v2\/media?parent=22852"}],"wp:term":[{"taxonomy":"category","embeddable":true,"href":"https:\/\/unser-quartier.de\/stadt-bergheim\/wp-json\/wp\/v2\/categories?post=22852"},{"taxonomy":"post_tag","embeddable":true,"href":"https:\/\/unser-quartier.de\/stadt-bergheim\/wp-json\/wp\/v2\/tags?post=22852"}],"curies":[{"name":"wp","href":"https:\/\/api.w.org\/{rel}","templated":true}]}}