{"id":22867,"date":"2018-05-30T19:02:01","date_gmt":"2018-05-30T17:02:01","guid":{"rendered":"https:\/\/unser-quartier.de\/stadt-bergheim\/?p=22867"},"modified":"2018-05-30T19:02:44","modified_gmt":"2018-05-30T17:02:44","slug":"immer-die-jugend","status":"publish","type":"post","link":"https:\/\/unser-quartier.de\/stadt-bergheim\/2018\/05\/immer-die-jugend\/","title":{"rendered":"Immer die Jugend &#8230;"},"content":{"rendered":"<div class=\"gmail_default\"><span style=\"font-family: arial, helvetica, sans-serif;font-size: 20px\">Der Fritzchen sieht wie sein gro\u00dfer Bruder jeden Abend mit dem Auto wegf\u00e4hrt und m\u00f6chte erkunden, wo er jeden Abend hinf\u00e4hrt. Also schleicht er sich heimlich ins Auto, legt sich hinter die Sitze und wartet. Nach einiger Zeit kommt sein Bruder, steigt ins Auto und f\u00e4hrt zu seiner Freundin:\u00a0<\/span><span style=\"font-family: arial, helvetica, sans-serif;font-size: 20px\">&#8220;Willst du mit in den Wald fahren?&#8221;\u00a0<\/span><span style=\"font-family: arial, helvetica, sans-serif;font-size: 20px\">&#8220;Ja, gerne.&#8221;<\/span><span style=\"font-family: arial, helvetica, sans-serif;font-size: 20px\">Also f\u00e4hrt er in den Wald. Dort angekommen sagt er:\u00a0&#8220;Also &#8211; ich mache nicht viel Worte; willst du oder willst du nicht?&#8221;<\/span><br \/>\n<span style=\"font-family: arial, helvetica, sans-serif;font-size: 20px\">&#8220;Nein, ich will nicht!&#8221;\u00a0&#8220;Raus &#8211; dann l\u00e4ufst du nach Hause!&#8221;\u00a0Er wirft seine Freundin aus dem Auto und f\u00e4hrt zur\u00fcck. Fritzchen wartet bis sein Bruder wieder ausgestiegen ist und denkt dabei: Das ist gut, dass muss ich auch einmal ausprobieren. Gesagt &#8211; getan. Er holt sein Fahrrad aus dem Keller, radelt zu seiner Freundin:\u00a0&#8220;Hast du Lust, mit mir in den Wald zu fahren?&#8221;\u00a0&#8220;Ja.&#8221;\u00a0Also wird sie auf die Stange gesetzt und los geht es in den Wald. Dort angekommen:<\/span><span style=\"font-family: arial, helvetica, sans-serif;font-size: 20px\">&#8220;Ich mache nicht viel Worte; willst du, oder willst du nicht?&#8221;\u00a0&#8220;Ja, ich will!&#8221;<\/span>\u00a0<span style=\"font-family: arial, helvetica, sans-serif;font-size: 20px\">&#8220;Ok &#8211; hier hast du das Rad, ich lauf&#8217; nach Hause&#8230;&#8221;<\/span><\/p>\n<p><span style=\"font-family: arial, helvetica, sans-serif;font-size: 20px\">Ich musste schmunzeln!<\/span><\/p>\n<p><span style=\"font-family: arial, helvetica, sans-serif;font-size: 20px\">Aber denkt dran&#8230; war ein Fritz-Witz<\/span><\/p>\n<p><span style=\"font-family: arial, helvetica, sans-serif;font-size: 20px\">Nie nachmachen!<\/span><\/p>\n<p>&nbsp;<\/p>\n<\/div>\n<div class=\"gmail_default\"><span style=\"font-family: arial, helvetica, sans-serif;font-size: 20px\">.<\/span><\/div>\n","protected":false},"excerpt":{"rendered":"<p>Der Fritzchen sieht wie sein gro\u00dfer Bruder jeden Abend mit dem Auto wegf\u00e4hrt und m\u00f6chte erkunden, wo er jeden Abend hinf\u00e4hrt. Also schleicht er sich heimlich ins Auto, legt sich hinter die Sitze und wartet. Nach einiger Zeit kommt sein Bruder, steigt ins Auto und f\u00e4hrt zu seiner Freundin:\u00a0&#8220;Willst du mit in den Wald fahren?&#8221;\u00a0&#8220;Ja, &hellip; <\/p>\n<p><a class=\"more-link btn\" href=\"https:\/\/unser-quartier.de\/stadt-bergheim\/2018\/05\/immer-die-jugend\/\">Weiterlesen<\/a><\/p>\n","protected":false},"author":48,"featured_media":0,"comment_status":"closed","ping_status":"closed","sticky":false,"template":"","format":"standard","meta":{"_bbp_topic_count":0,"_bbp_reply_count":0,"_bbp_total_topic_count":0,"_bbp_total_reply_count":0,"_bbp_voice_count":0,"_bbp_anonymous_reply_count":0,"_bbp_topic_count_hidden":0,"_bbp_reply_count_hidden":0,"_bbp_forum_subforum_count":0,"jetpack_post_was_ever_published":false,"_jetpack_newsletter_access":"","_jetpack_dont_email_post_to_subs":false,"_jetpack_newsletter_tier_id":0,"_jetpack_memberships_contains_paywalled_content":false,"_jetpack_memberships_contains_paid_content":false,"footnotes":""},"categories":[80],"tags":[],"class_list":["post-22867","post","type-post","status-publish","format-standard","hentry","category-humor","item-wrap"],"jetpack_sharing_enabled":true,"jetpack_featured_media_url":"","jetpack_shortlink":"https:\/\/wp.me\/p3vhfJ-5WP","jetpack_likes_enabled":true,"_links":{"self":[{"href":"https:\/\/unser-quartier.de\/stadt-bergheim\/wp-json\/wp\/v2\/posts\/22867","targetHints":{"allow":["GET"]}}],"collection":[{"href":"https:\/\/unser-quartier.de\/stadt-bergheim\/wp-json\/wp\/v2\/posts"}],"about":[{"href":"https:\/\/unser-quartier.de\/stadt-bergheim\/wp-json\/wp\/v2\/types\/post"}],"author":[{"embeddable":true,"href":"https:\/\/unser-quartier.de\/stadt-bergheim\/wp-json\/wp\/v2\/users\/48"}],"replies":[{"embeddable":true,"href":"https:\/\/unser-quartier.de\/stadt-bergheim\/wp-json\/wp\/v2\/comments?post=22867"}],"version-history":[{"count":0,"href":"https:\/\/unser-quartier.de\/stadt-bergheim\/wp-json\/wp\/v2\/posts\/22867\/revisions"}],"wp:attachment":[{"href":"https:\/\/unser-quartier.de\/stadt-bergheim\/wp-json\/wp\/v2\/media?parent=22867"}],"wp:term":[{"taxonomy":"category","embeddable":true,"href":"https:\/\/unser-quartier.de\/stadt-bergheim\/wp-json\/wp\/v2\/categories?post=22867"},{"taxonomy":"post_tag","embeddable":true,"href":"https:\/\/unser-quartier.de\/stadt-bergheim\/wp-json\/wp\/v2\/tags?post=22867"}],"curies":[{"name":"wp","href":"https:\/\/api.w.org\/{rel}","templated":true}]}}