{"id":24099,"date":"2018-08-10T00:01:51","date_gmt":"2018-08-09T22:01:51","guid":{"rendered":"https:\/\/unser-quartier.de\/stadt-bergheim\/?p=24099"},"modified":"2018-08-09T20:17:48","modified_gmt":"2018-08-09T18:17:48","slug":"tipp-zwetschgen-crumble","status":"publish","type":"post","link":"https:\/\/unser-quartier.de\/stadt-bergheim\/2018\/08\/tipp-zwetschgen-crumble\/","title":{"rendered":"Tipp: Zwetschgen Crumble"},"content":{"rendered":"<p><a href=\"https:\/\/unser-quartier.de\/stadt-bergheim\/?attachment_id=24111\" rel=\"attachment wp-att-24111\"><img data-recalc-dims=\"1\" loading=\"lazy\" decoding=\"async\" data-attachment-id=\"24111\" data-permalink=\"https:\/\/unser-quartier.de\/stadt-bergheim\/2018\/08\/tipp-zwetschgen-crumble\/zwetschgen-2\/\" data-orig-file=\"https:\/\/i0.wp.com\/unser-quartier.de\/stadt-bergheim\/files\/2018\/08\/Zwetschgen-1.jpg?fit=568%2C340&amp;ssl=1\" data-orig-size=\"568,340\" data-comments-opened=\"0\" data-image-meta=\"{&quot;aperture&quot;:&quot;2.8&quot;,&quot;credit&quot;:&quot;&quot;,&quot;camera&quot;:&quot;ILCE-7M3&quot;,&quot;caption&quot;:&quot;&quot;,&quot;created_timestamp&quot;:&quot;0&quot;,&quot;copyright&quot;:&quot;&quot;,&quot;focal_length&quot;:&quot;75&quot;,&quot;iso&quot;:&quot;100&quot;,&quot;shutter_speed&quot;:&quot;0.01&quot;,&quot;title&quot;:&quot;&quot;,&quot;orientation&quot;:&quot;0&quot;}\" data-image-title=\"Zwetschgen\" data-image-description=\"\" data-image-caption=\"\" data-medium-file=\"https:\/\/i0.wp.com\/unser-quartier.de\/stadt-bergheim\/files\/2018\/08\/Zwetschgen-1.jpg?fit=300%2C180&amp;ssl=1\" data-large-file=\"https:\/\/i0.wp.com\/unser-quartier.de\/stadt-bergheim\/files\/2018\/08\/Zwetschgen-1.jpg?fit=568%2C340&amp;ssl=1\" class=\"alignnone size-full wp-image-24111\" src=\"https:\/\/i0.wp.com\/unser-quartier.de\/stadt-bergheim\/files\/2018\/08\/Zwetschgen-1.jpg?resize=568%2C340&#038;ssl=1\" alt=\"\" width=\"568\" height=\"340\" srcset=\"https:\/\/i0.wp.com\/unser-quartier.de\/stadt-bergheim\/files\/2018\/08\/Zwetschgen-1.jpg?w=568&amp;ssl=1 568w, https:\/\/i0.wp.com\/unser-quartier.de\/stadt-bergheim\/files\/2018\/08\/Zwetschgen-1.jpg?resize=150%2C90&amp;ssl=1 150w, https:\/\/i0.wp.com\/unser-quartier.de\/stadt-bergheim\/files\/2018\/08\/Zwetschgen-1.jpg?resize=300%2C180&amp;ssl=1 300w\" sizes=\"auto, (max-width: 568px) 100vw, 568px\" \/><\/a><\/p>\n<p><span style=\"font-family: arial,helvetica,sans-serif;font-size: 20px\"><span style=\"color: #000080\"><strong>Zwetschgen Crumble<\/strong><strong> (Kr\u00fcmel)<\/strong><\/span><br \/>\n<span style=\"color: #000080\"><strong>.<\/strong><\/span><br \/>\n<span style=\"color: #000080\"><strong>Zutaten:<\/strong><\/span><br \/>\n750 g Zwetschgen<br \/>\n60 g Zucker<br \/>\n1 1\/2 TL Zimt<br \/>\n1 EL Zitronensaft<br \/>\n1 EL Marsala<br \/>\n100 g zarte Haferflocken<br \/>\n90 g brauner Zucker<br \/>\n75 g Mehl<br \/>\n90 g Butter<br \/>\n.<br \/>\n<span style=\"color: #000080\">Zubereitung:<\/span><br \/>\nDie Zwetschgen waschen, halbieren und entsteinen<br \/>\nSie dann in einer Sch\u00fcssel mit dem wei\u00dfen Zucker, Zimt, Zitronensaft, Marsala mischen. Anschlie\u00dfend in einer gefettete Auflaufform verteilen<br \/>\nOfen vorheizen auf 180 Grad. In anderer Sch\u00fcssel die Haferflocken vermischen mit dem braunen Zucker,\u00a01\/2 TL Zimt und dem Mehl<br \/>\nDie weiche Butter einkneten und dann die Mischung \u00fcber den Zwetschgen zerkr\u00fcmeln. Das Crumble ca 40 Minuten goldbraun backen und am besten hei\u00df servieren mit Sahne oder Vanilleeis.<\/span><\/p>\n<p>von Gertrud Breuer<\/p>\n","protected":false},"excerpt":{"rendered":"<\/p>\n<p><strong>Zwetschgen Crumble<\/strong><strong> (Kr\u00fcmel)<\/strong> <strong>.<\/strong> <strong>Zutaten:<\/strong> 750 g Zwetschgen 60 g Zucker 1 1\/2 TL Zimt 1 EL Zitronensaft 1 EL Marsala 100 g zarte Haferflocken 90 g brauner Zucker 75 g Mehl 90 g Butter . Zubereitung: Die Zwetschgen waschen, halbieren und entsteinen Sie dann in einer Sch\u00fcssel mit dem wei\u00dfen Zucker, Zimt, Zitronensaft, &hellip; <\/p>\n<p><a class=\"more-link btn\" href=\"https:\/\/unser-quartier.de\/stadt-bergheim\/2018\/08\/tipp-zwetschgen-crumble\/\">Weiterlesen<\/a><\/p>\n","protected":false},"author":48,"featured_media":0,"comment_status":"closed","ping_status":"closed","sticky":false,"template":"","format":"standard","meta":{"_bbp_topic_count":0,"_bbp_reply_count":0,"_bbp_total_topic_count":0,"_bbp_total_reply_count":0,"_bbp_voice_count":0,"_bbp_anonymous_reply_count":0,"_bbp_topic_count_hidden":0,"_bbp_reply_count_hidden":0,"_bbp_forum_subforum_count":0,"jetpack_post_was_ever_published":false,"_jetpack_newsletter_access":"","_jetpack_dont_email_post_to_subs":false,"_jetpack_newsletter_tier_id":0,"_jetpack_memberships_contains_paywalled_content":false,"_jetpack_memberships_contains_paid_content":false,"footnotes":""},"categories":[72],"tags":[],"class_list":["post-24099","post","type-post","status-publish","format-standard","hentry","category-tipps","item-wrap"],"jetpack_sharing_enabled":true,"jetpack_featured_media_url":"","jetpack_shortlink":"https:\/\/wp.me\/p3vhfJ-6gH","jetpack_likes_enabled":true,"_links":{"self":[{"href":"https:\/\/unser-quartier.de\/stadt-bergheim\/wp-json\/wp\/v2\/posts\/24099","targetHints":{"allow":["GET"]}}],"collection":[{"href":"https:\/\/unser-quartier.de\/stadt-bergheim\/wp-json\/wp\/v2\/posts"}],"about":[{"href":"https:\/\/unser-quartier.de\/stadt-bergheim\/wp-json\/wp\/v2\/types\/post"}],"author":[{"embeddable":true,"href":"https:\/\/unser-quartier.de\/stadt-bergheim\/wp-json\/wp\/v2\/users\/48"}],"replies":[{"embeddable":true,"href":"https:\/\/unser-quartier.de\/stadt-bergheim\/wp-json\/wp\/v2\/comments?post=24099"}],"version-history":[{"count":0,"href":"https:\/\/unser-quartier.de\/stadt-bergheim\/wp-json\/wp\/v2\/posts\/24099\/revisions"}],"wp:attachment":[{"href":"https:\/\/unser-quartier.de\/stadt-bergheim\/wp-json\/wp\/v2\/media?parent=24099"}],"wp:term":[{"taxonomy":"category","embeddable":true,"href":"https:\/\/unser-quartier.de\/stadt-bergheim\/wp-json\/wp\/v2\/categories?post=24099"},{"taxonomy":"post_tag","embeddable":true,"href":"https:\/\/unser-quartier.de\/stadt-bergheim\/wp-json\/wp\/v2\/tags?post=24099"}],"curies":[{"name":"wp","href":"https:\/\/api.w.org\/{rel}","templated":true}]}}