{"id":24599,"date":"2018-08-31T09:39:29","date_gmt":"2018-08-31T07:39:29","guid":{"rendered":"https:\/\/unser-quartier.de\/stadt-bergheim\/?p=24599"},"modified":"2018-09-07T08:34:05","modified_gmt":"2018-09-07T06:34:05","slug":"moderne-chirurgie-am-gelenk","status":"publish","type":"post","link":"https:\/\/unser-quartier.de\/stadt-bergheim\/2018\/08\/moderne-chirurgie-am-gelenk\/","title":{"rendered":"Moderne Chirurgie am Gelenk"},"content":{"rendered":"<p><strong>Damit es reibungslos l\u00e4uft<\/strong><\/p>\n<p>Jedes Jahr begeben sich Millionen Menschen aufgrund von Gelenkschmerzen in \u00e4rztliche Behandlung. Eine der h\u00e4ufigsten Ursachen daf\u00fcr ist der Verschlei\u00df des H\u00fcft- und Kniegelenks.<\/p>\n<p>Mehr als 8 Prozent der Bev\u00f6lkerung im Alter von 50 bis 70 Jahren leiden unter den Symptomen des Gelenkverschlei\u00dfes. Neben bewegungsabh\u00e4ngigen Schmerzen und einer eingeschr\u00e4nkten Belastbarkeit k\u00f6nnen mit der Zeit auch Ruheschmerzen auftreten. Ist die Arthrose weit fortgeschritten, hilft oft nur noch der <a href=\"https:\/\/maria-hilf-krankenhaus.de\/html\/orthopaedie_endoprothetik.html\">k\u00fcnstliche Gelenkersatz<\/a>. \u00bbDen gilt es durch individuelle gelenkerhaltende Ma\u00dfnahmen zu verhindern\u00ab, sagt Matthias Kirsch, Oberarzt der <a href=\"https:\/\/maria-hilf-krankenhaus.de\/html\/orthopaedie.html\">Orthop\u00e4die im Maria-Hilf-Krankenhaus<\/a>. Hierf\u00fcr bietet die Abteilung ein breites Leistungsspektrum an.<\/p>\n<p><strong>Verschlei\u00df des H\u00fcftgelenks<\/strong><\/p>\n<p>Lange Zeit war unklar, wie es zu einer Arthrose am H\u00fcftgelenk kommt. Aktuelle Untersuchungen konnten jedoch das femoroacetabul\u00e4re Impingement (FAI) als h\u00e4ufige Ursache identifizieren. \u00bbBei dem FAI stehen Schenkelhals und Gelenkpfanne des H\u00fcftgelenks in einem Missverh\u00e4ltnis zueinander. Dadurch entsteht ein kn\u00f6cherner Kontakt zwischen den beiden Gelenkpartnern, bei dem das Labrum, also die Gelenklippe, eingeklemmt wird\u00ab, erkl\u00e4rt Matthias Kirsch. Die Folge: Das Labrum rei\u00dft ein. Gleichzeitig wird der angrenzende Gelenkknorpel abgebaut. Um das FAI behandeln zu k\u00f6nnen, ist eine <a href=\"https:\/\/maria-hilf-krankenhaus.de\/html\/orthopaedie_arthroskopie.html\">Arthroskopie (Gelenkspiegelung)<\/a> erforderlich. \u00bbDabei korrigieren wir die kn\u00f6cherne Form des Schenkelhalses und rekonstruieren das besch\u00e4digte Labrum\u00ab, sagt der Orthop\u00e4de. Hierdurch l\u00e4sst sich das Missverh\u00e4ltnis zwischen den Gelenkpartnern gewebeschonend beseitigen und die Arthrose gezielt verlangsamen oder sogar verhindern.<\/p>\n<p><strong>Knieschmerzen behandeln <\/strong><\/p>\n<p>Auch das Kniegelenk kann von vorzeitigem Verschlei\u00df betroffen sein. \u00bbEine m\u00f6gliche Ursache ist zum Beispiel eine ausgepr\u00e4gte O- oder X-Beinstellung\u00ab, sagt Matthias Kirsch. Dabei verl\u00e4uft die Tragachse des Beins nicht mehr mittig durch das Kniegelenk, sondern je nach Fehlstellung durch den inneren (O-Beine) oder \u00e4u\u00dferen (X-Beine) Gelenkanteil. Um die Fehlbelastung auszugleichen, f\u00fchrt das Team der Orthop\u00e4die kniegelenksnahe Umstellungsoperationen des Schienbeinkopfes oder des Oberschenkels durch. Dabei kommen besonders schonende, minimal-invasive Operationstechniken zum Einsatz, die die Genesungsdauer verk\u00fcrzen. Bereits nach kurzer Zeit k\u00f6nnen Patienten das Kniegelenk wieder vollst\u00e4ndig belasten.<\/p>\n<p><strong>Fr\u00fchzeitige Behandlung<\/strong><\/p>\n<p>Schmerzen im H\u00fcft- oder Kniegelenk k\u00f6nnen viele Gr\u00fcnde haben und sollten nicht auf die leichte Schulter genommen werden. \u00bbUm irreparable Sch\u00e4den zu verhindern, ist eine fr\u00fchzeitige Behandlung des betroffenen Gelenks erforderlich\u00ab, sagt Matthias Kirsch. Patienten mit anhaltenden Gelenkschmerzen ist daher zu empfehlen, m\u00f6glichst fr\u00fch einen Facharzt aufzusuchen.<\/p>\n<p><img data-recalc-dims=\"1\" loading=\"lazy\" decoding=\"async\" data-attachment-id=\"24596\" data-permalink=\"https:\/\/unser-quartier.de\/stadt-bergheim\/2018\/08\/fit-und-beweglich-in-jedem-alter\/bildschirmfoto-2018-08-30-um-11-26-30\/\" data-orig-file=\"https:\/\/i0.wp.com\/unser-quartier.de\/stadt-bergheim\/files\/2018\/08\/Bildschirmfoto-2018-08-30-um-11.26.30.jpg?fit=626%2C892&amp;ssl=1\" data-orig-size=\"626,892\" data-comments-opened=\"0\" data-image-meta=\"{&quot;aperture&quot;:&quot;0&quot;,&quot;credit&quot;:&quot;&quot;,&quot;camera&quot;:&quot;&quot;,&quot;caption&quot;:&quot;&quot;,&quot;created_timestamp&quot;:&quot;0&quot;,&quot;copyright&quot;:&quot;&quot;,&quot;focal_length&quot;:&quot;0&quot;,&quot;iso&quot;:&quot;0&quot;,&quot;shutter_speed&quot;:&quot;0&quot;,&quot;title&quot;:&quot;&quot;,&quot;orientation&quot;:&quot;0&quot;}\" data-image-title=\"Bildschirmfoto 2018-08-30 um 11.26.30\" data-image-description=\"\" data-image-caption=\"\" data-medium-file=\"https:\/\/i0.wp.com\/unser-quartier.de\/stadt-bergheim\/files\/2018\/08\/Bildschirmfoto-2018-08-30-um-11.26.30.jpg?fit=211%2C300&amp;ssl=1\" data-large-file=\"https:\/\/i0.wp.com\/unser-quartier.de\/stadt-bergheim\/files\/2018\/08\/Bildschirmfoto-2018-08-30-um-11.26.30.jpg?fit=626%2C892&amp;ssl=1\" class=\"alignnone size-medium wp-image-24596\" src=\"https:\/\/i0.wp.com\/unser-quartier.de\/stadt-bergheim\/files\/2018\/08\/Bildschirmfoto-2018-08-30-um-11.26.30.jpg?resize=211%2C300&#038;ssl=1\" alt=\"\" width=\"211\" height=\"300\" srcset=\"https:\/\/i0.wp.com\/unser-quartier.de\/stadt-bergheim\/files\/2018\/08\/Bildschirmfoto-2018-08-30-um-11.26.30.jpg?resize=211%2C300&amp;ssl=1 211w, https:\/\/i0.wp.com\/unser-quartier.de\/stadt-bergheim\/files\/2018\/08\/Bildschirmfoto-2018-08-30-um-11.26.30.jpg?resize=105%2C150&amp;ssl=1 105w, https:\/\/i0.wp.com\/unser-quartier.de\/stadt-bergheim\/files\/2018\/08\/Bildschirmfoto-2018-08-30-um-11.26.30.jpg?w=626&amp;ssl=1 626w\" sizes=\"auto, (max-width: 211px) 100vw, 211px\" \/> <img data-recalc-dims=\"1\" loading=\"lazy\" decoding=\"async\" data-attachment-id=\"24597\" data-permalink=\"https:\/\/unser-quartier.de\/stadt-bergheim\/2018\/08\/fit-und-beweglich-in-jedem-alter\/bildschirmfoto-2018-08-30-um-11-26-58\/\" data-orig-file=\"https:\/\/i0.wp.com\/unser-quartier.de\/stadt-bergheim\/files\/2018\/08\/Bildschirmfoto-2018-08-30-um-11.26.58.jpg?fit=608%2C846&amp;ssl=1\" data-orig-size=\"608,846\" data-comments-opened=\"0\" data-image-meta=\"{&quot;aperture&quot;:&quot;0&quot;,&quot;credit&quot;:&quot;&quot;,&quot;camera&quot;:&quot;&quot;,&quot;caption&quot;:&quot;&quot;,&quot;created_timestamp&quot;:&quot;0&quot;,&quot;copyright&quot;:&quot;&quot;,&quot;focal_length&quot;:&quot;0&quot;,&quot;iso&quot;:&quot;0&quot;,&quot;shutter_speed&quot;:&quot;0&quot;,&quot;title&quot;:&quot;&quot;,&quot;orientation&quot;:&quot;0&quot;}\" data-image-title=\"Bildschirmfoto 2018-08-30 um 11.26.58\" data-image-description=\"\" data-image-caption=\"\" data-medium-file=\"https:\/\/i0.wp.com\/unser-quartier.de\/stadt-bergheim\/files\/2018\/08\/Bildschirmfoto-2018-08-30-um-11.26.58.jpg?fit=216%2C300&amp;ssl=1\" data-large-file=\"https:\/\/i0.wp.com\/unser-quartier.de\/stadt-bergheim\/files\/2018\/08\/Bildschirmfoto-2018-08-30-um-11.26.58.jpg?fit=608%2C846&amp;ssl=1\" class=\"alignnone size-medium wp-image-24597\" src=\"https:\/\/i0.wp.com\/unser-quartier.de\/stadt-bergheim\/files\/2018\/08\/Bildschirmfoto-2018-08-30-um-11.26.58.jpg?resize=216%2C300&#038;ssl=1\" alt=\"\" width=\"216\" height=\"300\" srcset=\"https:\/\/i0.wp.com\/unser-quartier.de\/stadt-bergheim\/files\/2018\/08\/Bildschirmfoto-2018-08-30-um-11.26.58.jpg?resize=216%2C300&amp;ssl=1 216w, https:\/\/i0.wp.com\/unser-quartier.de\/stadt-bergheim\/files\/2018\/08\/Bildschirmfoto-2018-08-30-um-11.26.58.jpg?resize=108%2C150&amp;ssl=1 108w, https:\/\/i0.wp.com\/unser-quartier.de\/stadt-bergheim\/files\/2018\/08\/Bildschirmfoto-2018-08-30-um-11.26.58.jpg?w=608&amp;ssl=1 608w\" sizes=\"auto, (max-width: 216px) 100vw, 216px\" \/><\/p>\n","protected":false},"excerpt":{"rendered":"<p><strong>Damit es reibungslos l\u00e4uft<\/strong><\/p>\n<p>Jedes Jahr begeben sich Millionen Menschen aufgrund von Gelenkschmerzen in \u00e4rztliche Behandlung. Eine der h\u00e4ufigsten Ursachen daf\u00fcr ist der Verschlei\u00df des H\u00fcft- und Kniegelenks.<\/p>\n<p>Mehr als 8 Prozent der Bev\u00f6lkerung im Alter von 50 bis 70 Jahren leiden unter den Symptomen des Gelenkverschlei\u00dfes. Neben bewegungsabh\u00e4ngigen Schmerzen und einer eingeschr\u00e4nkten Belastbarkeit k\u00f6nnen &hellip; <\/p>\n<p><a class=\"more-link btn\" href=\"https:\/\/unser-quartier.de\/stadt-bergheim\/2018\/08\/moderne-chirurgie-am-gelenk\/\">Weiterlesen<\/a><\/p>\n","protected":false},"author":133,"featured_media":0,"comment_status":"closed","ping_status":"closed","sticky":false,"template":"","format":"standard","meta":{"_bbp_topic_count":0,"_bbp_reply_count":0,"_bbp_total_topic_count":0,"_bbp_total_reply_count":0,"_bbp_voice_count":0,"_bbp_anonymous_reply_count":0,"_bbp_topic_count_hidden":0,"_bbp_reply_count_hidden":0,"_bbp_forum_subforum_count":0,"jetpack_post_was_ever_published":false,"_jetpack_newsletter_access":"","_jetpack_dont_email_post_to_subs":false,"_jetpack_newsletter_tier_id":0,"_jetpack_memberships_contains_paywalled_content":false,"_jetpack_memberships_contains_paid_content":false,"footnotes":""},"categories":[66],"tags":[],"class_list":["post-24599","post","type-post","status-publish","format-standard","hentry","category-gesundheit","item-wrap"],"jetpack_sharing_enabled":true,"jetpack_featured_media_url":"","jetpack_shortlink":"https:\/\/wp.me\/p3vhfJ-6oL","jetpack_likes_enabled":true,"_links":{"self":[{"href":"https:\/\/unser-quartier.de\/stadt-bergheim\/wp-json\/wp\/v2\/posts\/24599","targetHints":{"allow":["GET"]}}],"collection":[{"href":"https:\/\/unser-quartier.de\/stadt-bergheim\/wp-json\/wp\/v2\/posts"}],"about":[{"href":"https:\/\/unser-quartier.de\/stadt-bergheim\/wp-json\/wp\/v2\/types\/post"}],"author":[{"embeddable":true,"href":"https:\/\/unser-quartier.de\/stadt-bergheim\/wp-json\/wp\/v2\/users\/133"}],"replies":[{"embeddable":true,"href":"https:\/\/unser-quartier.de\/stadt-bergheim\/wp-json\/wp\/v2\/comments?post=24599"}],"version-history":[{"count":0,"href":"https:\/\/unser-quartier.de\/stadt-bergheim\/wp-json\/wp\/v2\/posts\/24599\/revisions"}],"wp:attachment":[{"href":"https:\/\/unser-quartier.de\/stadt-bergheim\/wp-json\/wp\/v2\/media?parent=24599"}],"wp:term":[{"taxonomy":"category","embeddable":true,"href":"https:\/\/unser-quartier.de\/stadt-bergheim\/wp-json\/wp\/v2\/categories?post=24599"},{"taxonomy":"post_tag","embeddable":true,"href":"https:\/\/unser-quartier.de\/stadt-bergheim\/wp-json\/wp\/v2\/tags?post=24599"}],"curies":[{"name":"wp","href":"https:\/\/api.w.org\/{rel}","templated":true}]}}