{"id":26138,"date":"2018-10-31T10:25:56","date_gmt":"2018-10-31T09:25:56","guid":{"rendered":"https:\/\/unser-quartier.de\/stadt-bergheim\/?p=26138"},"modified":"2018-10-31T10:25:56","modified_gmt":"2018-10-31T09:25:56","slug":"rollatoren-nachmittag-im-maria-hilf-krankenhaus","status":"publish","type":"post","link":"https:\/\/unser-quartier.de\/stadt-bergheim\/2018\/10\/rollatoren-nachmittag-im-maria-hilf-krankenhaus\/","title":{"rendered":"Rollatoren-Nachmittag im Maria-Hilf-Krankenhaus"},"content":{"rendered":"<p><strong>Sicherheitscheck, Beratung und Ausstellung\u00a0<\/strong><\/p>\n<p><strong>\u00a0<\/strong>Ohne ihren Rollator geht gar nichts: Christine Steinmetz, 66, hat von Geburt an eine spastische L\u00e4hmung am Bein und ist auf ihr Gehw\u00e4gelchen als Mobilit\u00e4tshilfe angewiesen. In der Wohnung nutzt sie das leichtere Modell von der Krankenkasse, drau\u00dfen das \u201ealte H\u00fcndchen\u201c eines Bekannten. Die lebenslustige Bergheimerin ist viel unterwegs, schiebt gern zum Einkaufen durch die Fu\u00dfg\u00e4ngerzone, war auch schon auf dem Hubertusmarkt und mit ihrem Freund \u201eoff road\u201c am Terra Nova spazieren. K\u00fcrzlich hat sie sogar einen Schrittz\u00e4hler am Rollator angebracht \u2013 wegen ihrer Gehbehinderung auf irgendetwas verzichten, f\u00e4llt der lebenslustigen Bergheimerin im Traum nicht ein.<\/p>\n<div class=\"tiled-gallery type-rectangular tiled-gallery-unresized\" data-original-width=\"770\" data-carousel-extra='{&quot;blog_id&quot;:38,&quot;permalink&quot;:&quot;https:\\\/\\\/unser-quartier.de\\\/stadt-bergheim\\\/2018\\\/10\\\/rollatoren-nachmittag-im-maria-hilf-krankenhaus\\\/&quot;,&quot;likes_blog_id&quot;:51783499}' itemscope itemtype=\"http:\/\/schema.org\/ImageGallery\" > <div class=\"gallery-row\" style=\"width: 770px; height: 352px;\" data-original-width=\"770\" data-original-height=\"352\" > <div class=\"gallery-group images-1\" style=\"width: 528px; height: 352px;\" data-original-width=\"528\" data-original-height=\"352\" > <div class=\"tiled-gallery-item tiled-gallery-item-large\" itemprop=\"associatedMedia\" itemscope itemtype=\"http:\/\/schema.org\/ImageObject\"> <a href=\"https:\/\/unser-quartier.de\/stadt-bergheim\/2018\/10\/rollatoren-nachmittag-im-maria-hilf-krankenhaus\/dsc02182\/\" border=\"0\" itemprop=\"url\"> <meta itemprop=\"width\" content=\"524\"> <meta itemprop=\"height\" content=\"348\"> <img decoding=\"async\" class=\"\" data-attachment-id=\"26139\" data-orig-file=\"https:\/\/unser-quartier.de\/stadt-bergheim\/files\/2018\/10\/DSC02182.jpg\" data-orig-size=\"1024,680\" data-comments-opened=\"\" data-image-meta=\"{&quot;aperture&quot;:&quot;0&quot;,&quot;credit&quot;:&quot;&quot;,&quot;camera&quot;:&quot;&quot;,&quot;caption&quot;:&quot;&quot;,&quot;created_timestamp&quot;:&quot;0&quot;,&quot;copyright&quot;:&quot;&quot;,&quot;focal_length&quot;:&quot;0&quot;,&quot;iso&quot;:&quot;0&quot;,&quot;shutter_speed&quot;:&quot;0&quot;,&quot;title&quot;:&quot;&quot;,&quot;orientation&quot;:&quot;0&quot;}\" data-image-title=\"DSC02182\" data-image-description=\"\" data-medium-file=\"https:\/\/i0.wp.com\/unser-quartier.de\/stadt-bergheim\/files\/2018\/10\/DSC02182.jpg?fit=300%2C199&#038;ssl=1\" data-large-file=\"https:\/\/i0.wp.com\/unser-quartier.de\/stadt-bergheim\/files\/2018\/10\/DSC02182.jpg?fit=770%2C511&#038;ssl=1\" src=\"https:\/\/i0.wp.com\/unser-quartier.de\/stadt-bergheim\/files\/2018\/10\/DSC02182.jpg?w=524&#038;h=348&#038;ssl=1\" srcset=\"https:\/\/i0.wp.com\/unser-quartier.de\/stadt-bergheim\/files\/2018\/10\/DSC02182.jpg?w=1024&amp;ssl=1 1024w, https:\/\/i0.wp.com\/unser-quartier.de\/stadt-bergheim\/files\/2018\/10\/DSC02182.jpg?resize=150%2C100&amp;ssl=1 150w, https:\/\/i0.wp.com\/unser-quartier.de\/stadt-bergheim\/files\/2018\/10\/DSC02182.jpg?resize=300%2C199&amp;ssl=1 300w, https:\/\/i0.wp.com\/unser-quartier.de\/stadt-bergheim\/files\/2018\/10\/DSC02182.jpg?resize=768%2C510&amp;ssl=1 768w\" width=\"524\" height=\"348\" loading=\"lazy\" data-original-width=\"524\" data-original-height=\"348\" itemprop=\"http:\/\/schema.org\/image\" title=\"DSC02182\" alt=\"Christine Steinmetz\" style=\"width: 524px; height: 348px;\" \/> <\/a> <div class=\"tiled-gallery-caption\" itemprop=\"caption description\"> Christine Steinmetz <\/div> <\/div> <\/div> <!-- close group --> <div class=\"gallery-group images-1\" style=\"width: 242px; height: 352px;\" data-original-width=\"242\" data-original-height=\"352\" > <div class=\"tiled-gallery-item tiled-gallery-item-small\" itemprop=\"associatedMedia\" itemscope itemtype=\"http:\/\/schema.org\/ImageObject\"> <a href=\"https:\/\/unser-quartier.de\/stadt-bergheim\/2018\/10\/rollatoren-nachmittag-im-maria-hilf-krankenhaus\/dsc02209\/\" border=\"0\" itemprop=\"url\"> <meta itemprop=\"width\" content=\"238\"> <meta itemprop=\"height\" content=\"348\"> <img decoding=\"async\" class=\"\" data-attachment-id=\"26140\" data-orig-file=\"https:\/\/unser-quartier.de\/stadt-bergheim\/files\/2018\/10\/DSC02209.jpg\" data-orig-size=\"700,1024\" data-comments-opened=\"\" data-image-meta=\"{&quot;aperture&quot;:&quot;0&quot;,&quot;credit&quot;:&quot;&quot;,&quot;camera&quot;:&quot;&quot;,&quot;caption&quot;:&quot;&quot;,&quot;created_timestamp&quot;:&quot;0&quot;,&quot;copyright&quot;:&quot;&quot;,&quot;focal_length&quot;:&quot;0&quot;,&quot;iso&quot;:&quot;0&quot;,&quot;shutter_speed&quot;:&quot;0&quot;,&quot;title&quot;:&quot;&quot;,&quot;orientation&quot;:&quot;0&quot;}\" data-image-title=\"DSC02209\" data-image-description=\"\" data-medium-file=\"https:\/\/i0.wp.com\/unser-quartier.de\/stadt-bergheim\/files\/2018\/10\/DSC02209.jpg?fit=205%2C300&#038;ssl=1\" data-large-file=\"https:\/\/i0.wp.com\/unser-quartier.de\/stadt-bergheim\/files\/2018\/10\/DSC02209.jpg?fit=700%2C1024&#038;ssl=1\" src=\"https:\/\/i0.wp.com\/unser-quartier.de\/stadt-bergheim\/files\/2018\/10\/DSC02209.jpg?w=238&#038;h=348&#038;ssl=1\" srcset=\"https:\/\/i0.wp.com\/unser-quartier.de\/stadt-bergheim\/files\/2018\/10\/DSC02209.jpg?w=700&amp;ssl=1 700w, https:\/\/i0.wp.com\/unser-quartier.de\/stadt-bergheim\/files\/2018\/10\/DSC02209.jpg?resize=103%2C150&amp;ssl=1 103w, https:\/\/i0.wp.com\/unser-quartier.de\/stadt-bergheim\/files\/2018\/10\/DSC02209.jpg?resize=205%2C300&amp;ssl=1 205w\" width=\"238\" height=\"348\" loading=\"lazy\" data-original-width=\"238\" data-original-height=\"348\" itemprop=\"http:\/\/schema.org\/image\" title=\"DSC02209\" alt=\"Toni Winkel\" style=\"width: 238px; height: 348px;\" \/> <\/a> <div class=\"tiled-gallery-caption\" itemprop=\"caption description\"> Toni Winkel <\/div> <\/div> <\/div> <!-- close group --> <\/div> <!-- close row --> <div class=\"gallery-row\" style=\"width: 770px; height: 729px;\" data-original-width=\"770\" data-original-height=\"729\" > <div class=\"gallery-group images-2\" style=\"width: 445px; height: 729px;\" data-original-width=\"445\" data-original-height=\"729\" > <div class=\"tiled-gallery-item tiled-gallery-item-large\" itemprop=\"associatedMedia\" itemscope itemtype=\"http:\/\/schema.org\/ImageObject\"> <a href=\"https:\/\/unser-quartier.de\/stadt-bergheim\/2018\/10\/rollatoren-nachmittag-im-maria-hilf-krankenhaus\/dsc02174\/\" border=\"0\" itemprop=\"url\"> <meta itemprop=\"width\" content=\"441\"> <meta itemprop=\"height\" content=\"349\"> <img decoding=\"async\" class=\"\" data-attachment-id=\"26141\" data-orig-file=\"https:\/\/unser-quartier.de\/stadt-bergheim\/files\/2018\/10\/DSC02174.jpg\" data-orig-size=\"1024,809\" data-comments-opened=\"\" data-image-meta=\"{&quot;aperture&quot;:&quot;0&quot;,&quot;credit&quot;:&quot;&quot;,&quot;camera&quot;:&quot;&quot;,&quot;caption&quot;:&quot;&quot;,&quot;created_timestamp&quot;:&quot;0&quot;,&quot;copyright&quot;:&quot;&quot;,&quot;focal_length&quot;:&quot;0&quot;,&quot;iso&quot;:&quot;0&quot;,&quot;shutter_speed&quot;:&quot;0&quot;,&quot;title&quot;:&quot;&quot;,&quot;orientation&quot;:&quot;0&quot;}\" data-image-title=\"DSC02174\" data-image-description=\"\" data-medium-file=\"https:\/\/i0.wp.com\/unser-quartier.de\/stadt-bergheim\/files\/2018\/10\/DSC02174.jpg?fit=300%2C237&#038;ssl=1\" data-large-file=\"https:\/\/i0.wp.com\/unser-quartier.de\/stadt-bergheim\/files\/2018\/10\/DSC02174.jpg?fit=770%2C608&#038;ssl=1\" src=\"https:\/\/i0.wp.com\/unser-quartier.de\/stadt-bergheim\/files\/2018\/10\/DSC02174.jpg?w=441&#038;h=349&#038;ssl=1\" srcset=\"https:\/\/i0.wp.com\/unser-quartier.de\/stadt-bergheim\/files\/2018\/10\/DSC02174.jpg?w=1024&amp;ssl=1 1024w, https:\/\/i0.wp.com\/unser-quartier.de\/stadt-bergheim\/files\/2018\/10\/DSC02174.jpg?resize=150%2C119&amp;ssl=1 150w, https:\/\/i0.wp.com\/unser-quartier.de\/stadt-bergheim\/files\/2018\/10\/DSC02174.jpg?resize=300%2C237&amp;ssl=1 300w, https:\/\/i0.wp.com\/unser-quartier.de\/stadt-bergheim\/files\/2018\/10\/DSC02174.jpg?resize=768%2C607&amp;ssl=1 768w\" width=\"441\" height=\"349\" loading=\"lazy\" data-original-width=\"441\" data-original-height=\"349\" itemprop=\"http:\/\/schema.org\/image\" title=\"DSC02174\" alt=\"Alles ein Frage der Einstellung\" style=\"width: 441px; height: 349px;\" \/> <\/a> <div class=\"tiled-gallery-caption\" itemprop=\"caption description\"> Alles ein Frage der Einstellung <\/div> <\/div> <div class=\"tiled-gallery-item tiled-gallery-item-large\" itemprop=\"associatedMedia\" itemscope itemtype=\"http:\/\/schema.org\/ImageObject\"> <a href=\"https:\/\/unser-quartier.de\/stadt-bergheim\/2018\/10\/rollatoren-nachmittag-im-maria-hilf-krankenhaus\/dsc02170\/\" border=\"0\" itemprop=\"url\"> <meta itemprop=\"width\" content=\"441\"> <meta itemprop=\"height\" content=\"372\"> <img decoding=\"async\" class=\"\" data-attachment-id=\"26142\" data-orig-file=\"https:\/\/unser-quartier.de\/stadt-bergheim\/files\/2018\/10\/DSC02170.jpg\" data-orig-size=\"1024,864\" data-comments-opened=\"\" data-image-meta=\"{&quot;aperture&quot;:&quot;0&quot;,&quot;credit&quot;:&quot;&quot;,&quot;camera&quot;:&quot;&quot;,&quot;caption&quot;:&quot;&quot;,&quot;created_timestamp&quot;:&quot;0&quot;,&quot;copyright&quot;:&quot;&quot;,&quot;focal_length&quot;:&quot;0&quot;,&quot;iso&quot;:&quot;0&quot;,&quot;shutter_speed&quot;:&quot;0&quot;,&quot;title&quot;:&quot;&quot;,&quot;orientation&quot;:&quot;0&quot;}\" data-image-title=\"DSC02170\" data-image-description=\"\" data-medium-file=\"https:\/\/i0.wp.com\/unser-quartier.de\/stadt-bergheim\/files\/2018\/10\/DSC02170.jpg?fit=300%2C253&#038;ssl=1\" data-large-file=\"https:\/\/i0.wp.com\/unser-quartier.de\/stadt-bergheim\/files\/2018\/10\/DSC02170.jpg?fit=770%2C650&#038;ssl=1\" src=\"https:\/\/i0.wp.com\/unser-quartier.de\/stadt-bergheim\/files\/2018\/10\/DSC02170.jpg?w=441&#038;h=372&#038;ssl=1\" srcset=\"https:\/\/i0.wp.com\/unser-quartier.de\/stadt-bergheim\/files\/2018\/10\/DSC02170.jpg?w=1024&amp;ssl=1 1024w, https:\/\/i0.wp.com\/unser-quartier.de\/stadt-bergheim\/files\/2018\/10\/DSC02170.jpg?resize=150%2C127&amp;ssl=1 150w, https:\/\/i0.wp.com\/unser-quartier.de\/stadt-bergheim\/files\/2018\/10\/DSC02170.jpg?resize=300%2C253&amp;ssl=1 300w, https:\/\/i0.wp.com\/unser-quartier.de\/stadt-bergheim\/files\/2018\/10\/DSC02170.jpg?resize=768%2C648&amp;ssl=1 768w\" width=\"441\" height=\"372\" loading=\"lazy\" data-original-width=\"441\" data-original-height=\"372\" itemprop=\"http:\/\/schema.org\/image\" title=\"DSC02170\" alt=\"Stefan Herrsch zieht die Schrauben an\" style=\"width: 441px; height: 372px;\" \/> <\/a> <div class=\"tiled-gallery-caption\" itemprop=\"caption description\"> Stefan Herrsch zieht die Schrauben an <\/div> <\/div> <\/div> <!-- close group --> <div class=\"gallery-group images-1\" style=\"width: 325px; height: 729px;\" data-original-width=\"325\" data-original-height=\"729\" > <div class=\"tiled-gallery-item tiled-gallery-item-large\" itemprop=\"associatedMedia\" itemscope itemtype=\"http:\/\/schema.org\/ImageObject\"> <a href=\"https:\/\/unser-quartier.de\/stadt-bergheim\/2018\/10\/rollatoren-nachmittag-im-maria-hilf-krankenhaus\/dsc02167\/\" border=\"0\" itemprop=\"url\"> <meta itemprop=\"width\" content=\"321\"> <meta itemprop=\"height\" content=\"725\"> <img decoding=\"async\" class=\"\" data-attachment-id=\"26143\" data-orig-file=\"https:\/\/unser-quartier.de\/stadt-bergheim\/files\/2018\/10\/DSC02167.jpg\" data-orig-size=\"453,1024\" data-comments-opened=\"\" data-image-meta=\"{&quot;aperture&quot;:&quot;0&quot;,&quot;credit&quot;:&quot;&quot;,&quot;camera&quot;:&quot;&quot;,&quot;caption&quot;:&quot;&quot;,&quot;created_timestamp&quot;:&quot;0&quot;,&quot;copyright&quot;:&quot;&quot;,&quot;focal_length&quot;:&quot;0&quot;,&quot;iso&quot;:&quot;0&quot;,&quot;shutter_speed&quot;:&quot;0&quot;,&quot;title&quot;:&quot;&quot;,&quot;orientation&quot;:&quot;0&quot;}\" data-image-title=\"DSC02167\" data-image-description=\"\" data-medium-file=\"https:\/\/i0.wp.com\/unser-quartier.de\/stadt-bergheim\/files\/2018\/10\/DSC02167.jpg?fit=133%2C300&#038;ssl=1\" data-large-file=\"https:\/\/i0.wp.com\/unser-quartier.de\/stadt-bergheim\/files\/2018\/10\/DSC02167.jpg?fit=453%2C1024&#038;ssl=1\" src=\"https:\/\/i0.wp.com\/unser-quartier.de\/stadt-bergheim\/files\/2018\/10\/DSC02167.jpg?w=321&#038;h=725&#038;ssl=1\" srcset=\"https:\/\/i0.wp.com\/unser-quartier.de\/stadt-bergheim\/files\/2018\/10\/DSC02167.jpg?w=453&amp;ssl=1 453w, https:\/\/i0.wp.com\/unser-quartier.de\/stadt-bergheim\/files\/2018\/10\/DSC02167.jpg?resize=66%2C150&amp;ssl=1 66w, https:\/\/i0.wp.com\/unser-quartier.de\/stadt-bergheim\/files\/2018\/10\/DSC02167.jpg?resize=133%2C300&amp;ssl=1 133w\" width=\"321\" height=\"725\" loading=\"lazy\" data-original-width=\"321\" data-original-height=\"725\" itemprop=\"http:\/\/schema.org\/image\" title=\"DSC02167\" alt=\"Der Parcours\" style=\"width: 321px; height: 725px;\" \/> <\/a> <div class=\"tiled-gallery-caption\" itemprop=\"caption description\"> Der Parcours <\/div> <\/div> <\/div> <!-- close group --> <\/div> <!-- close row --> <div class=\"gallery-row\" style=\"width: 770px; height: 246px;\" data-original-width=\"770\" data-original-height=\"246\" > <div class=\"gallery-group images-1\" style=\"width: 401px; height: 246px;\" data-original-width=\"401\" data-original-height=\"246\" > <div class=\"tiled-gallery-item tiled-gallery-item-large\" itemprop=\"associatedMedia\" itemscope itemtype=\"http:\/\/schema.org\/ImageObject\"> <a href=\"https:\/\/unser-quartier.de\/stadt-bergheim\/2018\/10\/rollatoren-nachmittag-im-maria-hilf-krankenhaus\/dsc02163\/\" border=\"0\" itemprop=\"url\"> <meta itemprop=\"width\" content=\"397\"> <meta itemprop=\"height\" content=\"242\"> <img decoding=\"async\" class=\"\" data-attachment-id=\"26144\" data-orig-file=\"https:\/\/unser-quartier.de\/stadt-bergheim\/files\/2018\/10\/DSC02163.jpg\" data-orig-size=\"1024,624\" data-comments-opened=\"\" data-image-meta=\"{&quot;aperture&quot;:&quot;0&quot;,&quot;credit&quot;:&quot;&quot;,&quot;camera&quot;:&quot;&quot;,&quot;caption&quot;:&quot;&quot;,&quot;created_timestamp&quot;:&quot;0&quot;,&quot;copyright&quot;:&quot;&quot;,&quot;focal_length&quot;:&quot;0&quot;,&quot;iso&quot;:&quot;0&quot;,&quot;shutter_speed&quot;:&quot;0&quot;,&quot;title&quot;:&quot;&quot;,&quot;orientation&quot;:&quot;0&quot;}\" data-image-title=\"DSC02163\" data-image-description=\"\" data-medium-file=\"https:\/\/i0.wp.com\/unser-quartier.de\/stadt-bergheim\/files\/2018\/10\/DSC02163.jpg?fit=300%2C183&#038;ssl=1\" data-large-file=\"https:\/\/i0.wp.com\/unser-quartier.de\/stadt-bergheim\/files\/2018\/10\/DSC02163.jpg?fit=770%2C469&#038;ssl=1\" src=\"https:\/\/i0.wp.com\/unser-quartier.de\/stadt-bergheim\/files\/2018\/10\/DSC02163.jpg?w=397&#038;h=242&#038;ssl=1\" srcset=\"https:\/\/i0.wp.com\/unser-quartier.de\/stadt-bergheim\/files\/2018\/10\/DSC02163.jpg?w=1024&amp;ssl=1 1024w, https:\/\/i0.wp.com\/unser-quartier.de\/stadt-bergheim\/files\/2018\/10\/DSC02163.jpg?resize=150%2C91&amp;ssl=1 150w, https:\/\/i0.wp.com\/unser-quartier.de\/stadt-bergheim\/files\/2018\/10\/DSC02163.jpg?resize=300%2C183&amp;ssl=1 300w, https:\/\/i0.wp.com\/unser-quartier.de\/stadt-bergheim\/files\/2018\/10\/DSC02163.jpg?resize=768%2C468&amp;ssl=1 768w\" width=\"397\" height=\"242\" loading=\"lazy\" data-original-width=\"397\" data-original-height=\"242\" itemprop=\"http:\/\/schema.org\/image\" title=\"DSC02163\" alt=\"Die neuesten Modelle\" style=\"width: 397px; height: 242px;\" \/> <\/a> <div class=\"tiled-gallery-caption\" itemprop=\"caption description\"> Die neuesten Modelle <\/div> <\/div> <\/div> <!-- close group --> <div class=\"gallery-group images-1\" style=\"width: 369px; height: 246px;\" data-original-width=\"369\" data-original-height=\"246\" > <div class=\"tiled-gallery-item tiled-gallery-item-large\" itemprop=\"associatedMedia\" itemscope itemtype=\"http:\/\/schema.org\/ImageObject\"> <a href=\"https:\/\/unser-quartier.de\/stadt-bergheim\/2018\/10\/rollatoren-nachmittag-im-maria-hilf-krankenhaus\/dsc02194\/\" border=\"0\" itemprop=\"url\"> <meta itemprop=\"width\" content=\"365\"> <meta itemprop=\"height\" content=\"242\"> <img decoding=\"async\" class=\"\" data-attachment-id=\"26145\" data-orig-file=\"https:\/\/unser-quartier.de\/stadt-bergheim\/files\/2018\/10\/DSC02194.jpg\" data-orig-size=\"1024,680\" data-comments-opened=\"\" data-image-meta=\"{&quot;aperture&quot;:&quot;0&quot;,&quot;credit&quot;:&quot;&quot;,&quot;camera&quot;:&quot;&quot;,&quot;caption&quot;:&quot;&quot;,&quot;created_timestamp&quot;:&quot;0&quot;,&quot;copyright&quot;:&quot;&quot;,&quot;focal_length&quot;:&quot;0&quot;,&quot;iso&quot;:&quot;0&quot;,&quot;shutter_speed&quot;:&quot;0&quot;,&quot;title&quot;:&quot;&quot;,&quot;orientation&quot;:&quot;0&quot;}\" data-image-title=\"DSC02194\" data-image-description=\"\" data-medium-file=\"https:\/\/i0.wp.com\/unser-quartier.de\/stadt-bergheim\/files\/2018\/10\/DSC02194.jpg?fit=300%2C199&#038;ssl=1\" data-large-file=\"https:\/\/i0.wp.com\/unser-quartier.de\/stadt-bergheim\/files\/2018\/10\/DSC02194.jpg?fit=770%2C511&#038;ssl=1\" src=\"https:\/\/i0.wp.com\/unser-quartier.de\/stadt-bergheim\/files\/2018\/10\/DSC02194.jpg?w=365&#038;h=242&#038;ssl=1\" srcset=\"https:\/\/i0.wp.com\/unser-quartier.de\/stadt-bergheim\/files\/2018\/10\/DSC02194.jpg?w=1024&amp;ssl=1 1024w, https:\/\/i0.wp.com\/unser-quartier.de\/stadt-bergheim\/files\/2018\/10\/DSC02194.jpg?resize=150%2C100&amp;ssl=1 150w, https:\/\/i0.wp.com\/unser-quartier.de\/stadt-bergheim\/files\/2018\/10\/DSC02194.jpg?resize=300%2C199&amp;ssl=1 300w, https:\/\/i0.wp.com\/unser-quartier.de\/stadt-bergheim\/files\/2018\/10\/DSC02194.jpg?resize=768%2C510&amp;ssl=1 768w\" width=\"365\" height=\"242\" loading=\"lazy\" data-original-width=\"365\" data-original-height=\"242\" itemprop=\"http:\/\/schema.org\/image\" title=\"DSC02194\" alt=\"Slalom-Fahren\" style=\"width: 365px; height: 242px;\" \/> <\/a> <div class=\"tiled-gallery-caption\" itemprop=\"caption description\"> Slalom-Fahren <\/div> <\/div> <\/div> <!-- close group --> <\/div> <!-- close row --> <\/div>\n<p>Trotzdem nimmt sie die Einladung des Maria-Hilf-Krankenhauses in Bergheim zum ersten Rollator-Nachmittag gern an und kommt zum Sicherheitscheck in die Physiotherapie-Abteilung im Untergeschoss. Die Besucherinnen und Besucher nutzen die Gelegenheit, ihre Rollatoren \u00fcberpr\u00fcfen zu lassen \u2013 von der Einstellung der Bremsen und Griffe bis hin zur richtigen Handhabung. Als &#8220;alter Hase&#8221; flitzt Frau Steinmetz \u00a0geradezu \u00fcber den Parcours aus verschiedenen Untergr\u00fcnden, auch den H\u00fctchen-Slalom bew\u00e4ltigt sie im Nullkommanix. Christian Schneider und Stefan Hertzsch, Mitarbeiter der Firma Rahm &#8211;\u00a0Zentrum f\u00fcr Gesundheit &#8211; aus Gleuel, h\u00f6ren aber sofort, dass die Lager an ihrer geliebten \u201eollen Gurke\u201c kaputt sind und ausgestauscht werden m\u00fcssen.<\/p>\n<p>Vielleicht doch einmal einen Blick auf die Ausstellung mit den neuesten Modellen werfen und unter fachkundiger Anleitung testen? Auch Toni Winkel aus Glesch l\u00e4sst sich durch die Hubbel, gemeinen Rillen und Unebenheiten des Parcours nicht aus der Ruhe bringen, langsam kommt man auch ins Ziel. Interessiert h\u00f6rt er den Experten zu, wie er sicher Kurven f\u00e4hrt, Hindernisse \u00fcberwindet, sich richtig hinsetzt und wieder aufsteht. Raphaela Sachinidou, die f\u00fcr die \u00d6ffentlichkeitsarbeit zust\u00e4ndig ist, freut sich \u00fcber den regen Zuspruch des kostenlosen Angebots: \u201eDas Krankenhaus ist schlie\u00dflich nicht nur f\u00fcr Kranke da.&#8221;<\/p>\n","protected":false},"excerpt":{"rendered":"<p><strong>Sicherheitscheck, Beratung und Ausstellung\u00a0<\/strong><\/p>\n<p><strong>\u00a0<\/strong>Ohne ihren Rollator geht gar nichts: Christine Steinmetz, 66, hat von Geburt an eine spastische L\u00e4hmung am Bein und ist auf ihr Gehw\u00e4gelchen als Mobilit\u00e4tshilfe angewiesen. In der Wohnung nutzt sie das leichtere Modell von der Krankenkasse, drau\u00dfen das \u201ealte H\u00fcndchen\u201c eines Bekannten. Die lebenslustige Bergheimerin ist viel unterwegs, schiebt gern &hellip; <\/p>\n<p><a class=\"more-link btn\" href=\"https:\/\/unser-quartier.de\/stadt-bergheim\/2018\/10\/rollatoren-nachmittag-im-maria-hilf-krankenhaus\/\">Weiterlesen<\/a><\/p>\n","protected":false},"author":133,"featured_media":0,"comment_status":"closed","ping_status":"closed","sticky":false,"template":"","format":"standard","meta":{"_bbp_topic_count":0,"_bbp_reply_count":0,"_bbp_total_topic_count":0,"_bbp_total_reply_count":0,"_bbp_voice_count":0,"_bbp_anonymous_reply_count":0,"_bbp_topic_count_hidden":0,"_bbp_reply_count_hidden":0,"_bbp_forum_subforum_count":0,"jetpack_post_was_ever_published":false,"_jetpack_newsletter_access":"","_jetpack_dont_email_post_to_subs":false,"_jetpack_newsletter_tier_id":0,"_jetpack_memberships_contains_paywalled_content":false,"_jetpack_memberships_contains_paid_content":false,"footnotes":""},"categories":[66],"tags":[],"class_list":["post-26138","post","type-post","status-publish","format-standard","hentry","category-gesundheit","item-wrap"],"jetpack_sharing_enabled":true,"jetpack_featured_media_url":"","jetpack_shortlink":"https:\/\/wp.me\/p3vhfJ-6NA","jetpack_likes_enabled":true,"_links":{"self":[{"href":"https:\/\/unser-quartier.de\/stadt-bergheim\/wp-json\/wp\/v2\/posts\/26138","targetHints":{"allow":["GET"]}}],"collection":[{"href":"https:\/\/unser-quartier.de\/stadt-bergheim\/wp-json\/wp\/v2\/posts"}],"about":[{"href":"https:\/\/unser-quartier.de\/stadt-bergheim\/wp-json\/wp\/v2\/types\/post"}],"author":[{"embeddable":true,"href":"https:\/\/unser-quartier.de\/stadt-bergheim\/wp-json\/wp\/v2\/users\/133"}],"replies":[{"embeddable":true,"href":"https:\/\/unser-quartier.de\/stadt-bergheim\/wp-json\/wp\/v2\/comments?post=26138"}],"version-history":[{"count":0,"href":"https:\/\/unser-quartier.de\/stadt-bergheim\/wp-json\/wp\/v2\/posts\/26138\/revisions"}],"wp:attachment":[{"href":"https:\/\/unser-quartier.de\/stadt-bergheim\/wp-json\/wp\/v2\/media?parent=26138"}],"wp:term":[{"taxonomy":"category","embeddable":true,"href":"https:\/\/unser-quartier.de\/stadt-bergheim\/wp-json\/wp\/v2\/categories?post=26138"},{"taxonomy":"post_tag","embeddable":true,"href":"https:\/\/unser-quartier.de\/stadt-bergheim\/wp-json\/wp\/v2\/tags?post=26138"}],"curies":[{"name":"wp","href":"https:\/\/api.w.org\/{rel}","templated":true}]}}