{"id":26453,"date":"2018-12-05T00:01:28","date_gmt":"2018-12-04T23:01:28","guid":{"rendered":"https:\/\/unser-quartier.de\/stadt-bergheim\/?p=26453"},"modified":"2018-12-05T22:12:19","modified_gmt":"2018-12-05T21:12:19","slug":"es-war-einmal-2","status":"publish","type":"post","link":"https:\/\/unser-quartier.de\/stadt-bergheim\/2018\/12\/es-war-einmal-2\/","title":{"rendered":"Es war einmal &#8230;"},"content":{"rendered":"<p><a href=\"https:\/\/unser-quartier.de\/stadt-bergheim\/2018\/12\/es-war-einmal-2\/3df13034-491b-4d75-9a0e-0ca5c5f21a48\/\" rel=\"attachment wp-att-26455\"><img data-recalc-dims=\"1\" loading=\"lazy\" decoding=\"async\" data-attachment-id=\"26455\" data-permalink=\"https:\/\/unser-quartier.de\/stadt-bergheim\/2018\/12\/es-war-einmal-2\/3df13034-491b-4d75-9a0e-0ca5c5f21a48\/\" data-orig-file=\"https:\/\/i0.wp.com\/unser-quartier.de\/stadt-bergheim\/files\/2018\/12\/3DF13034-491B-4D75-9A0E-0CA5C5F21A48.jpeg?fit=575%2C902&amp;ssl=1\" data-orig-size=\"575,902\" data-comments-opened=\"0\" data-image-meta=\"{&quot;aperture&quot;:&quot;0&quot;,&quot;credit&quot;:&quot;&quot;,&quot;camera&quot;:&quot;&quot;,&quot;caption&quot;:&quot;&quot;,&quot;created_timestamp&quot;:&quot;0&quot;,&quot;copyright&quot;:&quot;&quot;,&quot;focal_length&quot;:&quot;0&quot;,&quot;iso&quot;:&quot;0&quot;,&quot;shutter_speed&quot;:&quot;0&quot;,&quot;title&quot;:&quot;&quot;,&quot;orientation&quot;:&quot;1&quot;}\" data-image-title=\"3DF13034-491B-4D75-9A0E-0CA5C5F21A48\" data-image-description=\"\" data-image-caption=\"\" data-medium-file=\"https:\/\/i0.wp.com\/unser-quartier.de\/stadt-bergheim\/files\/2018\/12\/3DF13034-491B-4D75-9A0E-0CA5C5F21A48.jpeg?fit=191%2C300&amp;ssl=1\" data-large-file=\"https:\/\/i0.wp.com\/unser-quartier.de\/stadt-bergheim\/files\/2018\/12\/3DF13034-491B-4D75-9A0E-0CA5C5F21A48.jpeg?fit=575%2C902&amp;ssl=1\" class=\"alignnone size-medium wp-image-26455\" src=\"https:\/\/i0.wp.com\/unser-quartier.de\/stadt-bergheim\/files\/2018\/12\/3DF13034-491B-4D75-9A0E-0CA5C5F21A48.jpeg?resize=191%2C300&#038;ssl=1\" alt=\"\" width=\"191\" height=\"300\" srcset=\"https:\/\/i0.wp.com\/unser-quartier.de\/stadt-bergheim\/files\/2018\/12\/3DF13034-491B-4D75-9A0E-0CA5C5F21A48.jpeg?resize=191%2C300&amp;ssl=1 191w, https:\/\/i0.wp.com\/unser-quartier.de\/stadt-bergheim\/files\/2018\/12\/3DF13034-491B-4D75-9A0E-0CA5C5F21A48.jpeg?resize=96%2C150&amp;ssl=1 96w, https:\/\/i0.wp.com\/unser-quartier.de\/stadt-bergheim\/files\/2018\/12\/3DF13034-491B-4D75-9A0E-0CA5C5F21A48.jpeg?w=575&amp;ssl=1 575w\" sizes=\"auto, (max-width: 191px) 100vw, 191px\" \/><\/a><\/p>\n<p><span style=\"font-size: 20px; font-family: arial, helvetica, sans-serif;\">Begegnung mit dem Nikolaus<\/span><\/p>\n<p><span style=\"font-size: 20px; font-family: arial, helvetica, sans-serif;\">In Berrendorf erz\u00e4hlte man sich die Sage, dass einem Bauern einen Tag vor Nikolaus ein Sohn geboren w\u00e4re. Wie es Sitte war, brachten mehrere Taufpaten das Kind zur Taufe in der Kirche zu Paffendorf. Das Kind wurde auf den Namen Nikolaus getauft. Nach der Taufe wurde, wie es fr\u00fcher \u00fcblich war, kr\u00e4ftig in den Gasst\u00e4tten zu Paffendorf Taufest gefeiert. Erst am sp\u00e4ten Nachmittag schwankten die Paten wieder der Heimat zu. Die Eltern machten sich inzwischen gro\u00dfe Sorgen, da man schon lange auf die Heimkehr der Taufpaten mit dem S\u00e4ugling wartete. Der Vater machte sich auf, um die Vermissten zu suchen. Er traf sie vor dem Dorf und wurde leichenblass, als er bemerkte, dass sein Stammhalter nicht unter Ihnen weilte. Schnell stellte sich heraus, dass niemand wusste, wo das Kind war. Einer hatte sich auf den anderen verlassen. Verzweifelt fuhr man den Kirchweg zur\u00fcck und fand das Kind unversehrt am Rande eines kleinen Mars, so wurde fr\u00fcher ein Weiher genannt. Es schlummerte still und zufrieden in seinem K\u00f6rbchen. Schnell war man sich einig, dass der Heilige Nikolaus dieses Kind in der langen Winternacht vor dem Erfrieren gerettet hat. \u201eNikolaus-K\u00fclche\u201c wird seit dieser Zeit die Stelle am Sumpf genannt. Heute befindet sich dort Ackerland.<\/span><\/p>\n<p><span style=\"font-size: 20px; font-family: arial, helvetica, sans-serif;\">Erstmalig erw\u00e4hnt wird eine Kirch in Paffendorf im Jahr 1148. Die heutige Kirche St. Pankratius stellt einen \u00fcberwiegend sp\u00e4tgotischen Kirchenbau dar. Romanischen Ursprungs ist noch der Turm der Kirche. Es ist anzunehmen, dass es sich hier um einen Teil einer kleinen Saalkirche handelte, die wiederum der steinerne Nachfolger einer ehemals h\u00f6lzernen Kirche gewesen sein d\u00fcrfte. Nach einem Brand im Jahre 1746 ist das Langhaus wieder als dreischiffige Hallenkirche aufgebaut worden. Der K\u00f6lner Baumeister August Lange hat im vorigen Jahrhundert eine umfassende Renovierung und Umgestaltung der Kirche \u00fcbernommen. Die barockisierende Haubenkuppel mit daraus herausragender Spitze, wurde durch einen gotisierenden Turm abgel\u00f6st und der Eingang mit einem romanisierenden Portal versehen. In der Kirche befinden sich einige sehenswerte Kostbarkeiten. Hier nur einige Beispiele: ein flandrischer Schnitzaltar aus dem 16. Jahrhundert, eine barocke Kanzel (1619 der Inschrift nach, der Form aber um 1700) und eine Figur des Hl. Antonius von Padua, der nach der S\u00e4kularisation vom Kloster Bethlehem nach Paffendorf kam.<\/span><\/p>\n<p><span style=\"font-size: 20px; font-family: arial, helvetica, sans-serif;\">von Astrid Machuj<\/span><br \/>\n<span style=\"font-size: 20px; font-family: arial, helvetica, sans-serif;\">Stadtf\u00fchrerin<\/span><\/p>\n","protected":false},"excerpt":{"rendered":"<\/p>\n<p>Begegnung mit dem Nikolaus<\/p>\n<p>In Berrendorf erz\u00e4hlte man sich die Sage, dass einem Bauern einen Tag vor Nikolaus ein Sohn geboren w\u00e4re. Wie es Sitte war, brachten mehrere Taufpaten das Kind zur Taufe in der Kirche zu Paffendorf. Das Kind wurde auf den Namen Nikolaus getauft. Nach der Taufe wurde, wie es fr\u00fcher \u00fcblich &hellip; <\/p>\n<p><a class=\"more-link btn\" href=\"https:\/\/unser-quartier.de\/stadt-bergheim\/2018\/12\/es-war-einmal-2\/\">Weiterlesen<\/a><\/p>\n","protected":false},"author":48,"featured_media":0,"comment_status":"closed","ping_status":"closed","sticky":false,"template":"","format":"standard","meta":{"_bbp_topic_count":0,"_bbp_reply_count":0,"_bbp_total_topic_count":0,"_bbp_total_reply_count":0,"_bbp_voice_count":0,"_bbp_anonymous_reply_count":0,"_bbp_topic_count_hidden":0,"_bbp_reply_count_hidden":0,"_bbp_forum_subforum_count":0,"jetpack_post_was_ever_published":false,"_jetpack_newsletter_access":"","_jetpack_dont_email_post_to_subs":false,"_jetpack_newsletter_tier_id":0,"_jetpack_memberships_contains_paywalled_content":false,"_jetpack_memberships_contains_paid_content":false,"footnotes":""},"categories":[75],"tags":[],"class_list":["post-26453","post","type-post","status-publish","format-standard","hentry","category-buntes-brett","item-wrap"],"jetpack_sharing_enabled":true,"jetpack_featured_media_url":"","jetpack_shortlink":"https:\/\/wp.me\/p3vhfJ-6SF","jetpack_likes_enabled":true,"_links":{"self":[{"href":"https:\/\/unser-quartier.de\/stadt-bergheim\/wp-json\/wp\/v2\/posts\/26453","targetHints":{"allow":["GET"]}}],"collection":[{"href":"https:\/\/unser-quartier.de\/stadt-bergheim\/wp-json\/wp\/v2\/posts"}],"about":[{"href":"https:\/\/unser-quartier.de\/stadt-bergheim\/wp-json\/wp\/v2\/types\/post"}],"author":[{"embeddable":true,"href":"https:\/\/unser-quartier.de\/stadt-bergheim\/wp-json\/wp\/v2\/users\/48"}],"replies":[{"embeddable":true,"href":"https:\/\/unser-quartier.de\/stadt-bergheim\/wp-json\/wp\/v2\/comments?post=26453"}],"version-history":[{"count":0,"href":"https:\/\/unser-quartier.de\/stadt-bergheim\/wp-json\/wp\/v2\/posts\/26453\/revisions"}],"wp:attachment":[{"href":"https:\/\/unser-quartier.de\/stadt-bergheim\/wp-json\/wp\/v2\/media?parent=26453"}],"wp:term":[{"taxonomy":"category","embeddable":true,"href":"https:\/\/unser-quartier.de\/stadt-bergheim\/wp-json\/wp\/v2\/categories?post=26453"},{"taxonomy":"post_tag","embeddable":true,"href":"https:\/\/unser-quartier.de\/stadt-bergheim\/wp-json\/wp\/v2\/tags?post=26453"}],"curies":[{"name":"wp","href":"https:\/\/api.w.org\/{rel}","templated":true}]}}