{"id":26646,"date":"2018-12-05T22:00:29","date_gmt":"2018-12-05T21:00:29","guid":{"rendered":"https:\/\/unser-quartier.de\/stadt-bergheim\/?p=26646"},"modified":"2018-12-05T22:10:09","modified_gmt":"2018-12-05T21:10:09","slug":"historienspiel-jan-von-werth","status":"publish","type":"post","link":"https:\/\/unser-quartier.de\/stadt-bergheim\/2018\/12\/historienspiel-jan-von-werth\/","title":{"rendered":"Historienspiel Jan von Werth &#8230;"},"content":{"rendered":"<p><a href=\"https:\/\/unser-quartier.de\/stadt-bergheim\/2018\/11\/historienspiel-jan-von-werth\/89fb1704-b5ae-4aea-a7cf-d3f20f08e5fe\/\" rel=\"attachment wp-att-26648\"><img data-recalc-dims=\"1\" loading=\"lazy\" decoding=\"async\" data-attachment-id=\"26648\" data-permalink=\"https:\/\/unser-quartier.de\/stadt-bergheim\/2018\/12\/historienspiel-jan-von-werth\/89fb1704-b5ae-4aea-a7cf-d3f20f08e5fe\/\" data-orig-file=\"https:\/\/i0.wp.com\/unser-quartier.de\/stadt-bergheim\/files\/2018\/11\/89FB1704-B5AE-4AEA-A7CF-D3F20F08E5FE.jpeg?fit=731%2C1024&amp;ssl=1\" data-orig-size=\"731,1024\" data-comments-opened=\"0\" data-image-meta=\"{&quot;aperture&quot;:&quot;0&quot;,&quot;credit&quot;:&quot;&quot;,&quot;camera&quot;:&quot;&quot;,&quot;caption&quot;:&quot;&quot;,&quot;created_timestamp&quot;:&quot;0&quot;,&quot;copyright&quot;:&quot;&quot;,&quot;focal_length&quot;:&quot;0&quot;,&quot;iso&quot;:&quot;0&quot;,&quot;shutter_speed&quot;:&quot;0&quot;,&quot;title&quot;:&quot;&quot;,&quot;orientation&quot;:&quot;0&quot;}\" data-image-title=\"89FB1704-B5AE-4AEA-A7CF-D3F20F08E5FE\" data-image-description=\"\" data-image-caption=\"\" data-medium-file=\"https:\/\/i0.wp.com\/unser-quartier.de\/stadt-bergheim\/files\/2018\/11\/89FB1704-B5AE-4AEA-A7CF-D3F20F08E5FE.jpeg?fit=214%2C300&amp;ssl=1\" data-large-file=\"https:\/\/i0.wp.com\/unser-quartier.de\/stadt-bergheim\/files\/2018\/11\/89FB1704-B5AE-4AEA-A7CF-D3F20F08E5FE.jpeg?fit=731%2C1024&amp;ssl=1\" class=\"alignnone size-medium wp-image-26648\" src=\"https:\/\/i0.wp.com\/unser-quartier.de\/stadt-bergheim\/files\/2018\/11\/89FB1704-B5AE-4AEA-A7CF-D3F20F08E5FE.jpeg?resize=214%2C300&#038;ssl=1\" alt=\"\" width=\"214\" height=\"300\" srcset=\"https:\/\/i0.wp.com\/unser-quartier.de\/stadt-bergheim\/files\/2018\/11\/89FB1704-B5AE-4AEA-A7CF-D3F20F08E5FE.jpeg?resize=214%2C300&amp;ssl=1 214w, https:\/\/i0.wp.com\/unser-quartier.de\/stadt-bergheim\/files\/2018\/11\/89FB1704-B5AE-4AEA-A7CF-D3F20F08E5FE.jpeg?resize=107%2C150&amp;ssl=1 107w, https:\/\/i0.wp.com\/unser-quartier.de\/stadt-bergheim\/files\/2018\/11\/89FB1704-B5AE-4AEA-A7CF-D3F20F08E5FE.jpeg?w=731&amp;ssl=1 731w\" sizes=\"auto, (max-width: 214px) 100vw, 214px\" \/><\/a><\/p>\n<p><span style=\"font-size: 20px; font-family: arial, helvetica, sans-serif;\">Historienspiel \u201eJan von Werth\u201d\u00a0in Quadrath-Ichendorf und Bergheim<\/span><\/p>\n<p><span style=\"font-size: 20px; font-family: arial, helvetica, sans-serif;\">am zweiten Adventswochenende hei\u00dft es wieder \u201e&#8230;su \u2013 wie et en ech jewese es\u201c. Seit 2013 lassen\u00a0 es sich Mitglieder des Museumsverein, des Vereins f\u00fcr Geschichte und Heimatkunde aus Quadrath-Ichendorf und die KG Bergheimer Torwache nicht nehmen, jedes Jahr erneut spielerisch darauf hinzuweisen, dass die Urspr\u00fcnge der K\u00f6lner Sage nicht vor dem Severinstor, sondern auf den Feldern zwischen Bergheim und Quadrath zu finden sind.<\/span><\/p>\n<p><span style=\"font-size: 20px; font-family: arial, helvetica, sans-serif;\">Griet f\u00e4llt diesmal aus allen Wolken, als sie h\u00f6rt, dass Bethlehem im gelobten Land lag. Da sie schlie\u00dflich nie aus Bergheim herausgekommen ist, stand f\u00fcr sie fest, dass es nur ein Bethlehem gab, und zwar das Kloster Bethlehem, das zwischen Bergheim und Oberau\u00dfem gelegen hat. Also muss selbstverst\u00e4ndlich auch dort im Stall das Jesuskind geboren worden sein. Oder???? Die Aufkl\u00e4rung wird nat\u00fcrlich prompt geliefert. Sie l\u00e4dt nicht nur zum Schmunzeln ein, sondern erm\u00f6glicht auch einen kleinen Einblick in\u00a0 historische Hintergr\u00fcnde.<\/span><\/p>\n<p><span style=\"font-size: 20px; font-family: arial, helvetica, sans-serif;\">Das Historienspiel um den gro\u00dfen Reitergeneral Jan von Werth und seine Griet wird am 8. Dezember um 16.00 Uhr auf dem Weihnachtsmarkt in der Erftm\u00fchle und am 9. Dezember\u00a0ebenfalls um 16.00 Uhr, im Winterdorf in Bergheim aufgef\u00fchrt. Die Dauer des St\u00fcckes betr\u00e4gt ca. 30 Minuten.<\/span><\/p>\n","protected":false},"excerpt":{"rendered":"<\/p>\n<p>Historienspiel \u201eJan von Werth\u201d\u00a0in Quadrath-Ichendorf und Bergheim<\/p>\n<p>am zweiten Adventswochenende hei\u00dft es wieder \u201e&#8230;su \u2013 wie et en ech jewese es\u201c. Seit 2013 lassen\u00a0 es sich Mitglieder des Museumsverein, des Vereins f\u00fcr Geschichte und Heimatkunde aus Quadrath-Ichendorf und die KG Bergheimer Torwache nicht nehmen, jedes Jahr erneut spielerisch darauf hinzuweisen, dass die Urspr\u00fcnge der &hellip; <\/p>\n<p><a class=\"more-link btn\" href=\"https:\/\/unser-quartier.de\/stadt-bergheim\/2018\/12\/historienspiel-jan-von-werth\/\">Weiterlesen<\/a><\/p>\n","protected":false},"author":48,"featured_media":0,"comment_status":"closed","ping_status":"closed","sticky":false,"template":"","format":"standard","meta":{"_bbp_topic_count":0,"_bbp_reply_count":0,"_bbp_total_topic_count":0,"_bbp_total_reply_count":0,"_bbp_voice_count":0,"_bbp_anonymous_reply_count":0,"_bbp_topic_count_hidden":0,"_bbp_reply_count_hidden":0,"_bbp_forum_subforum_count":0,"jetpack_post_was_ever_published":false,"_jetpack_newsletter_access":"","_jetpack_dont_email_post_to_subs":false,"_jetpack_newsletter_tier_id":0,"_jetpack_memberships_contains_paywalled_content":false,"_jetpack_memberships_contains_paid_content":false,"footnotes":""},"categories":[75],"tags":[],"class_list":["post-26646","post","type-post","status-publish","format-standard","hentry","category-buntes-brett","item-wrap"],"jetpack_sharing_enabled":true,"jetpack_featured_media_url":"","jetpack_shortlink":"https:\/\/wp.me\/p3vhfJ-6VM","jetpack_likes_enabled":true,"_links":{"self":[{"href":"https:\/\/unser-quartier.de\/stadt-bergheim\/wp-json\/wp\/v2\/posts\/26646","targetHints":{"allow":["GET"]}}],"collection":[{"href":"https:\/\/unser-quartier.de\/stadt-bergheim\/wp-json\/wp\/v2\/posts"}],"about":[{"href":"https:\/\/unser-quartier.de\/stadt-bergheim\/wp-json\/wp\/v2\/types\/post"}],"author":[{"embeddable":true,"href":"https:\/\/unser-quartier.de\/stadt-bergheim\/wp-json\/wp\/v2\/users\/48"}],"replies":[{"embeddable":true,"href":"https:\/\/unser-quartier.de\/stadt-bergheim\/wp-json\/wp\/v2\/comments?post=26646"}],"version-history":[{"count":0,"href":"https:\/\/unser-quartier.de\/stadt-bergheim\/wp-json\/wp\/v2\/posts\/26646\/revisions"}],"wp:attachment":[{"href":"https:\/\/unser-quartier.de\/stadt-bergheim\/wp-json\/wp\/v2\/media?parent=26646"}],"wp:term":[{"taxonomy":"category","embeddable":true,"href":"https:\/\/unser-quartier.de\/stadt-bergheim\/wp-json\/wp\/v2\/categories?post=26646"},{"taxonomy":"post_tag","embeddable":true,"href":"https:\/\/unser-quartier.de\/stadt-bergheim\/wp-json\/wp\/v2\/tags?post=26646"}],"curies":[{"name":"wp","href":"https:\/\/api.w.org\/{rel}","templated":true}]}}