{"id":26760,"date":"2018-12-10T18:15:49","date_gmt":"2018-12-10T17:15:49","guid":{"rendered":"https:\/\/unser-quartier.de\/stadt-bergheim\/?p=26760"},"modified":"2018-12-10T19:31:31","modified_gmt":"2018-12-10T18:31:31","slug":"stadtteilladen-qi-informiert","status":"publish","type":"post","link":"https:\/\/unser-quartier.de\/stadt-bergheim\/2018\/12\/stadtteilladen-qi-informiert\/","title":{"rendered":"Stadtteilladen QI informiert &#8230;"},"content":{"rendered":"<p><a href=\"https:\/\/unser-quartier.de\/stadt-bergheim\/2018\/11\/stadtteilladen-qi-informiert\/e480ff22-c9b4-4941-8705-4e92f77c3854\/\" rel=\"attachment wp-att-26787\"><img data-recalc-dims=\"1\" loading=\"lazy\" decoding=\"async\" data-attachment-id=\"26787\" data-permalink=\"https:\/\/unser-quartier.de\/stadt-bergheim\/2018\/12\/stadtteilladen-qi-informiert\/e480ff22-c9b4-4941-8705-4e92f77c3854\/\" data-orig-file=\"https:\/\/i0.wp.com\/unser-quartier.de\/stadt-bergheim\/files\/2018\/11\/E480FF22-C9B4-4941-8705-4E92F77C3854.jpeg?fit=750%2C527&amp;ssl=1\" data-orig-size=\"750,527\" data-comments-opened=\"0\" data-image-meta=\"{&quot;aperture&quot;:&quot;0&quot;,&quot;credit&quot;:&quot;&quot;,&quot;camera&quot;:&quot;&quot;,&quot;caption&quot;:&quot;&quot;,&quot;created_timestamp&quot;:&quot;0&quot;,&quot;copyright&quot;:&quot;&quot;,&quot;focal_length&quot;:&quot;0&quot;,&quot;iso&quot;:&quot;0&quot;,&quot;shutter_speed&quot;:&quot;0&quot;,&quot;title&quot;:&quot;&quot;,&quot;orientation&quot;:&quot;1&quot;}\" data-image-title=\"E480FF22-C9B4-4941-8705-4E92F77C3854\" data-image-description=\"\" data-image-caption=\"\" data-medium-file=\"https:\/\/i0.wp.com\/unser-quartier.de\/stadt-bergheim\/files\/2018\/11\/E480FF22-C9B4-4941-8705-4E92F77C3854.jpeg?fit=300%2C211&amp;ssl=1\" data-large-file=\"https:\/\/i0.wp.com\/unser-quartier.de\/stadt-bergheim\/files\/2018\/11\/E480FF22-C9B4-4941-8705-4E92F77C3854.jpeg?fit=750%2C527&amp;ssl=1\" class=\"alignnone size-medium wp-image-26787\" src=\"https:\/\/i0.wp.com\/unser-quartier.de\/stadt-bergheim\/files\/2018\/11\/E480FF22-C9B4-4941-8705-4E92F77C3854.jpeg?resize=300%2C211&#038;ssl=1\" alt=\"\" width=\"300\" height=\"211\" srcset=\"https:\/\/i0.wp.com\/unser-quartier.de\/stadt-bergheim\/files\/2018\/11\/E480FF22-C9B4-4941-8705-4E92F77C3854.jpeg?resize=300%2C211&amp;ssl=1 300w, https:\/\/i0.wp.com\/unser-quartier.de\/stadt-bergheim\/files\/2018\/11\/E480FF22-C9B4-4941-8705-4E92F77C3854.jpeg?resize=150%2C105&amp;ssl=1 150w, https:\/\/i0.wp.com\/unser-quartier.de\/stadt-bergheim\/files\/2018\/11\/E480FF22-C9B4-4941-8705-4E92F77C3854.jpeg?w=750&amp;ssl=1 750w\" sizes=\"auto, (max-width: 300px) 100vw, 300px\" \/><\/a><\/p>\n<p><span style=\"font-size: 20px; font-family: arial, helvetica, sans-serif;\">Liebe Kulturfreundinnen und Kulturfreunde,<\/span><\/p>\n<p><span style=\"font-size: 20px; font-family: arial, helvetica, sans-serif;\">hiermit m\u00f6chte ich ganz herzlich zum Vorleseabend am 17.12. im StadtteilLaden, K\u00f6ln-Aachener-Stra\u00dfe 116 einladen.<\/span><\/p>\n<p><span style=\"font-size: 20px; font-family: arial, helvetica, sans-serif;\"> Eintritt frei.<\/span><\/p>\n<p><span style=\"font-size: 20px; font-family: arial, helvetica, sans-serif;\">Die Adventszeit zeichnet sich durch ihre vielen kleinen Geschenke, Gespr\u00e4che und besinnlichen Momente aus. Ganz in diesem Sinne veranstalten wir mit drei wunderbaren Menschen einen Vorleseabend unter dem Titel &#8220;Geschichten f\u00fcr Herz und Geist&#8221;. Es werden sowohl selbst verfasste als auch fremde Texte gelesen.<\/span><br \/>\n<span style=\"font-size: 20px; font-family: arial, helvetica, sans-serif;\">\u00a0<\/span><\/p>\n<p><span style=\"font-size: 20px; font-family: arial, helvetica, sans-serif;\">Wir freuen uns auf zahlreiches Erscheinen, um ab 19:00 Uhr (Einlass ab 18:30 Uhr) gemeinsam die letzte Adventswoche einzul\u00e4uten. \u00a0<\/span><\/p>\n<p><span style=\"font-size: 20px; font-family: arial, helvetica, sans-serif;\">Liebe Gr\u00fc\u00dfe<\/span><br \/>\n<span style=\"font-size: 20px; font-family: arial, helvetica, sans-serif;\">Anika Kresken<\/span><\/p>\n<p><span style=\"font-size: 20px; font-family: arial, helvetica, sans-serif;\"><strong>Nat\u00fcrlich darf gerne geteilt und verbreitet werden.<\/strong><\/span><\/p>\n","protected":false},"excerpt":{"rendered":"<\/p>\n<p>Liebe Kulturfreundinnen und Kulturfreunde,<\/p>\n<p>hiermit m\u00f6chte ich ganz herzlich zum Vorleseabend am 17.12. im StadtteilLaden, K\u00f6ln-Aachener-Stra\u00dfe 116 einladen.<\/p>\n<p> Eintritt frei.<\/p>\n<p>Die Adventszeit zeichnet sich durch ihre vielen kleinen Geschenke, Gespr\u00e4che und besinnlichen Momente aus. Ganz in diesem Sinne veranstalten wir mit drei wunderbaren Menschen einen Vorleseabend unter dem Titel &#8220;Geschichten f\u00fcr Herz und &hellip; <\/p>\n<p><a class=\"more-link btn\" href=\"https:\/\/unser-quartier.de\/stadt-bergheim\/2018\/12\/stadtteilladen-qi-informiert\/\">Weiterlesen<\/a><\/p>\n","protected":false},"author":48,"featured_media":0,"comment_status":"closed","ping_status":"closed","sticky":false,"template":"","format":"standard","meta":{"_bbp_topic_count":0,"_bbp_reply_count":0,"_bbp_total_topic_count":0,"_bbp_total_reply_count":0,"_bbp_voice_count":0,"_bbp_anonymous_reply_count":0,"_bbp_topic_count_hidden":0,"_bbp_reply_count_hidden":0,"_bbp_forum_subforum_count":0,"jetpack_post_was_ever_published":false,"_jetpack_newsletter_access":"","_jetpack_dont_email_post_to_subs":false,"_jetpack_newsletter_tier_id":0,"_jetpack_memberships_contains_paywalled_content":false,"_jetpack_memberships_contains_paid_content":false,"footnotes":""},"categories":[59],"tags":[],"class_list":["post-26760","post","type-post","status-publish","format-standard","hentry","category-freiwilliges-engagement","item-wrap"],"jetpack_sharing_enabled":true,"jetpack_featured_media_url":"","jetpack_shortlink":"https:\/\/wp.me\/p3vhfJ-6XC","jetpack_likes_enabled":true,"_links":{"self":[{"href":"https:\/\/unser-quartier.de\/stadt-bergheim\/wp-json\/wp\/v2\/posts\/26760","targetHints":{"allow":["GET"]}}],"collection":[{"href":"https:\/\/unser-quartier.de\/stadt-bergheim\/wp-json\/wp\/v2\/posts"}],"about":[{"href":"https:\/\/unser-quartier.de\/stadt-bergheim\/wp-json\/wp\/v2\/types\/post"}],"author":[{"embeddable":true,"href":"https:\/\/unser-quartier.de\/stadt-bergheim\/wp-json\/wp\/v2\/users\/48"}],"replies":[{"embeddable":true,"href":"https:\/\/unser-quartier.de\/stadt-bergheim\/wp-json\/wp\/v2\/comments?post=26760"}],"version-history":[{"count":0,"href":"https:\/\/unser-quartier.de\/stadt-bergheim\/wp-json\/wp\/v2\/posts\/26760\/revisions"}],"wp:attachment":[{"href":"https:\/\/unser-quartier.de\/stadt-bergheim\/wp-json\/wp\/v2\/media?parent=26760"}],"wp:term":[{"taxonomy":"category","embeddable":true,"href":"https:\/\/unser-quartier.de\/stadt-bergheim\/wp-json\/wp\/v2\/categories?post=26760"},{"taxonomy":"post_tag","embeddable":true,"href":"https:\/\/unser-quartier.de\/stadt-bergheim\/wp-json\/wp\/v2\/tags?post=26760"}],"curies":[{"name":"wp","href":"https:\/\/api.w.org\/{rel}","templated":true}]}}