{"id":26926,"date":"2018-12-03T18:40:31","date_gmt":"2018-12-03T17:40:31","guid":{"rendered":"https:\/\/unser-quartier.de\/stadt-bergheim\/?p=26926"},"modified":"2018-12-03T18:40:31","modified_gmt":"2018-12-03T17:40:31","slug":"zu-besuch-beim-christkind","status":"publish","type":"post","link":"https:\/\/unser-quartier.de\/stadt-bergheim\/2018\/12\/zu-besuch-beim-christkind\/","title":{"rendered":"Zu Besuch beim Christkind"},"content":{"rendered":"<p><strong>Romantischer Weihnachtsmarkt auf Schloss Merode<\/strong><\/p>\n<p>Im Advent ist Warten auf\u2019s Christkind angesagt&#8230;wer aber trotzdem schon einen Blick erhaschen will, kann dies beim romantischen Weihnachtsmarkt auf Schloss Merode in Langerwehe bei D\u00fcren tun. Dort erscheint das himmlische Wesen in luftiger H\u00f6he mehrmals am Fenster, gesichert durch einen B\u00fcgel, und verk\u00fcndet dem Volk mit engelgleicher Stimme die frohe Botschaft. Das malerische Renaissance-Wasserschloss mit seinem weitl\u00e4ufigen Park, Stammsitz des Prinzen Charles-Louis und seiner F\u00fcrsten-Familie, wird zur romantischen Kulisse f\u00fcr traditionelles Handwerkstreiben und idyllisches Dorfleben in kleinen, sch\u00f6n gem\u00fcckten Holzbuden. Im Schein der unz\u00e4hligen Fackeln, Kerzen und offenen Feuerstellen erscheint das pr\u00e4chtige Gem\u00e4uer in einem ganz besonderen Licht. Hier backen die Elfen die Waffeln noch selbst und kredenzen blaues Blut im Becher. Noch ge\u00f6ffnet bis zum 23. Dezember, mittwochs bis sonntags.<\/p>\n<div class=\"tiled-gallery type-rectangular tiled-gallery-unresized\" data-original-width=\"770\" data-carousel-extra='{&quot;blog_id&quot;:38,&quot;permalink&quot;:&quot;https:\\\/\\\/unser-quartier.de\\\/stadt-bergheim\\\/2018\\\/12\\\/zu-besuch-beim-christkind\\\/&quot;,&quot;likes_blog_id&quot;:51783499}' itemscope itemtype=\"http:\/\/schema.org\/ImageGallery\" > <div class=\"gallery-row\" style=\"width: 770px; height: 645px;\" data-original-width=\"770\" data-original-height=\"645\" > <div class=\"gallery-group images-3\" style=\"width: 285px; height: 645px;\" data-original-width=\"285\" data-original-height=\"645\" > <div class=\"tiled-gallery-item tiled-gallery-item-large\" itemprop=\"associatedMedia\" itemscope itemtype=\"http:\/\/schema.org\/ImageObject\"> <a href=\"https:\/\/unser-quartier.de\/stadt-bergheim\/2018\/12\/zu-besuch-beim-christkind\/img_6981\/\" border=\"0\" itemprop=\"url\"> <meta itemprop=\"width\" content=\"281\"> <meta itemprop=\"height\" content=\"211\"> <img decoding=\"async\" class=\"\" data-attachment-id=\"26928\" data-orig-file=\"https:\/\/unser-quartier.de\/stadt-bergheim\/files\/2018\/12\/IMG_6981.jpg\" data-orig-size=\"1024,768\" data-comments-opened=\"\" data-image-meta=\"{&quot;aperture&quot;:&quot;0&quot;,&quot;credit&quot;:&quot;&quot;,&quot;camera&quot;:&quot;&quot;,&quot;caption&quot;:&quot;&quot;,&quot;created_timestamp&quot;:&quot;0&quot;,&quot;copyright&quot;:&quot;&quot;,&quot;focal_length&quot;:&quot;0&quot;,&quot;iso&quot;:&quot;0&quot;,&quot;shutter_speed&quot;:&quot;0&quot;,&quot;title&quot;:&quot;&quot;,&quot;orientation&quot;:&quot;0&quot;}\" data-image-title=\"IMG_6981\" data-image-description=\"\" data-medium-file=\"https:\/\/i0.wp.com\/unser-quartier.de\/stadt-bergheim\/files\/2018\/12\/IMG_6981.jpg?fit=300%2C225&#038;ssl=1\" data-large-file=\"https:\/\/i0.wp.com\/unser-quartier.de\/stadt-bergheim\/files\/2018\/12\/IMG_6981.jpg?fit=770%2C578&#038;ssl=1\" src=\"https:\/\/i0.wp.com\/unser-quartier.de\/stadt-bergheim\/files\/2018\/12\/IMG_6981.jpg?w=281&#038;h=211&#038;ssl=1\" srcset=\"https:\/\/i0.wp.com\/unser-quartier.de\/stadt-bergheim\/files\/2018\/12\/IMG_6981.jpg?w=1024&amp;ssl=1 1024w, https:\/\/i0.wp.com\/unser-quartier.de\/stadt-bergheim\/files\/2018\/12\/IMG_6981.jpg?resize=150%2C113&amp;ssl=1 150w, https:\/\/i0.wp.com\/unser-quartier.de\/stadt-bergheim\/files\/2018\/12\/IMG_6981.jpg?resize=300%2C225&amp;ssl=1 300w, https:\/\/i0.wp.com\/unser-quartier.de\/stadt-bergheim\/files\/2018\/12\/IMG_6981.jpg?resize=768%2C576&amp;ssl=1 768w\" width=\"281\" height=\"211\" loading=\"lazy\" data-original-width=\"281\" data-original-height=\"211\" itemprop=\"http:\/\/schema.org\/image\" title=\"IMG_6981\" alt=\"IMG_6981\" style=\"width: 281px; height: 211px;\" \/> <\/a> <\/div> <div class=\"tiled-gallery-item tiled-gallery-item-large\" itemprop=\"associatedMedia\" itemscope itemtype=\"http:\/\/schema.org\/ImageObject\"> <a href=\"https:\/\/unser-quartier.de\/stadt-bergheim\/2018\/12\/zu-besuch-beim-christkind\/img_6984\/\" border=\"0\" itemprop=\"url\"> <meta itemprop=\"width\" content=\"281\"> <meta itemprop=\"height\" content=\"211\"> <img decoding=\"async\" class=\"\" data-attachment-id=\"26929\" data-orig-file=\"https:\/\/unser-quartier.de\/stadt-bergheim\/files\/2018\/12\/IMG_6984.jpg\" data-orig-size=\"1024,768\" data-comments-opened=\"\" data-image-meta=\"{&quot;aperture&quot;:&quot;0&quot;,&quot;credit&quot;:&quot;&quot;,&quot;camera&quot;:&quot;&quot;,&quot;caption&quot;:&quot;&quot;,&quot;created_timestamp&quot;:&quot;0&quot;,&quot;copyright&quot;:&quot;&quot;,&quot;focal_length&quot;:&quot;0&quot;,&quot;iso&quot;:&quot;0&quot;,&quot;shutter_speed&quot;:&quot;0&quot;,&quot;title&quot;:&quot;&quot;,&quot;orientation&quot;:&quot;0&quot;}\" data-image-title=\"IMG_6984\" data-image-description=\"\" data-medium-file=\"https:\/\/i0.wp.com\/unser-quartier.de\/stadt-bergheim\/files\/2018\/12\/IMG_6984.jpg?fit=300%2C225&#038;ssl=1\" data-large-file=\"https:\/\/i0.wp.com\/unser-quartier.de\/stadt-bergheim\/files\/2018\/12\/IMG_6984.jpg?fit=770%2C578&#038;ssl=1\" src=\"https:\/\/i0.wp.com\/unser-quartier.de\/stadt-bergheim\/files\/2018\/12\/IMG_6984.jpg?w=281&#038;h=211&#038;ssl=1\" srcset=\"https:\/\/i0.wp.com\/unser-quartier.de\/stadt-bergheim\/files\/2018\/12\/IMG_6984.jpg?w=1024&amp;ssl=1 1024w, https:\/\/i0.wp.com\/unser-quartier.de\/stadt-bergheim\/files\/2018\/12\/IMG_6984.jpg?resize=150%2C113&amp;ssl=1 150w, https:\/\/i0.wp.com\/unser-quartier.de\/stadt-bergheim\/files\/2018\/12\/IMG_6984.jpg?resize=300%2C225&amp;ssl=1 300w, https:\/\/i0.wp.com\/unser-quartier.de\/stadt-bergheim\/files\/2018\/12\/IMG_6984.jpg?resize=768%2C576&amp;ssl=1 768w\" width=\"281\" height=\"211\" loading=\"lazy\" data-original-width=\"281\" data-original-height=\"211\" itemprop=\"http:\/\/schema.org\/image\" title=\"IMG_6984\" alt=\"IMG_6984\" style=\"width: 281px; height: 211px;\" \/> <\/a> <\/div> <div class=\"tiled-gallery-item tiled-gallery-item-large\" itemprop=\"associatedMedia\" itemscope itemtype=\"http:\/\/schema.org\/ImageObject\"> <a href=\"https:\/\/unser-quartier.de\/stadt-bergheim\/2018\/12\/zu-besuch-beim-christkind\/img_6985\/\" border=\"0\" itemprop=\"url\"> <meta itemprop=\"width\" content=\"281\"> <meta itemprop=\"height\" content=\"211\"> <img decoding=\"async\" class=\"\" data-attachment-id=\"26930\" data-orig-file=\"https:\/\/unser-quartier.de\/stadt-bergheim\/files\/2018\/12\/IMG_6985.jpg\" data-orig-size=\"1024,768\" data-comments-opened=\"\" data-image-meta=\"{&quot;aperture&quot;:&quot;0&quot;,&quot;credit&quot;:&quot;&quot;,&quot;camera&quot;:&quot;&quot;,&quot;caption&quot;:&quot;&quot;,&quot;created_timestamp&quot;:&quot;0&quot;,&quot;copyright&quot;:&quot;&quot;,&quot;focal_length&quot;:&quot;0&quot;,&quot;iso&quot;:&quot;0&quot;,&quot;shutter_speed&quot;:&quot;0&quot;,&quot;title&quot;:&quot;&quot;,&quot;orientation&quot;:&quot;0&quot;}\" data-image-title=\"IMG_6985\" data-image-description=\"\" data-medium-file=\"https:\/\/i0.wp.com\/unser-quartier.de\/stadt-bergheim\/files\/2018\/12\/IMG_6985.jpg?fit=300%2C225&#038;ssl=1\" data-large-file=\"https:\/\/i0.wp.com\/unser-quartier.de\/stadt-bergheim\/files\/2018\/12\/IMG_6985.jpg?fit=770%2C578&#038;ssl=1\" src=\"https:\/\/i0.wp.com\/unser-quartier.de\/stadt-bergheim\/files\/2018\/12\/IMG_6985.jpg?w=281&#038;h=211&#038;ssl=1\" srcset=\"https:\/\/i0.wp.com\/unser-quartier.de\/stadt-bergheim\/files\/2018\/12\/IMG_6985.jpg?w=1024&amp;ssl=1 1024w, https:\/\/i0.wp.com\/unser-quartier.de\/stadt-bergheim\/files\/2018\/12\/IMG_6985.jpg?resize=150%2C113&amp;ssl=1 150w, https:\/\/i0.wp.com\/unser-quartier.de\/stadt-bergheim\/files\/2018\/12\/IMG_6985.jpg?resize=300%2C225&amp;ssl=1 300w, https:\/\/i0.wp.com\/unser-quartier.de\/stadt-bergheim\/files\/2018\/12\/IMG_6985.jpg?resize=768%2C576&amp;ssl=1 768w\" width=\"281\" height=\"211\" loading=\"lazy\" data-original-width=\"281\" data-original-height=\"211\" itemprop=\"http:\/\/schema.org\/image\" title=\"IMG_6985\" alt=\"IMG_6985\" style=\"width: 281px; height: 211px;\" \/> <\/a> <\/div> <\/div> <!-- close group --> <div class=\"gallery-group images-1\" style=\"width: 485px; height: 645px;\" data-original-width=\"485\" data-original-height=\"645\" > <div class=\"tiled-gallery-item tiled-gallery-item-large\" itemprop=\"associatedMedia\" itemscope itemtype=\"http:\/\/schema.org\/ImageObject\"> <a href=\"https:\/\/unser-quartier.de\/stadt-bergheim\/2018\/12\/zu-besuch-beim-christkind\/img_6988\/\" border=\"0\" itemprop=\"url\"> <meta itemprop=\"width\" content=\"481\"> <meta itemprop=\"height\" content=\"641\"> <img decoding=\"async\" class=\"\" data-attachment-id=\"26931\" data-orig-file=\"https:\/\/unser-quartier.de\/stadt-bergheim\/files\/2018\/12\/IMG_6988.jpg\" data-orig-size=\"768,1024\" data-comments-opened=\"\" data-image-meta=\"{&quot;aperture&quot;:&quot;0&quot;,&quot;credit&quot;:&quot;&quot;,&quot;camera&quot;:&quot;&quot;,&quot;caption&quot;:&quot;&quot;,&quot;created_timestamp&quot;:&quot;0&quot;,&quot;copyright&quot;:&quot;&quot;,&quot;focal_length&quot;:&quot;0&quot;,&quot;iso&quot;:&quot;0&quot;,&quot;shutter_speed&quot;:&quot;0&quot;,&quot;title&quot;:&quot;&quot;,&quot;orientation&quot;:&quot;0&quot;}\" data-image-title=\"IMG_6988\" data-image-description=\"\" data-medium-file=\"https:\/\/i0.wp.com\/unser-quartier.de\/stadt-bergheim\/files\/2018\/12\/IMG_6988.jpg?fit=225%2C300&#038;ssl=1\" data-large-file=\"https:\/\/i0.wp.com\/unser-quartier.de\/stadt-bergheim\/files\/2018\/12\/IMG_6988.jpg?fit=768%2C1024&#038;ssl=1\" src=\"https:\/\/i0.wp.com\/unser-quartier.de\/stadt-bergheim\/files\/2018\/12\/IMG_6988.jpg?w=481&#038;h=641&#038;ssl=1\" srcset=\"https:\/\/i0.wp.com\/unser-quartier.de\/stadt-bergheim\/files\/2018\/12\/IMG_6988.jpg?w=768&amp;ssl=1 768w, https:\/\/i0.wp.com\/unser-quartier.de\/stadt-bergheim\/files\/2018\/12\/IMG_6988.jpg?resize=113%2C150&amp;ssl=1 113w, https:\/\/i0.wp.com\/unser-quartier.de\/stadt-bergheim\/files\/2018\/12\/IMG_6988.jpg?resize=225%2C300&amp;ssl=1 225w\" width=\"481\" height=\"641\" loading=\"lazy\" data-original-width=\"481\" data-original-height=\"641\" itemprop=\"http:\/\/schema.org\/image\" title=\"IMG_6988\" alt=\"IMG_6988\" style=\"width: 481px; height: 641px;\" \/> <\/a> <\/div> <\/div> <!-- close group --> <\/div> <!-- close row --> <div class=\"gallery-row\" style=\"width: 770px; height: 386px;\" data-original-width=\"770\" data-original-height=\"386\" > <div class=\"gallery-group images-1\" style=\"width: 514px; height: 386px;\" data-original-width=\"514\" data-original-height=\"386\" > <div class=\"tiled-gallery-item tiled-gallery-item-large\" itemprop=\"associatedMedia\" itemscope itemtype=\"http:\/\/schema.org\/ImageObject\"> <a href=\"https:\/\/unser-quartier.de\/stadt-bergheim\/2018\/12\/zu-besuch-beim-christkind\/img_6999\/\" border=\"0\" itemprop=\"url\"> <meta itemprop=\"width\" content=\"510\"> <meta itemprop=\"height\" content=\"382\"> <img decoding=\"async\" class=\"\" data-attachment-id=\"26933\" data-orig-file=\"https:\/\/unser-quartier.de\/stadt-bergheim\/files\/2018\/12\/IMG_6999.jpg\" data-orig-size=\"1024,768\" data-comments-opened=\"\" data-image-meta=\"{&quot;aperture&quot;:&quot;0&quot;,&quot;credit&quot;:&quot;&quot;,&quot;camera&quot;:&quot;&quot;,&quot;caption&quot;:&quot;&quot;,&quot;created_timestamp&quot;:&quot;0&quot;,&quot;copyright&quot;:&quot;&quot;,&quot;focal_length&quot;:&quot;0&quot;,&quot;iso&quot;:&quot;0&quot;,&quot;shutter_speed&quot;:&quot;0&quot;,&quot;title&quot;:&quot;&quot;,&quot;orientation&quot;:&quot;0&quot;}\" data-image-title=\"IMG_6999\" data-image-description=\"\" data-medium-file=\"https:\/\/i0.wp.com\/unser-quartier.de\/stadt-bergheim\/files\/2018\/12\/IMG_6999.jpg?fit=300%2C225&#038;ssl=1\" data-large-file=\"https:\/\/i0.wp.com\/unser-quartier.de\/stadt-bergheim\/files\/2018\/12\/IMG_6999.jpg?fit=770%2C578&#038;ssl=1\" src=\"https:\/\/i0.wp.com\/unser-quartier.de\/stadt-bergheim\/files\/2018\/12\/IMG_6999.jpg?w=510&#038;h=382&#038;ssl=1\" srcset=\"https:\/\/i0.wp.com\/unser-quartier.de\/stadt-bergheim\/files\/2018\/12\/IMG_6999.jpg?w=1024&amp;ssl=1 1024w, https:\/\/i0.wp.com\/unser-quartier.de\/stadt-bergheim\/files\/2018\/12\/IMG_6999.jpg?resize=150%2C113&amp;ssl=1 150w, https:\/\/i0.wp.com\/unser-quartier.de\/stadt-bergheim\/files\/2018\/12\/IMG_6999.jpg?resize=300%2C225&amp;ssl=1 300w, https:\/\/i0.wp.com\/unser-quartier.de\/stadt-bergheim\/files\/2018\/12\/IMG_6999.jpg?resize=768%2C576&amp;ssl=1 768w\" width=\"510\" height=\"382\" loading=\"lazy\" data-original-width=\"510\" data-original-height=\"382\" itemprop=\"http:\/\/schema.org\/image\" title=\"IMG_6999\" alt=\"IMG_6999\" style=\"width: 510px; height: 382px;\" \/> <\/a> <\/div> <\/div> <!-- close group --> <div class=\"gallery-group images-2\" style=\"width: 256px; height: 386px;\" data-original-width=\"256\" data-original-height=\"386\" > <div class=\"tiled-gallery-item tiled-gallery-item-large\" itemprop=\"associatedMedia\" itemscope itemtype=\"http:\/\/schema.org\/ImageObject\"> <a href=\"https:\/\/unser-quartier.de\/stadt-bergheim\/2018\/12\/zu-besuch-beim-christkind\/img_6990\/\" border=\"0\" itemprop=\"url\"> <meta itemprop=\"width\" content=\"252\"> <meta itemprop=\"height\" content=\"189\"> <img decoding=\"async\" class=\"\" data-attachment-id=\"26932\" data-orig-file=\"https:\/\/unser-quartier.de\/stadt-bergheim\/files\/2018\/12\/IMG_6990.jpg\" data-orig-size=\"1024,768\" data-comments-opened=\"\" data-image-meta=\"{&quot;aperture&quot;:&quot;0&quot;,&quot;credit&quot;:&quot;&quot;,&quot;camera&quot;:&quot;&quot;,&quot;caption&quot;:&quot;&quot;,&quot;created_timestamp&quot;:&quot;0&quot;,&quot;copyright&quot;:&quot;&quot;,&quot;focal_length&quot;:&quot;0&quot;,&quot;iso&quot;:&quot;0&quot;,&quot;shutter_speed&quot;:&quot;0&quot;,&quot;title&quot;:&quot;&quot;,&quot;orientation&quot;:&quot;0&quot;}\" data-image-title=\"IMG_6990\" data-image-description=\"\" data-medium-file=\"https:\/\/i0.wp.com\/unser-quartier.de\/stadt-bergheim\/files\/2018\/12\/IMG_6990.jpg?fit=300%2C225&#038;ssl=1\" data-large-file=\"https:\/\/i0.wp.com\/unser-quartier.de\/stadt-bergheim\/files\/2018\/12\/IMG_6990.jpg?fit=770%2C578&#038;ssl=1\" src=\"https:\/\/i0.wp.com\/unser-quartier.de\/stadt-bergheim\/files\/2018\/12\/IMG_6990.jpg?w=252&#038;h=189&#038;ssl=1\" srcset=\"https:\/\/i0.wp.com\/unser-quartier.de\/stadt-bergheim\/files\/2018\/12\/IMG_6990.jpg?w=1024&amp;ssl=1 1024w, https:\/\/i0.wp.com\/unser-quartier.de\/stadt-bergheim\/files\/2018\/12\/IMG_6990.jpg?resize=150%2C113&amp;ssl=1 150w, https:\/\/i0.wp.com\/unser-quartier.de\/stadt-bergheim\/files\/2018\/12\/IMG_6990.jpg?resize=300%2C225&amp;ssl=1 300w, https:\/\/i0.wp.com\/unser-quartier.de\/stadt-bergheim\/files\/2018\/12\/IMG_6990.jpg?resize=768%2C576&amp;ssl=1 768w\" width=\"252\" height=\"189\" loading=\"lazy\" data-original-width=\"252\" data-original-height=\"189\" itemprop=\"http:\/\/schema.org\/image\" title=\"IMG_6990\" alt=\"IMG_6990\" style=\"width: 252px; height: 189px;\" \/> <\/a> <\/div> <div class=\"tiled-gallery-item tiled-gallery-item-large\" itemprop=\"associatedMedia\" itemscope itemtype=\"http:\/\/schema.org\/ImageObject\"> <a href=\"https:\/\/unser-quartier.de\/stadt-bergheim\/2018\/12\/zu-besuch-beim-christkind\/img_7004\/\" border=\"0\" itemprop=\"url\"> <meta itemprop=\"width\" content=\"252\"> <meta itemprop=\"height\" content=\"189\"> <img decoding=\"async\" class=\"\" data-attachment-id=\"26935\" data-orig-file=\"https:\/\/unser-quartier.de\/stadt-bergheim\/files\/2018\/12\/IMG_7004.jpg\" data-orig-size=\"1024,768\" data-comments-opened=\"\" data-image-meta=\"{&quot;aperture&quot;:&quot;0&quot;,&quot;credit&quot;:&quot;&quot;,&quot;camera&quot;:&quot;&quot;,&quot;caption&quot;:&quot;&quot;,&quot;created_timestamp&quot;:&quot;0&quot;,&quot;copyright&quot;:&quot;&quot;,&quot;focal_length&quot;:&quot;0&quot;,&quot;iso&quot;:&quot;0&quot;,&quot;shutter_speed&quot;:&quot;0&quot;,&quot;title&quot;:&quot;&quot;,&quot;orientation&quot;:&quot;0&quot;}\" data-image-title=\"IMG_7004\" data-image-description=\"\" data-medium-file=\"https:\/\/i0.wp.com\/unser-quartier.de\/stadt-bergheim\/files\/2018\/12\/IMG_7004.jpg?fit=300%2C225&#038;ssl=1\" data-large-file=\"https:\/\/i0.wp.com\/unser-quartier.de\/stadt-bergheim\/files\/2018\/12\/IMG_7004.jpg?fit=770%2C578&#038;ssl=1\" src=\"https:\/\/i0.wp.com\/unser-quartier.de\/stadt-bergheim\/files\/2018\/12\/IMG_7004.jpg?w=252&#038;h=189&#038;ssl=1\" srcset=\"https:\/\/i0.wp.com\/unser-quartier.de\/stadt-bergheim\/files\/2018\/12\/IMG_7004.jpg?w=1024&amp;ssl=1 1024w, https:\/\/i0.wp.com\/unser-quartier.de\/stadt-bergheim\/files\/2018\/12\/IMG_7004.jpg?resize=150%2C113&amp;ssl=1 150w, https:\/\/i0.wp.com\/unser-quartier.de\/stadt-bergheim\/files\/2018\/12\/IMG_7004.jpg?resize=300%2C225&amp;ssl=1 300w, https:\/\/i0.wp.com\/unser-quartier.de\/stadt-bergheim\/files\/2018\/12\/IMG_7004.jpg?resize=768%2C576&amp;ssl=1 768w\" width=\"252\" height=\"189\" loading=\"lazy\" data-original-width=\"252\" data-original-height=\"189\" itemprop=\"http:\/\/schema.org\/image\" title=\"IMG_7004\" alt=\"IMG_7004\" style=\"width: 252px; height: 189px;\" \/> <\/a> <\/div> <\/div> <!-- close group --> <\/div> <!-- close row --> <\/div>\n<p>Schloss Merode gilt als eines der sch\u00f6nsten Wasserschl\u00f6sser des Rheinlands im Renaissance-Stil. Kaiser Friedrich Barbarossa h\u00f6chstpers\u00f6nlich gab dem aus Kerpen stammenden k\u00f6niglichen Ministerialen Werner um 1170 das Lehen f\u00fcr ein Hofgut. Der Name Merode deutet auf eine Rodung hin. Das heutige Erscheinungsbild geht zur\u00fcck auf die intensive Baut\u00e4tigkeit des Feldmarschalls Jean Philippe Eug\u00e8ne de Merode-Westerloo Anfang des 18. Jahrhunderts. Es hei\u00dft, dass es angeblich soviel Fenster wie Tage im Jahr und soviel T\u00fcrme wie Monate hat.<\/p>\n<p>W\u00e4hrend des Zweiten Weltkriegs wurde das Schloss, das der Dorfbev\u00f6lkerung w\u00e4hrend der Angriffe der Alliierten als Zuflucht diente, in weiten Teilen zerst\u00f6rt. Der Nordwestturm und Teile des Nordfl\u00fcgels wurden nicht wiederaufgebaut. Am 19. Juni 2000 fielen 80 Prozent der restaurierten Teile des Schlosses einem Brand zum Opfer. Gro\u00dfteile des Dachstuhles und ein Eckturm brannten v\u00f6llig aus. Die Wiederaufbauarbeiten dauern bis heute an und werden unter anderem durch hochwertige Events wie den Weihnachtsmarkt finanziert.<\/p>\n<p>&nbsp;<\/p>\n","protected":false},"excerpt":{"rendered":"<p><strong>Romantischer Weihnachtsmarkt auf Schloss Merode<\/strong><\/p>\n<p>Im Advent ist Warten auf\u2019s Christkind angesagt&#8230;wer aber trotzdem schon einen Blick erhaschen will, kann dies beim romantischen Weihnachtsmarkt auf Schloss Merode in Langerwehe bei D\u00fcren tun. Dort erscheint das himmlische Wesen in luftiger H\u00f6he mehrmals am Fenster, gesichert durch einen B\u00fcgel, und verk\u00fcndet dem Volk mit engelgleicher Stimme die &hellip; <\/p>\n<p><a class=\"more-link btn\" href=\"https:\/\/unser-quartier.de\/stadt-bergheim\/2018\/12\/zu-besuch-beim-christkind\/\">Weiterlesen<\/a><\/p>\n","protected":false},"author":133,"featured_media":0,"comment_status":"closed","ping_status":"closed","sticky":false,"template":"","format":"standard","meta":{"_bbp_topic_count":0,"_bbp_reply_count":0,"_bbp_total_topic_count":0,"_bbp_total_reply_count":0,"_bbp_voice_count":0,"_bbp_anonymous_reply_count":0,"_bbp_topic_count_hidden":0,"_bbp_reply_count_hidden":0,"_bbp_forum_subforum_count":0,"jetpack_post_was_ever_published":false,"_jetpack_newsletter_access":"","_jetpack_dont_email_post_to_subs":false,"_jetpack_newsletter_tier_id":0,"_jetpack_memberships_contains_paywalled_content":false,"_jetpack_memberships_contains_paid_content":false,"footnotes":""},"categories":[71],"tags":[],"class_list":["post-26926","post","type-post","status-publish","format-standard","hentry","category-freizeit","item-wrap"],"jetpack_sharing_enabled":true,"jetpack_featured_media_url":"","jetpack_shortlink":"https:\/\/wp.me\/p3vhfJ-70i","jetpack_likes_enabled":true,"_links":{"self":[{"href":"https:\/\/unser-quartier.de\/stadt-bergheim\/wp-json\/wp\/v2\/posts\/26926","targetHints":{"allow":["GET"]}}],"collection":[{"href":"https:\/\/unser-quartier.de\/stadt-bergheim\/wp-json\/wp\/v2\/posts"}],"about":[{"href":"https:\/\/unser-quartier.de\/stadt-bergheim\/wp-json\/wp\/v2\/types\/post"}],"author":[{"embeddable":true,"href":"https:\/\/unser-quartier.de\/stadt-bergheim\/wp-json\/wp\/v2\/users\/133"}],"replies":[{"embeddable":true,"href":"https:\/\/unser-quartier.de\/stadt-bergheim\/wp-json\/wp\/v2\/comments?post=26926"}],"version-history":[{"count":0,"href":"https:\/\/unser-quartier.de\/stadt-bergheim\/wp-json\/wp\/v2\/posts\/26926\/revisions"}],"wp:attachment":[{"href":"https:\/\/unser-quartier.de\/stadt-bergheim\/wp-json\/wp\/v2\/media?parent=26926"}],"wp:term":[{"taxonomy":"category","embeddable":true,"href":"https:\/\/unser-quartier.de\/stadt-bergheim\/wp-json\/wp\/v2\/categories?post=26926"},{"taxonomy":"post_tag","embeddable":true,"href":"https:\/\/unser-quartier.de\/stadt-bergheim\/wp-json\/wp\/v2\/tags?post=26926"}],"curies":[{"name":"wp","href":"https:\/\/api.w.org\/{rel}","templated":true}]}}