{"id":26941,"date":"2018-12-04T09:03:15","date_gmt":"2018-12-04T08:03:15","guid":{"rendered":"https:\/\/unser-quartier.de\/stadt-bergheim\/?p=26941"},"modified":"2018-12-03T19:04:08","modified_gmt":"2018-12-03T18:04:08","slug":"machtlichtan-erneuert-die-kirche","status":"publish","type":"post","link":"https:\/\/unser-quartier.de\/stadt-bergheim\/2018\/12\/machtlichtan-erneuert-die-kirche\/","title":{"rendered":"#MachtLichtAn: Erneuert die Kirche!"},"content":{"rendered":"<div class=\"page\" title=\"Page 1\">\n<div class=\"layoutArea\">\n<div class=\"column\">\n<p><strong>Die Katholischen Frauen Deutschlands starten Aktion zum Mi\u00dfbrauchskandal<\/strong><\/p>\n<p><img data-recalc-dims=\"1\" loading=\"lazy\" decoding=\"async\" data-attachment-id=\"26942\" data-permalink=\"https:\/\/unser-quartier.de\/stadt-bergheim\/2018\/12\/machtlichtan-erneuert-die-kirche\/bildschirmfoto-2018-12-03-um-18-45-53\/\" data-orig-file=\"https:\/\/i0.wp.com\/unser-quartier.de\/stadt-bergheim\/files\/2018\/12\/Bildschirmfoto-2018-12-03-um-18.45.53.jpg?fit=1024%2C601&amp;ssl=1\" data-orig-size=\"1024,601\" data-comments-opened=\"0\" data-image-meta=\"{&quot;aperture&quot;:&quot;0&quot;,&quot;credit&quot;:&quot;&quot;,&quot;camera&quot;:&quot;&quot;,&quot;caption&quot;:&quot;&quot;,&quot;created_timestamp&quot;:&quot;0&quot;,&quot;copyright&quot;:&quot;&quot;,&quot;focal_length&quot;:&quot;0&quot;,&quot;iso&quot;:&quot;0&quot;,&quot;shutter_speed&quot;:&quot;0&quot;,&quot;title&quot;:&quot;&quot;,&quot;orientation&quot;:&quot;0&quot;}\" data-image-title=\"Bildschirmfoto 2018-12-03 um 18.45.53\" data-image-description=\"\" data-image-caption=\"\" data-medium-file=\"https:\/\/i0.wp.com\/unser-quartier.de\/stadt-bergheim\/files\/2018\/12\/Bildschirmfoto-2018-12-03-um-18.45.53.jpg?fit=300%2C176&amp;ssl=1\" data-large-file=\"https:\/\/i0.wp.com\/unser-quartier.de\/stadt-bergheim\/files\/2018\/12\/Bildschirmfoto-2018-12-03-um-18.45.53.jpg?fit=770%2C452&amp;ssl=1\" class=\"alignleft wp-image-26942 size-medium\" src=\"https:\/\/i0.wp.com\/unser-quartier.de\/stadt-bergheim\/files\/2018\/12\/Bildschirmfoto-2018-12-03-um-18.45.53.jpg?resize=300%2C176&#038;ssl=1\" alt=\"\" width=\"300\" height=\"176\" srcset=\"https:\/\/i0.wp.com\/unser-quartier.de\/stadt-bergheim\/files\/2018\/12\/Bildschirmfoto-2018-12-03-um-18.45.53.jpg?resize=300%2C176&amp;ssl=1 300w, https:\/\/i0.wp.com\/unser-quartier.de\/stadt-bergheim\/files\/2018\/12\/Bildschirmfoto-2018-12-03-um-18.45.53.jpg?resize=150%2C88&amp;ssl=1 150w, https:\/\/i0.wp.com\/unser-quartier.de\/stadt-bergheim\/files\/2018\/12\/Bildschirmfoto-2018-12-03-um-18.45.53.jpg?resize=768%2C451&amp;ssl=1 768w, https:\/\/i0.wp.com\/unser-quartier.de\/stadt-bergheim\/files\/2018\/12\/Bildschirmfoto-2018-12-03-um-18.45.53.jpg?w=1024&amp;ssl=1 1024w\" sizes=\"auto, (max-width: 300px) 100vw, 300px\" \/>Die Ergebnisse der Missbrauchsstudie, die die Deutsche Bischofskonferenz in Auftrag gegeben und im September ver\u00f6ffentlicht hat, haben bei vielen Menschen Entsetzen und tiefe Betroffenheit ausgel\u00f6st.\u00a0Das Vertrauen in die Kirche ist durch den Missbrauchsskandal vielerorts ersch\u00fcttert.<\/p>\n<p>&#8220;Tiefgreifende Reformen in der katholischen Kirche sind unvermeidlich. Diese haben wir bereits mehrfach benannt und eingefordert. Es muss endlich deutlich werden, dass die katholische Kirche ver\u00e4nderungswillig ist&#8221;, hei\u00dft es in einer Pressemeldung der Katholischen Frauengemeinschaft Deutschlands (kfd).<\/p>\n<p>Auch die Glessener kfd-Frauen unterst\u00fctzen die bundesweite \u00a0Aktion #MachtLichtAn und wollen am Mittwoch, 12. Dezember 2018, um 18 Uhr an der Pfarrkirche St. Pankratius \u00a0mit einer Klageandacht zur Erneuerung der Kirche ein klares Zeichen setzen. &#8220;Unter dem Motto #MachtLichtAn fordern wir die deutschen Bisch\u00f6fe auf, Licht in das Dunkel der Missbrauchsf\u00e4lle zu bringen, verkrustete Machtstrukturen abzuschaffen, unabh\u00e4ngige Missbrauchsbeauftragte einzusetzen und die kirchliche Sexualmoral zu ver\u00e4ndern.&#8221;<\/p>\n<p>Symbolisch werden Taschenlampen auf das Dunkel der Kirchent\u00fcr gerichtet, um Klarheit in die Dunkelheit jahrzehntelangen Macht-Missbrauchs zu bringen.<\/p>\n<p>Die zentralen kfd-Forderungen an die Deutsche Bischofskonferenz werden w\u00e4hrend der Klage-Andacht laut verlesen. Zudem werden Postkarten vor Ort verteilt, auf denen die \u00a0Forderungen an die Deutsche Bischofskonferenz festgehalten sind.<\/p>\n<\/div>\n<\/div>\n<div class=\"layoutArea\">\n<div class=\"column\">\n<p><span style=\"font-size: 16px;\">Teilnehmende und Passanten sind aufgerufen, die Postkarten zu unterschreiben und an die Bundesgesch\u00e4ftsstelle bis zum 31.12.2018 zur\u00fcckzusenden. Die gesammelten Postkarten sollen der Deutschen Bischofskonferenz zur Fr\u00fchjahrsvollversammlung 2019 \u00fcberreicht werden.<\/span><\/p>\n<p><strong>kfd-Forderungen an die Deutsche Bischofskonferrenz<\/strong><\/p>\n<\/div>\n<\/div>\n<\/div>\n<div class=\"page\" title=\"Page 2\">\n<div class=\"layoutArea\">\n<div class=\"column\">\n<p>Auf der R\u00fcckseite der Postkarte sind die Forderungen wie folgt formuliert:<\/p>\n<ul>\n<li>\u00a0Ich unterst\u00fctze den kfd-Bundesverband bei seinen Forderungen an die Deutsche Bischofskonferenz,\u00a0den Missbrauchsskandal in der katholischen Kirche glaubw\u00fcrdig und umfassend aufzukl\u00e4ren,<\/li>\n<li>\u00a0von der Kirche unabh\u00e4ngige Missbrauchsbeauftragte als Anlaufstelle f\u00fcr Betroffene einzurichten,<\/li>\n<li>\u00a0den verantwortungsbewussten und befreienden Umgang mit K\u00f6rperlichkeit und Sexualit\u00e4t in Ausbildung, Lehre und Katechese zu st\u00e4rken,<\/li>\n<li>\u00a0sich f\u00fcr eine strukturelle Erneuerung der Kirche einzusetzen: Priester sind Diener Gottes und der Menschen und nicht durch ihre Weihe \u00fcberlegen oder m\u00e4chtiger. Klerikal-autorit\u00e4re Machtstrukturen haben in unserer Kirche keinen Platz!<\/li>\n<\/ul>\n<\/div>\n<\/div>\n<\/div>\n","protected":false},"excerpt":{"rendered":"<p><strong>Die Katholischen Frauen Deutschlands starten Aktion zum Mi\u00dfbrauchskandal<\/strong><\/p>\n<p>Die Ergebnisse der Missbrauchsstudie, die die Deutsche Bischofskonferenz in Auftrag gegeben und im September ver\u00f6ffentlicht hat, haben bei vielen Menschen Entsetzen und tiefe Betroffenheit ausgel\u00f6st.\u00a0Das Vertrauen in die Kirche ist durch den Missbrauchsskandal vielerorts ersch\u00fcttert.<\/p>\n<p>&#8220;Tiefgreifende Reformen in der katholischen Kirche sind unvermeidlich. Diese haben wir bereits &hellip; <\/p>\n<p><a class=\"more-link btn\" href=\"https:\/\/unser-quartier.de\/stadt-bergheim\/2018\/12\/machtlichtan-erneuert-die-kirche\/\">Weiterlesen<\/a><\/p>\n","protected":false},"author":133,"featured_media":0,"comment_status":"closed","ping_status":"closed","sticky":false,"template":"","format":"standard","meta":{"_bbp_topic_count":0,"_bbp_reply_count":0,"_bbp_total_topic_count":0,"_bbp_total_reply_count":0,"_bbp_voice_count":0,"_bbp_anonymous_reply_count":0,"_bbp_topic_count_hidden":0,"_bbp_reply_count_hidden":0,"_bbp_forum_subforum_count":0,"jetpack_post_was_ever_published":false,"_jetpack_newsletter_access":"","_jetpack_dont_email_post_to_subs":false,"_jetpack_newsletter_tier_id":0,"_jetpack_memberships_contains_paywalled_content":false,"_jetpack_memberships_contains_paid_content":false,"footnotes":""},"categories":[59],"tags":[],"class_list":["post-26941","post","type-post","status-publish","format-standard","hentry","category-freiwilliges-engagement","item-wrap"],"jetpack_sharing_enabled":true,"jetpack_featured_media_url":"","jetpack_shortlink":"https:\/\/wp.me\/p3vhfJ-70x","jetpack_likes_enabled":true,"_links":{"self":[{"href":"https:\/\/unser-quartier.de\/stadt-bergheim\/wp-json\/wp\/v2\/posts\/26941","targetHints":{"allow":["GET"]}}],"collection":[{"href":"https:\/\/unser-quartier.de\/stadt-bergheim\/wp-json\/wp\/v2\/posts"}],"about":[{"href":"https:\/\/unser-quartier.de\/stadt-bergheim\/wp-json\/wp\/v2\/types\/post"}],"author":[{"embeddable":true,"href":"https:\/\/unser-quartier.de\/stadt-bergheim\/wp-json\/wp\/v2\/users\/133"}],"replies":[{"embeddable":true,"href":"https:\/\/unser-quartier.de\/stadt-bergheim\/wp-json\/wp\/v2\/comments?post=26941"}],"version-history":[{"count":0,"href":"https:\/\/unser-quartier.de\/stadt-bergheim\/wp-json\/wp\/v2\/posts\/26941\/revisions"}],"wp:attachment":[{"href":"https:\/\/unser-quartier.de\/stadt-bergheim\/wp-json\/wp\/v2\/media?parent=26941"}],"wp:term":[{"taxonomy":"category","embeddable":true,"href":"https:\/\/unser-quartier.de\/stadt-bergheim\/wp-json\/wp\/v2\/categories?post=26941"},{"taxonomy":"post_tag","embeddable":true,"href":"https:\/\/unser-quartier.de\/stadt-bergheim\/wp-json\/wp\/v2\/tags?post=26941"}],"curies":[{"name":"wp","href":"https:\/\/api.w.org\/{rel}","templated":true}]}}