{"id":26950,"date":"2018-12-04T20:40:00","date_gmt":"2018-12-04T19:40:00","guid":{"rendered":"https:\/\/unser-quartier.de\/stadt-bergheim\/?p=26950"},"modified":"2018-12-04T20:40:00","modified_gmt":"2018-12-04T19:40:00","slug":"stadt-informiert-23","status":"publish","type":"post","link":"https:\/\/unser-quartier.de\/stadt-bergheim\/2018\/12\/stadt-informiert-23\/","title":{"rendered":"Stadt informiert &#8230;"},"content":{"rendered":"<p><img data-recalc-dims=\"1\" loading=\"lazy\" decoding=\"async\" data-attachment-id=\"26951\" data-permalink=\"https:\/\/unser-quartier.de\/stadt-bergheim\/2018\/12\/stadt-informiert-23\/397555af-862e-43d6-b634-b1fa76df28dc\/\" data-orig-file=\"https:\/\/i0.wp.com\/unser-quartier.de\/stadt-bergheim\/files\/2018\/12\/397555AF-862E-43D6-B634-B1FA76DF28DC.jpeg?fit=1024%2C680&amp;ssl=1\" data-orig-size=\"1024,680\" data-comments-opened=\"0\" data-image-meta=\"{&quot;aperture&quot;:&quot;0&quot;,&quot;credit&quot;:&quot;&quot;,&quot;camera&quot;:&quot;&quot;,&quot;caption&quot;:&quot;&quot;,&quot;created_timestamp&quot;:&quot;0&quot;,&quot;copyright&quot;:&quot;&quot;,&quot;focal_length&quot;:&quot;0&quot;,&quot;iso&quot;:&quot;0&quot;,&quot;shutter_speed&quot;:&quot;0&quot;,&quot;title&quot;:&quot;&quot;,&quot;orientation&quot;:&quot;0&quot;}\" data-image-title=\"397555AF-862E-43D6-B634-B1FA76DF28DC\" data-image-description=\"\" data-image-caption=\"\" data-medium-file=\"https:\/\/i0.wp.com\/unser-quartier.de\/stadt-bergheim\/files\/2018\/12\/397555AF-862E-43D6-B634-B1FA76DF28DC.jpeg?fit=300%2C199&amp;ssl=1\" data-large-file=\"https:\/\/i0.wp.com\/unser-quartier.de\/stadt-bergheim\/files\/2018\/12\/397555AF-862E-43D6-B634-B1FA76DF28DC.jpeg?fit=770%2C511&amp;ssl=1\" class=\"alignnone size-medium wp-image-26951\" src=\"https:\/\/i0.wp.com\/unser-quartier.de\/stadt-bergheim\/files\/2018\/12\/397555AF-862E-43D6-B634-B1FA76DF28DC.jpeg?resize=300%2C199&#038;ssl=1\" alt=\"\" width=\"300\" height=\"199\" srcset=\"https:\/\/i0.wp.com\/unser-quartier.de\/stadt-bergheim\/files\/2018\/12\/397555AF-862E-43D6-B634-B1FA76DF28DC.jpeg?resize=300%2C199&amp;ssl=1 300w, https:\/\/i0.wp.com\/unser-quartier.de\/stadt-bergheim\/files\/2018\/12\/397555AF-862E-43D6-B634-B1FA76DF28DC.jpeg?resize=150%2C100&amp;ssl=1 150w, https:\/\/i0.wp.com\/unser-quartier.de\/stadt-bergheim\/files\/2018\/12\/397555AF-862E-43D6-B634-B1FA76DF28DC.jpeg?resize=768%2C510&amp;ssl=1 768w, https:\/\/i0.wp.com\/unser-quartier.de\/stadt-bergheim\/files\/2018\/12\/397555AF-862E-43D6-B634-B1FA76DF28DC.jpeg?w=1024&amp;ssl=1 1024w\" sizes=\"auto, (max-width: 300px) 100vw, 300px\" \/><\/p>\n<p><span style=\"font-size: 20px; font-family: arial, helvetica, sans-serif;\">H\u00f6chste St\u00e4dtebauf\u00f6rderung f\u00fcr Bergheim Gleich drei Zuwendungsbescheide gingen an die Kreisstadt Der 30. November 2018 &#8211; ein au\u00dfergew\u00f6hnlicher Tag f\u00fcr die Kreisstadt des Rhein-Erft-Kreises. Denn Regierungspr\u00e4sidentin Gisela Walsken \u00fcbergab B\u00fcrgermeister Volker Mie\u00dfeler an diesem Tag gleich drei Zuwendungsbescheide. Von den rund 88 Millionen Euro Gesamtf\u00f6rdermitteln, die an Kommunen im Regierungsbezirk K\u00f6ln ausgezahlt werden k\u00f6nnen, gehen f\u00fcr 2018 allein rund 7 Millionen Euro an die Kreisstadt Bergheim mit der Aussicht auf eine weitere F\u00f6rderung von insgesamt mehr als 30 Millionen Euro. B\u00fcrgermeister Volker Mie\u00dfeler: \u201eIch war maximal begeistert, als ich die drei Briefumschl\u00e4ge mit den F\u00f6rderbescheiden in den H\u00e4nden hielt. Wir erhalten f\u00fcr unsere Kreisstadt die h\u00f6chste St\u00e4dtebauf\u00f6rderung und es ist die gr\u00f6\u00dfte F\u00f6rderung, die Bergheim jemals erhalten hat. Wir haben jetzt die notwendigen finanziellen Mittel, um unsere Kreisstadt gemeinsam mit unseren B\u00fcrgerinnen und B\u00fcrgern f\u00fcr die Zukunft aufzustellen. Es war und ist auch eine tolle Leistung meiner Mitarbeiterinnen und Mitarbeiter, die die notwendigen F\u00f6rderantr\u00e4ge mit den zahlreichen Ma\u00dfnahmen auf den Weg gebracht haben.\u201c Der erste und gr\u00f6\u00dfte Zuwendungsbescheid mit immerhin 30 Einzelma\u00dfnahmen bezieht sich auf die Bergheimer Innenstadt. Als erste bauliche Ma\u00dfnahme wird im Sinne eines \u201eLeuchtturmprojektes\u201c die \u00d6ffnung und Erlebbarmachung der Kleinen Erft realisiert und im Altstadtbereich sollen unter anderem zuk\u00fcnftig Gastronomie, Kultur und das historische Stadtentr\u00e9e einen deutlich st\u00e4rkeren Stellenwert erhalten. Der zweite Zuwendungsbescheid ist f\u00fcr den Bereich S\u00fcd-West vorgesehen. Gef\u00f6rdert wird unter anderem die st\u00e4dtebauliche Entwicklung der Albrecht-D\u00fcrer-Allee 4-6 sowie das Fassadenprogramm zur Sanierung und Gestaltung des Bereiches der Dresdner Stra\u00dfe. Als dritter im Bund ist der Stadtteil Quadrath-Ichendorf dabei. Gef\u00f6rdert wird hier unter anderem die Anfinanzierung des Projektes ISEK Soziale Stadt Quadrath-Ichendorf mit der Gestaltung des Umfeldes des neuen Kulturbahnhofs. \u00a0<\/span><\/p>\n<p>&nbsp;<\/p>\n","protected":false},"excerpt":{"rendered":"<\/p>\n<p>H\u00f6chste St\u00e4dtebauf\u00f6rderung f\u00fcr Bergheim Gleich drei Zuwendungsbescheide gingen an die Kreisstadt Der 30. November 2018 &#8211; ein au\u00dfergew\u00f6hnlicher Tag f\u00fcr die Kreisstadt des Rhein-Erft-Kreises. Denn Regierungspr\u00e4sidentin Gisela Walsken \u00fcbergab B\u00fcrgermeister Volker Mie\u00dfeler an diesem Tag gleich drei Zuwendungsbescheide. Von den rund 88 Millionen Euro Gesamtf\u00f6rdermitteln, die an Kommunen im Regierungsbezirk K\u00f6ln ausgezahlt werden k\u00f6nnen, &hellip; <\/p>\n<p><a class=\"more-link btn\" href=\"https:\/\/unser-quartier.de\/stadt-bergheim\/2018\/12\/stadt-informiert-23\/\">Weiterlesen<\/a><\/p>\n","protected":false},"author":48,"featured_media":26951,"comment_status":"closed","ping_status":"closed","sticky":false,"template":"","format":"standard","meta":{"_bbp_topic_count":0,"_bbp_reply_count":0,"_bbp_total_topic_count":0,"_bbp_total_reply_count":0,"_bbp_voice_count":0,"_bbp_anonymous_reply_count":0,"_bbp_topic_count_hidden":0,"_bbp_reply_count_hidden":0,"_bbp_forum_subforum_count":0,"jetpack_post_was_ever_published":false,"_jetpack_newsletter_access":"","_jetpack_dont_email_post_to_subs":false,"_jetpack_newsletter_tier_id":0,"_jetpack_memberships_contains_paywalled_content":false,"_jetpack_memberships_contains_paid_content":false,"footnotes":""},"categories":[58],"tags":[],"class_list":["post-26950","post","type-post","status-publish","format-standard","has-post-thumbnail","hentry","category-alltagshilfen","item-wrap"],"jetpack_sharing_enabled":true,"jetpack_featured_media_url":"https:\/\/i0.wp.com\/unser-quartier.de\/stadt-bergheim\/files\/2018\/12\/397555AF-862E-43D6-B634-B1FA76DF28DC.jpeg?fit=1024%2C680&ssl=1","jetpack_shortlink":"https:\/\/wp.me\/p3vhfJ-70G","jetpack_likes_enabled":true,"_links":{"self":[{"href":"https:\/\/unser-quartier.de\/stadt-bergheim\/wp-json\/wp\/v2\/posts\/26950","targetHints":{"allow":["GET"]}}],"collection":[{"href":"https:\/\/unser-quartier.de\/stadt-bergheim\/wp-json\/wp\/v2\/posts"}],"about":[{"href":"https:\/\/unser-quartier.de\/stadt-bergheim\/wp-json\/wp\/v2\/types\/post"}],"author":[{"embeddable":true,"href":"https:\/\/unser-quartier.de\/stadt-bergheim\/wp-json\/wp\/v2\/users\/48"}],"replies":[{"embeddable":true,"href":"https:\/\/unser-quartier.de\/stadt-bergheim\/wp-json\/wp\/v2\/comments?post=26950"}],"version-history":[{"count":0,"href":"https:\/\/unser-quartier.de\/stadt-bergheim\/wp-json\/wp\/v2\/posts\/26950\/revisions"}],"wp:featuredmedia":[{"embeddable":true,"href":"https:\/\/unser-quartier.de\/stadt-bergheim\/wp-json\/wp\/v2\/media\/26951"}],"wp:attachment":[{"href":"https:\/\/unser-quartier.de\/stadt-bergheim\/wp-json\/wp\/v2\/media?parent=26950"}],"wp:term":[{"taxonomy":"category","embeddable":true,"href":"https:\/\/unser-quartier.de\/stadt-bergheim\/wp-json\/wp\/v2\/categories?post=26950"},{"taxonomy":"post_tag","embeddable":true,"href":"https:\/\/unser-quartier.de\/stadt-bergheim\/wp-json\/wp\/v2\/tags?post=26950"}],"curies":[{"name":"wp","href":"https:\/\/api.w.org\/{rel}","templated":true}]}}