{"id":26957,"date":"2018-12-15T09:45:55","date_gmt":"2018-12-15T08:45:55","guid":{"rendered":"https:\/\/unser-quartier.de\/stadt-bergheim\/?p=26957"},"modified":"2018-12-15T09:51:56","modified_gmt":"2018-12-15T08:51:56","slug":"adventszeit-weihnachtszeit","status":"publish","type":"post","link":"https:\/\/unser-quartier.de\/stadt-bergheim\/2018\/12\/adventszeit-weihnachtszeit\/","title":{"rendered":"Adventszeit, Weihnachtszeit &#8230;"},"content":{"rendered":"<p><img data-recalc-dims=\"1\" loading=\"lazy\" decoding=\"async\" data-attachment-id=\"26737\" data-permalink=\"https:\/\/unser-quartier.de\/stadt-bergheim\/2018\/11\/winterdorf-am-abend\/c2f3b239-3099-471d-8b48-7c93e178beac\/\" data-orig-file=\"https:\/\/i0.wp.com\/unser-quartier.de\/stadt-bergheim\/files\/2018\/11\/C2F3B239-3099-471D-8B48-7C93E178BEAC.jpeg?fit=768%2C1024&amp;ssl=1\" data-orig-size=\"768,1024\" data-comments-opened=\"0\" data-image-meta=\"{&quot;aperture&quot;:&quot;0&quot;,&quot;credit&quot;:&quot;&quot;,&quot;camera&quot;:&quot;&quot;,&quot;caption&quot;:&quot;&quot;,&quot;created_timestamp&quot;:&quot;0&quot;,&quot;copyright&quot;:&quot;&quot;,&quot;focal_length&quot;:&quot;0&quot;,&quot;iso&quot;:&quot;0&quot;,&quot;shutter_speed&quot;:&quot;0&quot;,&quot;title&quot;:&quot;&quot;,&quot;orientation&quot;:&quot;0&quot;}\" data-image-title=\"C2F3B239-3099-471D-8B48-7C93E178BEAC\" data-image-description=\"\" data-image-caption=\"\" data-medium-file=\"https:\/\/i0.wp.com\/unser-quartier.de\/stadt-bergheim\/files\/2018\/11\/C2F3B239-3099-471D-8B48-7C93E178BEAC.jpeg?fit=225%2C300&amp;ssl=1\" data-large-file=\"https:\/\/i0.wp.com\/unser-quartier.de\/stadt-bergheim\/files\/2018\/11\/C2F3B239-3099-471D-8B48-7C93E178BEAC.jpeg?fit=768%2C1024&amp;ssl=1\" class=\"alignnone size-medium wp-image-26737\" src=\"https:\/\/i0.wp.com\/unser-quartier.de\/stadt-bergheim\/files\/2018\/11\/C2F3B239-3099-471D-8B48-7C93E178BEAC.jpeg?resize=225%2C300&#038;ssl=1\" alt=\"\" width=\"225\" height=\"300\" srcset=\"https:\/\/i0.wp.com\/unser-quartier.de\/stadt-bergheim\/files\/2018\/11\/C2F3B239-3099-471D-8B48-7C93E178BEAC.jpeg?resize=225%2C300&amp;ssl=1 225w, https:\/\/i0.wp.com\/unser-quartier.de\/stadt-bergheim\/files\/2018\/11\/C2F3B239-3099-471D-8B48-7C93E178BEAC.jpeg?resize=113%2C150&amp;ssl=1 113w, https:\/\/i0.wp.com\/unser-quartier.de\/stadt-bergheim\/files\/2018\/11\/C2F3B239-3099-471D-8B48-7C93E178BEAC.jpeg?w=768&amp;ssl=1 768w\" sizes=\"auto, (max-width: 225px) 100vw, 225px\" \/><\/p>\n<p><span style=\"font-size: 24px;\"><span style=\"-webkit-text-size-adjust: 100%;\">Liebe Freunde vom Seniorenportal Bergheim, dem EFI-Team Bergheim und den Mentor Leselernhelfern in Bergheim,<\/span><\/span><\/p>\n<p><span style=\"font-size: 24px;\">Ich danke allen Bergheimerinnen und Bergheimern, Reportern, Ehrenamtlern, Vorlesern und Mitstreitern und w\u00fcnsche Ihnen eine sch\u00f6ne Adventszeit, frohe Weihnachtstage und einen guten Rutsch ins Jahr 2019. Ich w\u00fcrde mich sehr freuen, wenn wir weiter in Verbindung bleiben und Bergheim bewegen!<\/span><\/p>\n<p><span style=\"font-size: 24px;\">Beste Gr\u00fc\u00dfe, Hans-J\u00fcrgen Knabben<\/span><\/p>\n<p>PS:<\/p>\n<p>Nat\u00fcrlich gibt es bis zum Jahresende weiterhin Beitr\u00e4ge und Informationen!<\/p>\n<p>&nbsp;<\/p>\n","protected":false},"excerpt":{"rendered":"<\/p>\n<p>Liebe Freunde vom Seniorenportal Bergheim, dem EFI-Team Bergheim und den Mentor Leselernhelfern in Bergheim,<\/p>\n<p>Ich danke allen Bergheimerinnen und Bergheimern, Reportern, Ehrenamtlern, Vorlesern und Mitstreitern und w\u00fcnsche Ihnen eine sch\u00f6ne Adventszeit, frohe Weihnachtstage und einen guten Rutsch ins Jahr 2019. Ich w\u00fcrde mich sehr freuen, wenn wir weiter in Verbindung bleiben und Bergheim bewegen!<\/p>\n<p> &hellip; <\/p>\n<p><a class=\"more-link btn\" href=\"https:\/\/unser-quartier.de\/stadt-bergheim\/2018\/12\/adventszeit-weihnachtszeit\/\">Weiterlesen<\/a><\/p>\n","protected":false},"author":48,"featured_media":0,"comment_status":"closed","ping_status":"closed","sticky":false,"template":"","format":"standard","meta":{"_bbp_topic_count":0,"_bbp_reply_count":0,"_bbp_total_topic_count":0,"_bbp_total_reply_count":0,"_bbp_voice_count":0,"_bbp_anonymous_reply_count":0,"_bbp_topic_count_hidden":0,"_bbp_reply_count_hidden":0,"_bbp_forum_subforum_count":0,"jetpack_post_was_ever_published":false,"_jetpack_newsletter_access":"","_jetpack_dont_email_post_to_subs":false,"_jetpack_newsletter_tier_id":0,"_jetpack_memberships_contains_paywalled_content":false,"_jetpack_memberships_contains_paid_content":false,"footnotes":""},"categories":[75],"tags":[],"class_list":["post-26957","post","type-post","status-publish","format-standard","hentry","category-buntes-brett","item-wrap"],"jetpack_sharing_enabled":true,"jetpack_featured_media_url":"","jetpack_shortlink":"https:\/\/wp.me\/p3vhfJ-70N","jetpack_likes_enabled":true,"_links":{"self":[{"href":"https:\/\/unser-quartier.de\/stadt-bergheim\/wp-json\/wp\/v2\/posts\/26957","targetHints":{"allow":["GET"]}}],"collection":[{"href":"https:\/\/unser-quartier.de\/stadt-bergheim\/wp-json\/wp\/v2\/posts"}],"about":[{"href":"https:\/\/unser-quartier.de\/stadt-bergheim\/wp-json\/wp\/v2\/types\/post"}],"author":[{"embeddable":true,"href":"https:\/\/unser-quartier.de\/stadt-bergheim\/wp-json\/wp\/v2\/users\/48"}],"replies":[{"embeddable":true,"href":"https:\/\/unser-quartier.de\/stadt-bergheim\/wp-json\/wp\/v2\/comments?post=26957"}],"version-history":[{"count":0,"href":"https:\/\/unser-quartier.de\/stadt-bergheim\/wp-json\/wp\/v2\/posts\/26957\/revisions"}],"wp:attachment":[{"href":"https:\/\/unser-quartier.de\/stadt-bergheim\/wp-json\/wp\/v2\/media?parent=26957"}],"wp:term":[{"taxonomy":"category","embeddable":true,"href":"https:\/\/unser-quartier.de\/stadt-bergheim\/wp-json\/wp\/v2\/categories?post=26957"},{"taxonomy":"post_tag","embeddable":true,"href":"https:\/\/unser-quartier.de\/stadt-bergheim\/wp-json\/wp\/v2\/tags?post=26957"}],"curies":[{"name":"wp","href":"https:\/\/api.w.org\/{rel}","templated":true}]}}