{"id":26967,"date":"2018-12-06T09:00:00","date_gmt":"2018-12-06T08:00:00","guid":{"rendered":"https:\/\/unser-quartier.de\/stadt-bergheim\/?p=26967"},"modified":"2018-12-04T23:39:46","modified_gmt":"2018-12-04T22:39:46","slug":"tipp-seehecht","status":"publish","type":"post","link":"https:\/\/unser-quartier.de\/stadt-bergheim\/2018\/12\/tipp-seehecht\/","title":{"rendered":"Tipp: Seehecht &#8230;"},"content":{"rendered":"<p><img data-recalc-dims=\"1\" loading=\"lazy\" decoding=\"async\" data-attachment-id=\"26968\" data-permalink=\"https:\/\/unser-quartier.de\/stadt-bergheim\/2018\/12\/tipp-seehecht\/acbfffe4-7c6c-47f1-9f19-ee7f628cd4de\/\" data-orig-file=\"https:\/\/i0.wp.com\/unser-quartier.de\/stadt-bergheim\/files\/2018\/12\/ACBFFFE4-7C6C-47F1-9F19-EE7F628CD4DE.jpeg?fit=453%2C340&amp;ssl=1\" data-orig-size=\"453,340\" data-comments-opened=\"0\" data-image-meta=\"{&quot;aperture&quot;:&quot;3.5&quot;,&quot;credit&quot;:&quot;&quot;,&quot;camera&quot;:&quot;DMC-FZ62&quot;,&quot;caption&quot;:&quot;&quot;,&quot;created_timestamp&quot;:&quot;0&quot;,&quot;copyright&quot;:&quot;&quot;,&quot;focal_length&quot;:&quot;19.7&quot;,&quot;iso&quot;:&quot;100&quot;,&quot;shutter_speed&quot;:&quot;0.00125&quot;,&quot;title&quot;:&quot;&quot;,&quot;orientation&quot;:&quot;0&quot;}\" data-image-title=\"ACBFFFE4-7C6C-47F1-9F19-EE7F628CD4DE\" data-image-description=\"\" data-image-caption=\"\" data-medium-file=\"https:\/\/i0.wp.com\/unser-quartier.de\/stadt-bergheim\/files\/2018\/12\/ACBFFFE4-7C6C-47F1-9F19-EE7F628CD4DE.jpeg?fit=300%2C225&amp;ssl=1\" data-large-file=\"https:\/\/i0.wp.com\/unser-quartier.de\/stadt-bergheim\/files\/2018\/12\/ACBFFFE4-7C6C-47F1-9F19-EE7F628CD4DE.jpeg?fit=453%2C340&amp;ssl=1\" class=\"alignnone size-medium wp-image-26968\" src=\"https:\/\/i0.wp.com\/unser-quartier.de\/stadt-bergheim\/files\/2018\/12\/ACBFFFE4-7C6C-47F1-9F19-EE7F628CD4DE-300x225.jpeg?resize=300%2C225&#038;ssl=1\" alt=\"\" width=\"300\" height=\"225\" srcset=\"https:\/\/i0.wp.com\/unser-quartier.de\/stadt-bergheim\/files\/2018\/12\/ACBFFFE4-7C6C-47F1-9F19-EE7F628CD4DE.jpeg?resize=300%2C225&amp;ssl=1 300w, https:\/\/i0.wp.com\/unser-quartier.de\/stadt-bergheim\/files\/2018\/12\/ACBFFFE4-7C6C-47F1-9F19-EE7F628CD4DE.jpeg?resize=150%2C113&amp;ssl=1 150w, https:\/\/i0.wp.com\/unser-quartier.de\/stadt-bergheim\/files\/2018\/12\/ACBFFFE4-7C6C-47F1-9F19-EE7F628CD4DE.jpeg?w=453&amp;ssl=1 453w\" sizes=\"auto, (max-width: 300px) 100vw, 300px\" \/><\/p>\n<p><span style=\"font-size: 20px; font-family: arial, helvetica, sans-serif;\"><em>Seehecht mit Venusmuscheln<\/em><br \/>\n.<br \/>\nZutaten f\u00fcr 2 Personen<br \/>\n30 Venusmuscheln<br \/>\n6 EL Oliven\u00f6l<br \/>\n1 Knoblauchzehe<br \/>\n1 Lorbeerblatt<br \/>\n2 Thymianzweige<br \/>\n100 ml Wei\u00dfwein<br \/>\n500 g Seehecht<br \/>\n0,25 l Fischfond<br \/>\n30 g glatte Petersilie<br \/>\n80 g Butter<br \/>\n2 EL geschlagene Sahne<br \/>\nSalz, Pfeffer, Zitrone<br \/>\n.<br \/>\nZubereitung<br \/>\nMuscheln vom Sand s\u00e4ubern.<br \/>\n2 EL \u00d6l in einer Kasserolle erhitzen, angedr\u00fcckte Knoblauchzehe, Lorbeer\u00a0und 1 Thymianzweig zugeben und anschwitzen. Mit Wein abl\u00f6schen.\u00a0Muscheln dazu geben und 8 Min garen.\u00a0In ein Sieb sch\u00fctten und den Sud auffangen.<br \/>\n.<br \/>\nFisch waschen, beidseitig entlang der R\u00fcckengr\u00e4te einschneiden, damit er\u00a0gleichm\u00e4\u00dfig gart.<br \/>\nSalzen und mit Zitronensaft betr\u00e4ufeln.\u00a03 EL \u00d6l in einer feuerfesten Pfanne erhitzen und den Hecht von beiden\u00a0Seiten 2 Min anbraten.\u00a0Fischfond angie\u00dfen, Muschelsud in die Pfanne seihen.<br \/>\n2. Thymianzweig auflegen und den Fisch bei 200 Grad ca. 8 Min d\u00fcnsten.\u00a0Mehrmals mit dem Fond begie\u00dfen.\u00a0Herausnehmen und vorsichtig h\u00e4uten.<br \/>\n.<br \/>\nFl\u00fcssigkeit in der Pfanne stark reduzieren.\u00a0Petersilie blanchieren und abschrecken.\u00a0Kalte Butter in den Fond einmontieren.\u00a0Petersilie mit dem Mixstab untermixen, Sahne unterheben, salzen und\u00a0pfeffern.<br \/>\n20 Muscheln ausl\u00f6sen. 1 EL \u00d6l in einer Pfanne erhitzen und das<br \/>\nMuschelfleisch zusammen mit den Muscheln in der Schale darin schwenken f\u00fcr\u00a03 Min.\u00a0Mit dem Fisch anrichten und mit der Petersiliensauce \u00fcbergie\u00dfen.<br \/>\n.<br \/>\nGertrud Breuer<\/span><\/p>\n","protected":false},"excerpt":{"rendered":"<\/p>\n<p>Seehecht mit Venusmuscheln . Zutaten f\u00fcr 2 Personen 30 Venusmuscheln 6 EL Oliven\u00f6l 1 Knoblauchzehe 1 Lorbeerblatt 2 Thymianzweige 100 ml Wei\u00dfwein 500 g Seehecht 0,25 l Fischfond 30 g glatte Petersilie 80 g Butter 2 EL geschlagene Sahne Salz, Pfeffer, Zitrone . Zubereitung Muscheln vom Sand s\u00e4ubern. 2 EL \u00d6l in einer Kasserolle &hellip; <\/p>\n<p><a class=\"more-link btn\" href=\"https:\/\/unser-quartier.de\/stadt-bergheim\/2018\/12\/tipp-seehecht\/\">Weiterlesen<\/a><\/p>\n","protected":false},"author":48,"featured_media":0,"comment_status":"closed","ping_status":"closed","sticky":false,"template":"","format":"standard","meta":{"_bbp_topic_count":0,"_bbp_reply_count":0,"_bbp_total_topic_count":0,"_bbp_total_reply_count":0,"_bbp_voice_count":0,"_bbp_anonymous_reply_count":0,"_bbp_topic_count_hidden":0,"_bbp_reply_count_hidden":0,"_bbp_forum_subforum_count":0,"jetpack_post_was_ever_published":false,"_jetpack_newsletter_access":"","_jetpack_dont_email_post_to_subs":false,"_jetpack_newsletter_tier_id":0,"_jetpack_memberships_contains_paywalled_content":false,"_jetpack_memberships_contains_paid_content":false,"footnotes":""},"categories":[72],"tags":[],"class_list":["post-26967","post","type-post","status-publish","format-standard","hentry","category-tipps","item-wrap"],"jetpack_sharing_enabled":true,"jetpack_featured_media_url":"","jetpack_shortlink":"https:\/\/wp.me\/p3vhfJ-70X","jetpack_likes_enabled":true,"_links":{"self":[{"href":"https:\/\/unser-quartier.de\/stadt-bergheim\/wp-json\/wp\/v2\/posts\/26967","targetHints":{"allow":["GET"]}}],"collection":[{"href":"https:\/\/unser-quartier.de\/stadt-bergheim\/wp-json\/wp\/v2\/posts"}],"about":[{"href":"https:\/\/unser-quartier.de\/stadt-bergheim\/wp-json\/wp\/v2\/types\/post"}],"author":[{"embeddable":true,"href":"https:\/\/unser-quartier.de\/stadt-bergheim\/wp-json\/wp\/v2\/users\/48"}],"replies":[{"embeddable":true,"href":"https:\/\/unser-quartier.de\/stadt-bergheim\/wp-json\/wp\/v2\/comments?post=26967"}],"version-history":[{"count":0,"href":"https:\/\/unser-quartier.de\/stadt-bergheim\/wp-json\/wp\/v2\/posts\/26967\/revisions"}],"wp:attachment":[{"href":"https:\/\/unser-quartier.de\/stadt-bergheim\/wp-json\/wp\/v2\/media?parent=26967"}],"wp:term":[{"taxonomy":"category","embeddable":true,"href":"https:\/\/unser-quartier.de\/stadt-bergheim\/wp-json\/wp\/v2\/categories?post=26967"},{"taxonomy":"post_tag","embeddable":true,"href":"https:\/\/unser-quartier.de\/stadt-bergheim\/wp-json\/wp\/v2\/tags?post=26967"}],"curies":[{"name":"wp","href":"https:\/\/api.w.org\/{rel}","templated":true}]}}