{"id":27004,"date":"2018-12-08T00:01:02","date_gmt":"2018-12-07T23:01:02","guid":{"rendered":"https:\/\/unser-quartier.de\/stadt-bergheim\/?p=27004"},"modified":"2018-12-07T14:14:55","modified_gmt":"2018-12-07T13:14:55","slug":"zum-wohl-no-no","status":"publish","type":"post","link":"https:\/\/unser-quartier.de\/stadt-bergheim\/2018\/12\/zum-wohl-no-no\/","title":{"rendered":"Zum Wohl? No No"},"content":{"rendered":"<p><img data-recalc-dims=\"1\" loading=\"lazy\" decoding=\"async\" data-attachment-id=\"27005\" data-permalink=\"https:\/\/unser-quartier.de\/stadt-bergheim\/2018\/12\/zum-wohl-no-no\/9747afed-84b5-4775-bd3d-7d774d7cdb4f\/\" data-orig-file=\"https:\/\/i0.wp.com\/unser-quartier.de\/stadt-bergheim\/files\/2018\/12\/9747AFED-84B5-4775-BD3D-7D774D7CDB4F.jpeg?fit=510%2C340&amp;ssl=1\" data-orig-size=\"510,340\" data-comments-opened=\"0\" data-image-meta=\"{&quot;aperture&quot;:&quot;0&quot;,&quot;credit&quot;:&quot;&quot;,&quot;camera&quot;:&quot;&quot;,&quot;caption&quot;:&quot;&quot;,&quot;created_timestamp&quot;:&quot;0&quot;,&quot;copyright&quot;:&quot;&quot;,&quot;focal_length&quot;:&quot;0&quot;,&quot;iso&quot;:&quot;0&quot;,&quot;shutter_speed&quot;:&quot;0&quot;,&quot;title&quot;:&quot;&quot;,&quot;orientation&quot;:&quot;0&quot;}\" data-image-title=\"9747AFED-84B5-4775-BD3D-7D774D7CDB4F\" data-image-description=\"\" data-image-caption=\"\" data-medium-file=\"https:\/\/i0.wp.com\/unser-quartier.de\/stadt-bergheim\/files\/2018\/12\/9747AFED-84B5-4775-BD3D-7D774D7CDB4F.jpeg?fit=300%2C200&amp;ssl=1\" data-large-file=\"https:\/\/i0.wp.com\/unser-quartier.de\/stadt-bergheim\/files\/2018\/12\/9747AFED-84B5-4775-BD3D-7D774D7CDB4F.jpeg?fit=510%2C340&amp;ssl=1\" class=\"alignnone size-medium wp-image-27005\" src=\"https:\/\/i0.wp.com\/unser-quartier.de\/stadt-bergheim\/files\/2018\/12\/9747AFED-84B5-4775-BD3D-7D774D7CDB4F.jpeg?resize=300%2C200&#038;ssl=1\" alt=\"\" width=\"300\" height=\"200\" srcset=\"https:\/\/i0.wp.com\/unser-quartier.de\/stadt-bergheim\/files\/2018\/12\/9747AFED-84B5-4775-BD3D-7D774D7CDB4F.jpeg?resize=300%2C200&amp;ssl=1 300w, https:\/\/i0.wp.com\/unser-quartier.de\/stadt-bergheim\/files\/2018\/12\/9747AFED-84B5-4775-BD3D-7D774D7CDB4F.jpeg?resize=150%2C100&amp;ssl=1 150w, https:\/\/i0.wp.com\/unser-quartier.de\/stadt-bergheim\/files\/2018\/12\/9747AFED-84B5-4775-BD3D-7D774D7CDB4F.jpeg?w=510&amp;ssl=1 510w\" sizes=\"auto, (max-width: 300px) 100vw, 300px\" \/><\/p>\n<p><span style=\"font-size: 20px; font-family: arial, helvetica, sans-serif;\"><em>Zum Wohl&#8230;?<\/em><br \/>\n.<br \/>\noder &#8220;Auf die Gesundheit&#8221; sagt man gerne beim Ansto\u00dfen mit Alkohol. Wir\u00a0trinken gerne mal ein Gl\u00e4schen und der eine oder andere auch zuviel davon.\u00a0Was gesellig klingt, ist alles andere als harmlos.\u00a0Beim ersten Schluck schon geht Alkohol ins Blut &#8211; \u00fcber Mundschleimh\u00e4ute,<br \/>\nSpeiser\u00f6hre, Magen und Darm.<br \/>\nBereits bei 0,1 oder 0,2 Promille ist die Stimmung gel\u00f6st und die<br \/>\nKonzentration l\u00e4sst nach&#8230; Risikobereitschaft steigt.\u00a0Bei 0,8 Promille wirkt der Alkohol auf alle Organe und K\u00f6rperzellen,<br \/>\nbesonders auf die Nervenzellen im Gehirn.\u00a0Das Blickfeld schr\u00e4nkt sich ein, die Reaktionszeit verl\u00e4ngert sich um 30\u00a0bis 50 %.\u00a0Bei 1 Promille beginnt der Rauschzustand. Betrunkene torkeln, lallen, sind<br \/>\nenthemmt oder aggressiv, haben Sprach- Reaktions- Gleichgewichts- und\u00a0Orientierungsst\u00f6rungen.\u00a0Bei 2 Promille setzt das Bet\u00e4ubungsstadium ein. Die Muskeln erschlaffen,\u00a0das Gehirn vergisst gerade Erfahrenes schnell wieder. Der Magen versucht\u00a0mit Erbrechen das Gift loszuwerden. Es sterben Millionen von Gehirnzellen<br \/>\nab.\u00a0Bei 3 Promille setzt eine akute Alkoholvergiftung ein. St\u00f6rungen der Atmung\u00a0und des Blutkreislaufes setzen ein.\u00a0Ab 4 Promille f\u00e4llt der Mensch ins Koma.<br \/>\n.<br \/>\nJedes Jahr sterben in Deutschland ca. 20.000 Menschen an direkten Folgen\u00a0des Alkoholkonsums.<br \/>\nWer regelm\u00e4\u00dfig Alkohol trinkt, kann abh\u00e4ngig werden.\u00a0Frauen bei 1 Glas Bier oder 0,1 Liter Wein pro Tag&#8230; M\u00e4nner bei der\u00a0doppelten Menge.<br \/>\n.<br \/>\nvon Reni Petersen<\/span><\/p>\n","protected":false},"excerpt":{"rendered":"<\/p>\n<p>Zum Wohl&#8230;? . oder &#8220;Auf die Gesundheit&#8221; sagt man gerne beim Ansto\u00dfen mit Alkohol. Wir\u00a0trinken gerne mal ein Gl\u00e4schen und der eine oder andere auch zuviel davon.\u00a0Was gesellig klingt, ist alles andere als harmlos.\u00a0Beim ersten Schluck schon geht Alkohol ins Blut &#8211; \u00fcber Mundschleimh\u00e4ute, Speiser\u00f6hre, Magen und Darm. Bereits bei 0,1 oder 0,2 Promille &hellip; <\/p>\n<p><a class=\"more-link btn\" href=\"https:\/\/unser-quartier.de\/stadt-bergheim\/2018\/12\/zum-wohl-no-no\/\">Weiterlesen<\/a><\/p>\n","protected":false},"author":48,"featured_media":0,"comment_status":"closed","ping_status":"closed","sticky":false,"template":"","format":"standard","meta":{"_bbp_topic_count":0,"_bbp_reply_count":0,"_bbp_total_topic_count":0,"_bbp_total_reply_count":0,"_bbp_voice_count":0,"_bbp_anonymous_reply_count":0,"_bbp_topic_count_hidden":0,"_bbp_reply_count_hidden":0,"_bbp_forum_subforum_count":0,"jetpack_post_was_ever_published":false,"_jetpack_newsletter_access":"","_jetpack_dont_email_post_to_subs":false,"_jetpack_newsletter_tier_id":0,"_jetpack_memberships_contains_paywalled_content":false,"_jetpack_memberships_contains_paid_content":false,"footnotes":""},"categories":[66],"tags":[],"class_list":["post-27004","post","type-post","status-publish","format-standard","hentry","category-gesundheit","item-wrap"],"jetpack_sharing_enabled":true,"jetpack_featured_media_url":"","jetpack_shortlink":"https:\/\/wp.me\/p3vhfJ-71y","jetpack_likes_enabled":true,"_links":{"self":[{"href":"https:\/\/unser-quartier.de\/stadt-bergheim\/wp-json\/wp\/v2\/posts\/27004","targetHints":{"allow":["GET"]}}],"collection":[{"href":"https:\/\/unser-quartier.de\/stadt-bergheim\/wp-json\/wp\/v2\/posts"}],"about":[{"href":"https:\/\/unser-quartier.de\/stadt-bergheim\/wp-json\/wp\/v2\/types\/post"}],"author":[{"embeddable":true,"href":"https:\/\/unser-quartier.de\/stadt-bergheim\/wp-json\/wp\/v2\/users\/48"}],"replies":[{"embeddable":true,"href":"https:\/\/unser-quartier.de\/stadt-bergheim\/wp-json\/wp\/v2\/comments?post=27004"}],"version-history":[{"count":0,"href":"https:\/\/unser-quartier.de\/stadt-bergheim\/wp-json\/wp\/v2\/posts\/27004\/revisions"}],"wp:attachment":[{"href":"https:\/\/unser-quartier.de\/stadt-bergheim\/wp-json\/wp\/v2\/media?parent=27004"}],"wp:term":[{"taxonomy":"category","embeddable":true,"href":"https:\/\/unser-quartier.de\/stadt-bergheim\/wp-json\/wp\/v2\/categories?post=27004"},{"taxonomy":"post_tag","embeddable":true,"href":"https:\/\/unser-quartier.de\/stadt-bergheim\/wp-json\/wp\/v2\/tags?post=27004"}],"curies":[{"name":"wp","href":"https:\/\/api.w.org\/{rel}","templated":true}]}}