{"id":27007,"date":"2018-12-09T00:34:00","date_gmt":"2018-12-08T23:34:00","guid":{"rendered":"https:\/\/unser-quartier.de\/stadt-bergheim\/?p=27007"},"modified":"2018-12-07T14:37:38","modified_gmt":"2018-12-07T13:37:38","slug":"ankunft-bei-mir","status":"publish","type":"post","link":"https:\/\/unser-quartier.de\/stadt-bergheim\/2018\/12\/ankunft-bei-mir\/","title":{"rendered":"Ankunft bei mir &#8230;"},"content":{"rendered":"<p><span style=\"font-size: 20px; font-family: arial, helvetica, sans-serif;\"><img data-recalc-dims=\"1\" loading=\"lazy\" decoding=\"async\" data-attachment-id=\"27008\" data-permalink=\"https:\/\/unser-quartier.de\/stadt-bergheim\/2018\/12\/ankunft-bei-mir\/07b571f1-db30-49cd-88c6-9b205236b69a\/\" data-orig-file=\"https:\/\/i0.wp.com\/unser-quartier.de\/stadt-bergheim\/files\/2018\/12\/07B571F1-DB30-49CD-88C6-9B205236B69A.jpeg?fit=535%2C340&amp;ssl=1\" data-orig-size=\"535,340\" data-comments-opened=\"0\" data-image-meta=\"{&quot;aperture&quot;:&quot;16&quot;,&quot;credit&quot;:&quot;&quot;,&quot;camera&quot;:&quot;Canon EOS 650D&quot;,&quot;caption&quot;:&quot;&quot;,&quot;created_timestamp&quot;:&quot;0&quot;,&quot;copyright&quot;:&quot;&quot;,&quot;focal_length&quot;:&quot;270&quot;,&quot;iso&quot;:&quot;400&quot;,&quot;shutter_speed&quot;:&quot;0.2&quot;,&quot;title&quot;:&quot;&quot;,&quot;orientation&quot;:&quot;0&quot;}\" data-image-title=\"07B571F1-DB30-49CD-88C6-9B205236B69A\" data-image-description=\"\" data-image-caption=\"\" data-medium-file=\"https:\/\/i0.wp.com\/unser-quartier.de\/stadt-bergheim\/files\/2018\/12\/07B571F1-DB30-49CD-88C6-9B205236B69A.jpeg?fit=300%2C191&amp;ssl=1\" data-large-file=\"https:\/\/i0.wp.com\/unser-quartier.de\/stadt-bergheim\/files\/2018\/12\/07B571F1-DB30-49CD-88C6-9B205236B69A.jpeg?fit=535%2C340&amp;ssl=1\" class=\"alignnone size-medium wp-image-27008\" src=\"https:\/\/i0.wp.com\/unser-quartier.de\/stadt-bergheim\/files\/2018\/12\/07B571F1-DB30-49CD-88C6-9B205236B69A.jpeg?resize=300%2C191&#038;ssl=1\" alt=\"\" width=\"300\" height=\"191\" srcset=\"https:\/\/i0.wp.com\/unser-quartier.de\/stadt-bergheim\/files\/2018\/12\/07B571F1-DB30-49CD-88C6-9B205236B69A.jpeg?resize=300%2C191&amp;ssl=1 300w, https:\/\/i0.wp.com\/unser-quartier.de\/stadt-bergheim\/files\/2018\/12\/07B571F1-DB30-49CD-88C6-9B205236B69A.jpeg?resize=150%2C95&amp;ssl=1 150w, https:\/\/i0.wp.com\/unser-quartier.de\/stadt-bergheim\/files\/2018\/12\/07B571F1-DB30-49CD-88C6-9B205236B69A.jpeg?w=535&amp;ssl=1 535w\" sizes=\"auto, (max-width: 300px) 100vw, 300px\" \/><\/span><\/p>\n<p><span style=\"font-size: 20px; font-family: arial, helvetica, sans-serif;\"><em>Ankunft bei mir<\/em><br \/>\n.<br \/>\nAdvent ist lateinisch und bedeutet Ankunft. Im kirchlichen Sinne ist<br \/>\ngemeint die Ankunft Christi.<br \/>\nIch habe jedoch beschlossen, die Adventszeit diesmal ganz bewusst als\u00a0Ankunft bei mir zu erleben.<br \/>\n.<br \/>\nJeden Tag ein T\u00fcrchen \u00f6ffnen f\u00fcr mich, indem ich mir Zeit nehme f\u00fcr ein\u00a0gutes Gespr\u00e4ch, eine kleine Meditation,\u00a0eine Kerzenflamme beobachten, atmen, zur Ruhe kommen.<br \/>\n.<br \/>\nWeniger hetzen, weniger perfekt sein, weniger wetteifern, weniger<br \/>\nvergleichen.\u00a0Besinnung auf mich selber. Die eigenen Gef\u00fchle, Liebe und Dankbarkeit\u00a0sp\u00fcren&#8230; G\u00e4nsehaut, Freude, Tr\u00e4nen.<br \/>\nVielleicht ist das f\u00fcr Sie, liebe Leser auch eine Anregung.<br \/>\nIn diesem Sinne eine wundersch\u00f6ne Adventsszeit!<br \/>\n.<br \/>\nvon Helga-Agnes Cubitzki<\/span><\/p>\n","protected":false},"excerpt":{"rendered":"<\/p>\n<p>Ankunft bei mir . Advent ist lateinisch und bedeutet Ankunft. Im kirchlichen Sinne ist gemeint die Ankunft Christi. Ich habe jedoch beschlossen, die Adventszeit diesmal ganz bewusst als\u00a0Ankunft bei mir zu erleben. . Jeden Tag ein T\u00fcrchen \u00f6ffnen f\u00fcr mich, indem ich mir Zeit nehme f\u00fcr ein\u00a0gutes Gespr\u00e4ch, eine kleine Meditation,\u00a0eine Kerzenflamme beobachten, atmen, &hellip; <\/p>\n<p><a class=\"more-link btn\" href=\"https:\/\/unser-quartier.de\/stadt-bergheim\/2018\/12\/ankunft-bei-mir\/\">Weiterlesen<\/a><\/p>\n","protected":false},"author":48,"featured_media":0,"comment_status":"closed","ping_status":"closed","sticky":false,"template":"","format":"standard","meta":{"_bbp_topic_count":0,"_bbp_reply_count":0,"_bbp_total_topic_count":0,"_bbp_total_reply_count":0,"_bbp_voice_count":0,"_bbp_anonymous_reply_count":0,"_bbp_topic_count_hidden":0,"_bbp_reply_count_hidden":0,"_bbp_forum_subforum_count":0,"jetpack_post_was_ever_published":false,"_jetpack_newsletter_access":"","_jetpack_dont_email_post_to_subs":false,"_jetpack_newsletter_tier_id":0,"_jetpack_memberships_contains_paywalled_content":false,"_jetpack_memberships_contains_paid_content":false,"footnotes":""},"categories":[1],"tags":[],"class_list":["post-27007","post","type-post","status-publish","format-standard","hentry","category-allgemein","item-wrap"],"jetpack_sharing_enabled":true,"jetpack_featured_media_url":"","jetpack_shortlink":"https:\/\/wp.me\/p3vhfJ-71B","jetpack_likes_enabled":true,"_links":{"self":[{"href":"https:\/\/unser-quartier.de\/stadt-bergheim\/wp-json\/wp\/v2\/posts\/27007","targetHints":{"allow":["GET"]}}],"collection":[{"href":"https:\/\/unser-quartier.de\/stadt-bergheim\/wp-json\/wp\/v2\/posts"}],"about":[{"href":"https:\/\/unser-quartier.de\/stadt-bergheim\/wp-json\/wp\/v2\/types\/post"}],"author":[{"embeddable":true,"href":"https:\/\/unser-quartier.de\/stadt-bergheim\/wp-json\/wp\/v2\/users\/48"}],"replies":[{"embeddable":true,"href":"https:\/\/unser-quartier.de\/stadt-bergheim\/wp-json\/wp\/v2\/comments?post=27007"}],"version-history":[{"count":0,"href":"https:\/\/unser-quartier.de\/stadt-bergheim\/wp-json\/wp\/v2\/posts\/27007\/revisions"}],"wp:attachment":[{"href":"https:\/\/unser-quartier.de\/stadt-bergheim\/wp-json\/wp\/v2\/media?parent=27007"}],"wp:term":[{"taxonomy":"category","embeddable":true,"href":"https:\/\/unser-quartier.de\/stadt-bergheim\/wp-json\/wp\/v2\/categories?post=27007"},{"taxonomy":"post_tag","embeddable":true,"href":"https:\/\/unser-quartier.de\/stadt-bergheim\/wp-json\/wp\/v2\/tags?post=27007"}],"curies":[{"name":"wp","href":"https:\/\/api.w.org\/{rel}","templated":true}]}}