{"id":27054,"date":"2018-12-11T00:01:02","date_gmt":"2018-12-10T23:01:02","guid":{"rendered":"https:\/\/unser-quartier.de\/stadt-bergheim\/?p=27054"},"modified":"2018-12-10T20:06:49","modified_gmt":"2018-12-10T19:06:49","slug":"tippkaesekuchen","status":"publish","type":"post","link":"https:\/\/unser-quartier.de\/stadt-bergheim\/2018\/12\/tippkaesekuchen\/","title":{"rendered":"Tipp:K\u00e4sekuchen"},"content":{"rendered":"<p><span style=\"font-family: arial, helvetica, sans-serif; font-size: 20px;\"><img data-recalc-dims=\"1\" loading=\"lazy\" decoding=\"async\" data-attachment-id=\"27055\" data-permalink=\"https:\/\/unser-quartier.de\/stadt-bergheim\/2018\/12\/tippkaesekuchen\/3868af4e-a26d-40b7-9d71-ea47ce694818\/\" data-orig-file=\"https:\/\/i0.wp.com\/unser-quartier.de\/stadt-bergheim\/files\/2018\/12\/3868AF4E-A26D-40B7-9D71-EA47CE694818.jpeg?fit=960%2C640&amp;ssl=1\" data-orig-size=\"960,640\" data-comments-opened=\"0\" data-image-meta=\"{&quot;aperture&quot;:&quot;0&quot;,&quot;credit&quot;:&quot;&quot;,&quot;camera&quot;:&quot;&quot;,&quot;caption&quot;:&quot;&quot;,&quot;created_timestamp&quot;:&quot;0&quot;,&quot;copyright&quot;:&quot;&quot;,&quot;focal_length&quot;:&quot;0&quot;,&quot;iso&quot;:&quot;0&quot;,&quot;shutter_speed&quot;:&quot;0&quot;,&quot;title&quot;:&quot;&quot;,&quot;orientation&quot;:&quot;0&quot;}\" data-image-title=\"3868AF4E-A26D-40B7-9D71-EA47CE694818\" data-image-description=\"\" data-image-caption=\"\" data-medium-file=\"https:\/\/i0.wp.com\/unser-quartier.de\/stadt-bergheim\/files\/2018\/12\/3868AF4E-A26D-40B7-9D71-EA47CE694818.jpeg?fit=300%2C200&amp;ssl=1\" data-large-file=\"https:\/\/i0.wp.com\/unser-quartier.de\/stadt-bergheim\/files\/2018\/12\/3868AF4E-A26D-40B7-9D71-EA47CE694818.jpeg?fit=770%2C513&amp;ssl=1\" class=\"alignnone size-medium wp-image-27055\" src=\"https:\/\/i0.wp.com\/unser-quartier.de\/stadt-bergheim\/files\/2018\/12\/3868AF4E-A26D-40B7-9D71-EA47CE694818-300x200.jpeg?resize=300%2C200&#038;ssl=1\" alt=\"\" width=\"300\" height=\"200\" srcset=\"https:\/\/i0.wp.com\/unser-quartier.de\/stadt-bergheim\/files\/2018\/12\/3868AF4E-A26D-40B7-9D71-EA47CE694818.jpeg?resize=300%2C200&amp;ssl=1 300w, https:\/\/i0.wp.com\/unser-quartier.de\/stadt-bergheim\/files\/2018\/12\/3868AF4E-A26D-40B7-9D71-EA47CE694818.jpeg?resize=150%2C100&amp;ssl=1 150w, https:\/\/i0.wp.com\/unser-quartier.de\/stadt-bergheim\/files\/2018\/12\/3868AF4E-A26D-40B7-9D71-EA47CE694818.jpeg?resize=768%2C512&amp;ssl=1 768w, https:\/\/i0.wp.com\/unser-quartier.de\/stadt-bergheim\/files\/2018\/12\/3868AF4E-A26D-40B7-9D71-EA47CE694818.jpeg?w=960&amp;ssl=1 960w\" sizes=\"auto, (max-width: 300px) 100vw, 300px\" \/><\/span><\/p>\n<p><span style=\"font-family: arial, helvetica, sans-serif; font-size: 20px;\"><em>Mein K\u00e4sekuchen-Rezept<\/em><\/span><br \/>\n<span style=\"font-family: arial, helvetica, sans-serif; font-size: 20px;\">.<\/span><br \/>\n<span style=\"font-family: arial, helvetica, sans-serif; font-size: 20px;\">Zutaten f\u00fcr 10 St\u00fccke:<\/span><\/p>\n<p><span style=\"font-family: arial, helvetica, sans-serif; font-size: 20px;\">70 g kalte Butter<\/span><br \/>\n<span style=\"font-family: arial, helvetica, sans-serif; font-size: 20px;\">18o g Zuckeraustauschstoff Eryfly<\/span><br \/>\n<span style=\"font-family: arial, helvetica, sans-serif; font-size: 20px;\">4 Eier<\/span><br \/>\n<span style=\"font-family: arial, helvetica, sans-serif; font-size: 20px;\">150 g Mehl<\/span><br \/>\n<span style=\"font-family: arial, helvetica, sans-serif; font-size: 20px;\">1 TL Backpulver<\/span><br \/>\n<span style=\"font-family: arial, helvetica, sans-serif; font-size: 20px;\">1 Dose Mandarinen<\/span><br \/>\n<span style=\"font-family: arial, helvetica, sans-serif; font-size: 20px;\">1 EL Zitronensaft<\/span><br \/>\n<span style=\"font-family: arial, helvetica, sans-serif; font-size: 20px;\">370 ml Milch<\/span><br \/>\n<span style=\"font-family: arial, helvetica, sans-serif; font-size: 20px;\">170 ml \u00d6l<\/span><br \/>\n<span style=\"font-family: arial, helvetica, sans-serif; font-size: 20px;\">1 P\u00e4ckchen Vanillepuddingpulver<\/span><br \/>\n<span style=\"font-family: arial, helvetica, sans-serif; font-size: 20px;\">1 Pfd Magerquark<\/span><br \/>\n<span style=\"font-family: arial, helvetica, sans-serif; font-size: 20px;\">.<\/span><br \/>\n<span style=\"font-family: arial, helvetica, sans-serif; font-size: 20px;\">Zubereitung:<\/span><\/p>\n<p><span style=\"font-family: arial, helvetica, sans-serif; font-size: 20px;\">Den Backofen auf 180 Grad Umluft vorheizen.<\/span><span>\u00a0<\/span><span style=\"font-family: arial, helvetica, sans-serif; font-size: 20px;\">Butter in Fl\u00f6ckchen mit 70 g Eryfly, 1 Ei, Mehl und Backpulver in eine\u00a0R\u00fchrsch\u00fcssel geben und mit dem Knethaken r\u00fchren, sp\u00e4ter mit den H\u00e4nden zu\u00a0einem glatten Teig verarbeiten.\u00a0Ein Backblech mit Butter fetten und den Teig gleichm\u00e4\u00dfig verstreichen.<\/span><br \/>\n<span style=\"font-family: arial, helvetica, sans-serif; font-size: 20px;\">.<\/span><br \/>\n<span style=\"font-family: arial, helvetica, sans-serif; font-size: 20px;\">Die Mandarinen abtropfen lassen.<\/span><br \/>\n<span style=\"font-family: arial, helvetica, sans-serif; font-size: 20px;\">2 Eier trennen, Eigelbe mit den \u00fcbrigen Eiern, 100 g Eryfly und\u00a0Zitronensaft verr\u00fchren.<\/span><br \/>\n<span style=\"font-family: arial, helvetica, sans-serif; font-size: 20px;\">Nacheinander Milch, \u00d6l, Puddingpulver, Magerquark unterr\u00fchren, dann auch<\/span><span>\u00a0<\/span><span style=\"font-family: arial, helvetica, sans-serif; font-size: 20px;\">die Mandarinen.\u00a0Die Creme auf den Teig gie\u00dfen und das Blech in die 2. Einschubleiste im\u00a0Backofen schieben und 30 Min backen.<\/span><br \/>\n<span style=\"font-family: arial, helvetica, sans-serif; font-size: 20px;\">.<\/span><br \/>\n<span style=\"font-family: arial, helvetica, sans-serif; font-size: 20px;\">Die 2 Eiwei\u00dfe sehr steif schlagen und dabei den restlichen\u00a0Zuckeraustauschstoff einrieseln lassen.\u00a0Dann auf der Quarkmasse verteilen und weitere 10 Min auf der 2.<\/span><span>\u00a0<\/span><span style=\"font-family: arial, helvetica, sans-serif; font-size: 20px;\">Einschubleiste von unten backen.<\/span><br \/>\n<span style=\"font-family: arial, helvetica, sans-serif; font-size: 20px;\">.<\/span><br \/>\n<span style=\"font-family: arial, helvetica, sans-serif; font-size: 20px;\">Leckerer, saftiger Kuchen mit wenig Kalorien.<\/span><span>\u00a0<\/span><span style=\"font-family: arial, helvetica, sans-serif; font-size: 20px;\">Nat\u00fcrlich kann man auch Zucker oder Kokosbl\u00fcten-Zucker verwenden.<\/span><span>\u00a0<\/span><span style=\"font-family: arial, helvetica, sans-serif; font-size: 20px;\">Da ist Naschen erlaubt!<\/span><br \/>\n<span style=\"font-family: arial, helvetica, sans-serif; font-size: 20px;\">.<\/span><br \/>\n<span style=\"font-family: arial, helvetica, sans-serif; font-size: 20px;\">von Gertrud Breuer<\/span><\/p>\n","protected":false},"excerpt":{"rendered":"<\/p>\n<p>Mein K\u00e4sekuchen-Rezept . Zutaten f\u00fcr 10 St\u00fccke:<\/p>\n<p>70 g kalte Butter 18o g Zuckeraustauschstoff Eryfly 4 Eier 150 g Mehl 1 TL Backpulver 1 Dose Mandarinen 1 EL Zitronensaft 370 ml Milch 170 ml \u00d6l 1 P\u00e4ckchen Vanillepuddingpulver 1 Pfd Magerquark . Zubereitung:<\/p>\n<p>Den Backofen auf 180 Grad Umluft vorheizen.\u00a0Butter in Fl\u00f6ckchen mit 70 &hellip; <\/p>\n<p><a class=\"more-link btn\" href=\"https:\/\/unser-quartier.de\/stadt-bergheim\/2018\/12\/tippkaesekuchen\/\">Weiterlesen<\/a><\/p>\n","protected":false},"author":48,"featured_media":0,"comment_status":"closed","ping_status":"closed","sticky":false,"template":"","format":"standard","meta":{"_bbp_topic_count":0,"_bbp_reply_count":0,"_bbp_total_topic_count":0,"_bbp_total_reply_count":0,"_bbp_voice_count":0,"_bbp_anonymous_reply_count":0,"_bbp_topic_count_hidden":0,"_bbp_reply_count_hidden":0,"_bbp_forum_subforum_count":0,"jetpack_post_was_ever_published":false,"_jetpack_newsletter_access":"","_jetpack_dont_email_post_to_subs":false,"_jetpack_newsletter_tier_id":0,"_jetpack_memberships_contains_paywalled_content":false,"_jetpack_memberships_contains_paid_content":false,"footnotes":""},"categories":[72],"tags":[],"class_list":["post-27054","post","type-post","status-publish","format-standard","hentry","category-tipps","item-wrap"],"jetpack_sharing_enabled":true,"jetpack_featured_media_url":"","jetpack_shortlink":"https:\/\/wp.me\/p3vhfJ-72m","jetpack_likes_enabled":true,"_links":{"self":[{"href":"https:\/\/unser-quartier.de\/stadt-bergheim\/wp-json\/wp\/v2\/posts\/27054","targetHints":{"allow":["GET"]}}],"collection":[{"href":"https:\/\/unser-quartier.de\/stadt-bergheim\/wp-json\/wp\/v2\/posts"}],"about":[{"href":"https:\/\/unser-quartier.de\/stadt-bergheim\/wp-json\/wp\/v2\/types\/post"}],"author":[{"embeddable":true,"href":"https:\/\/unser-quartier.de\/stadt-bergheim\/wp-json\/wp\/v2\/users\/48"}],"replies":[{"embeddable":true,"href":"https:\/\/unser-quartier.de\/stadt-bergheim\/wp-json\/wp\/v2\/comments?post=27054"}],"version-history":[{"count":0,"href":"https:\/\/unser-quartier.de\/stadt-bergheim\/wp-json\/wp\/v2\/posts\/27054\/revisions"}],"wp:attachment":[{"href":"https:\/\/unser-quartier.de\/stadt-bergheim\/wp-json\/wp\/v2\/media?parent=27054"}],"wp:term":[{"taxonomy":"category","embeddable":true,"href":"https:\/\/unser-quartier.de\/stadt-bergheim\/wp-json\/wp\/v2\/categories?post=27054"},{"taxonomy":"post_tag","embeddable":true,"href":"https:\/\/unser-quartier.de\/stadt-bergheim\/wp-json\/wp\/v2\/tags?post=27054"}],"curies":[{"name":"wp","href":"https:\/\/api.w.org\/{rel}","templated":true}]}}