{"id":27066,"date":"2018-12-14T00:01:39","date_gmt":"2018-12-13T23:01:39","guid":{"rendered":"https:\/\/unser-quartier.de\/stadt-bergheim\/?p=27066"},"modified":"2018-12-14T00:05:41","modified_gmt":"2018-12-13T23:05:41","slug":"gaensebrust-mal-anders","status":"publish","type":"post","link":"https:\/\/unser-quartier.de\/stadt-bergheim\/2018\/12\/gaensebrust-mal-anders\/","title":{"rendered":"G\u00e4nsebrust mal anders &#8230;"},"content":{"rendered":"<p><img data-recalc-dims=\"1\" loading=\"lazy\" decoding=\"async\" data-attachment-id=\"27067\" data-permalink=\"https:\/\/unser-quartier.de\/stadt-bergheim\/2018\/12\/gaensebrust-mal-anders\/ac54a06b-cd9c-4499-8bed-eebfdecc3292\/\" data-orig-file=\"https:\/\/i0.wp.com\/unser-quartier.de\/stadt-bergheim\/files\/2018\/12\/AC54A06B-CD9C-4499-8BED-EEBFDECC3292.jpeg?fit=510%2C340&amp;ssl=1\" data-orig-size=\"510,340\" data-comments-opened=\"0\" data-image-meta=\"{&quot;aperture&quot;:&quot;4.5&quot;,&quot;credit&quot;:&quot;&quot;,&quot;camera&quot;:&quot;NIKON D7200&quot;,&quot;caption&quot;:&quot;&quot;,&quot;created_timestamp&quot;:&quot;0&quot;,&quot;copyright&quot;:&quot;&quot;,&quot;focal_length&quot;:&quot;40&quot;,&quot;iso&quot;:&quot;4000&quot;,&quot;shutter_speed&quot;:&quot;0.0125&quot;,&quot;title&quot;:&quot;&quot;,&quot;orientation&quot;:&quot;0&quot;}\" data-image-title=\"AC54A06B-CD9C-4499-8BED-EEBFDECC3292\" data-image-description=\"\" data-image-caption=\"\" data-medium-file=\"https:\/\/i0.wp.com\/unser-quartier.de\/stadt-bergheim\/files\/2018\/12\/AC54A06B-CD9C-4499-8BED-EEBFDECC3292.jpeg?fit=300%2C200&amp;ssl=1\" data-large-file=\"https:\/\/i0.wp.com\/unser-quartier.de\/stadt-bergheim\/files\/2018\/12\/AC54A06B-CD9C-4499-8BED-EEBFDECC3292.jpeg?fit=510%2C340&amp;ssl=1\" class=\"alignnone size-medium wp-image-27067\" src=\"https:\/\/i0.wp.com\/unser-quartier.de\/stadt-bergheim\/files\/2018\/12\/AC54A06B-CD9C-4499-8BED-EEBFDECC3292-300x200.jpeg?resize=300%2C200&#038;ssl=1\" alt=\"\" width=\"300\" height=\"200\" srcset=\"https:\/\/i0.wp.com\/unser-quartier.de\/stadt-bergheim\/files\/2018\/12\/AC54A06B-CD9C-4499-8BED-EEBFDECC3292.jpeg?resize=300%2C200&amp;ssl=1 300w, https:\/\/i0.wp.com\/unser-quartier.de\/stadt-bergheim\/files\/2018\/12\/AC54A06B-CD9C-4499-8BED-EEBFDECC3292.jpeg?resize=150%2C100&amp;ssl=1 150w, https:\/\/i0.wp.com\/unser-quartier.de\/stadt-bergheim\/files\/2018\/12\/AC54A06B-CD9C-4499-8BED-EEBFDECC3292.jpeg?w=510&amp;ssl=1 510w\" sizes=\"auto, (max-width: 300px) 100vw, 300px\" \/><\/p>\n<p><span style=\"font-size: 20px; font-family: arial, helvetica, sans-serif;\"><em>G\u00e4nsebrust mit Kirschso\u00dfe<\/em><\/span><br \/>\n<span style=\"font-size: 20px; font-family: arial, helvetica, sans-serif;\">.<\/span><br \/>\n<span style=\"font-size: 20px; font-family: arial, helvetica, sans-serif;\">Zutaten f\u00fcr 4 Portionen:<\/span><\/p>\n<p><span style=\"font-size: 20px; font-family: arial, helvetica, sans-serif;\">100 g Cranberrys<\/span><br \/>\n<span style=\"font-size: 20px; font-family: arial, helvetica, sans-serif;\">500 g Sauerkirschen<\/span><br \/>\n<span style=\"font-size: 20px; font-family: arial, helvetica, sans-serif;\">Saft von 2 Orangen<\/span><br \/>\n<span style=\"font-size: 20px; font-family: arial, helvetica, sans-serif;\">80 g brauner Zucker<\/span><br \/>\n<span style=\"font-size: 20px; font-family: arial, helvetica, sans-serif;\">je 4 Zweige Thymian und Salbei<\/span><br \/>\n<span style=\"font-size: 20px; font-family: arial, helvetica, sans-serif;\">1 Prise Pimentpulver<\/span><br \/>\n<span style=\"font-size: 20px; font-family: arial, helvetica, sans-serif;\">10 ml Kirschwasser<\/span><br \/>\n<span style=\"font-size: 20px; font-family: arial, helvetica, sans-serif;\">4 G\u00e4nsebr\u00fcste<\/span><br \/>\n<span style=\"font-size: 20px; font-family: arial, helvetica, sans-serif;\">5 EL \u00d6l<\/span><br \/>\n<span style=\"font-size: 20px; font-family: arial, helvetica, sans-serif;\">100 ml Rotwein<\/span><br \/>\n<span style=\"font-size: 20px; font-family: arial, helvetica, sans-serif;\">1 TL Speisest\u00e4rke, Salz, Pfeffer<\/span><br \/>\n<span style=\"font-size: 20px; font-family: arial, helvetica, sans-serif;\">.<\/span><br \/>\n<span style=\"font-size: 20px; font-family: arial, helvetica, sans-serif;\">Zubereitung:<\/span><\/p>\n<p><span style=\"font-size: 20px; font-family: arial, helvetica, sans-serif;\">Kirschen und Cranberrys in einem Topf mit Orangensaft \u00fcbergie\u00dfen*, *Zucker<\/span>\u00a0<span style=\"font-size: 20px; font-family: arial, helvetica, sans-serif;\">und je 2 Thymian und Salbeizweige zuf\u00fcgen. Aufkochen, bei geringer Hitze<\/span>\u00a0<span style=\"font-size: 20px; font-family: arial, helvetica, sans-serif;\">k\u00f6cheln, bis die Kirschen Saft ziehen. Vom Herd nehmen, die Zweiglein<\/span>\u00a0<span style=\"font-size: 20px; font-family: arial, helvetica, sans-serif;\">entfernen, Piment und Kirschwasser dazugeben.<\/span><br \/>\n<span style=\"font-size: 20px; font-family: arial, helvetica, sans-serif;\">.<\/span><br \/>\n<span style=\"font-size: 20px; font-family: arial, helvetica, sans-serif;\">G\u00e4nsebr\u00fcste abbrausen, trocken tupfen und die Haut rautenf\u00f6rmig<\/span><br \/>\n<span style=\"font-size: 20px; font-family: arial, helvetica, sans-serif;\">einschneiden, salzen und pfeffern. Auf jeder Seite 6 Min in \u00d6l knusprig<\/span><br \/>\n<span style=\"font-size: 20px; font-family: arial, helvetica, sans-serif;\">braten, dann herausnehmen und warm halten.<\/span>\u00a0<span style=\"font-size: 20px; font-family: arial, helvetica, sans-serif;\">Den Bratenfond mit Rotwein abl\u00f6schen und bei starker Hitze 4 Min einkochen.<\/span>\u00a0<span style=\"font-size: 20px; font-family: arial, helvetica, sans-serif;\">Zu der Kirschso\u00dfe geben. St\u00e4rke anr\u00fchren, unterr\u00fchren. 3 &#8211; 4 Min kochen<\/span>\u00a0\u00a0<span style=\"font-size: 20px; font-family: arial, helvetica, sans-serif;\">lassen. Rest Thymian und Salbei dazugeben, salzen.<\/span><br \/>\n<span style=\"font-size: 20px; font-family: arial, helvetica, sans-serif;\">Dazu schmeckt S\u00fc\u00dfkartoffelp\u00fcree und Rotkohl.<\/span><br \/>\n<span style=\"font-size: 20px; font-family: arial, helvetica, sans-serif;\">.<\/span><br \/>\n<span style=\"font-size: 20px; font-family: arial, helvetica, sans-serif;\">von Gertrud Breuer<\/span><\/p>\n","protected":false},"excerpt":{"rendered":"<\/p>\n<p>G\u00e4nsebrust mit Kirschso\u00dfe . Zutaten f\u00fcr 4 Portionen:<\/p>\n<p>100 g Cranberrys 500 g Sauerkirschen Saft von 2 Orangen 80 g brauner Zucker je 4 Zweige Thymian und Salbei 1 Prise Pimentpulver 10 ml Kirschwasser 4 G\u00e4nsebr\u00fcste 5 EL \u00d6l 100 ml Rotwein 1 TL Speisest\u00e4rke, Salz, Pfeffer . Zubereitung:<\/p>\n<p>Kirschen und Cranberrys in einem &hellip; <\/p>\n<p><a class=\"more-link btn\" href=\"https:\/\/unser-quartier.de\/stadt-bergheim\/2018\/12\/gaensebrust-mal-anders\/\">Weiterlesen<\/a><\/p>\n","protected":false},"author":48,"featured_media":0,"comment_status":"closed","ping_status":"closed","sticky":false,"template":"","format":"standard","meta":{"_bbp_topic_count":0,"_bbp_reply_count":0,"_bbp_total_topic_count":0,"_bbp_total_reply_count":0,"_bbp_voice_count":0,"_bbp_anonymous_reply_count":0,"_bbp_topic_count_hidden":0,"_bbp_reply_count_hidden":0,"_bbp_forum_subforum_count":0,"jetpack_post_was_ever_published":false,"_jetpack_newsletter_access":"","_jetpack_dont_email_post_to_subs":false,"_jetpack_newsletter_tier_id":0,"_jetpack_memberships_contains_paywalled_content":false,"_jetpack_memberships_contains_paid_content":false,"footnotes":""},"categories":[72],"tags":[],"class_list":["post-27066","post","type-post","status-publish","format-standard","hentry","category-tipps","item-wrap"],"jetpack_sharing_enabled":true,"jetpack_featured_media_url":"","jetpack_shortlink":"https:\/\/wp.me\/p3vhfJ-72y","jetpack_likes_enabled":true,"_links":{"self":[{"href":"https:\/\/unser-quartier.de\/stadt-bergheim\/wp-json\/wp\/v2\/posts\/27066","targetHints":{"allow":["GET"]}}],"collection":[{"href":"https:\/\/unser-quartier.de\/stadt-bergheim\/wp-json\/wp\/v2\/posts"}],"about":[{"href":"https:\/\/unser-quartier.de\/stadt-bergheim\/wp-json\/wp\/v2\/types\/post"}],"author":[{"embeddable":true,"href":"https:\/\/unser-quartier.de\/stadt-bergheim\/wp-json\/wp\/v2\/users\/48"}],"replies":[{"embeddable":true,"href":"https:\/\/unser-quartier.de\/stadt-bergheim\/wp-json\/wp\/v2\/comments?post=27066"}],"version-history":[{"count":0,"href":"https:\/\/unser-quartier.de\/stadt-bergheim\/wp-json\/wp\/v2\/posts\/27066\/revisions"}],"wp:attachment":[{"href":"https:\/\/unser-quartier.de\/stadt-bergheim\/wp-json\/wp\/v2\/media?parent=27066"}],"wp:term":[{"taxonomy":"category","embeddable":true,"href":"https:\/\/unser-quartier.de\/stadt-bergheim\/wp-json\/wp\/v2\/categories?post=27066"},{"taxonomy":"post_tag","embeddable":true,"href":"https:\/\/unser-quartier.de\/stadt-bergheim\/wp-json\/wp\/v2\/tags?post=27066"}],"curies":[{"name":"wp","href":"https:\/\/api.w.org\/{rel}","templated":true}]}}