{"id":27069,"date":"2018-12-11T03:25:22","date_gmt":"2018-12-11T02:25:22","guid":{"rendered":"https:\/\/unser-quartier.de\/stadt-bergheim\/?p=27069"},"modified":"2018-12-11T03:26:37","modified_gmt":"2018-12-11T02:26:37","slug":"stadt-informiert-24","status":"publish","type":"post","link":"https:\/\/unser-quartier.de\/stadt-bergheim\/2018\/12\/stadt-informiert-24\/","title":{"rendered":"Stadt informiert &#8230;"},"content":{"rendered":"<p><span style=\"font-size: 20px; font-family: arial, helvetica, sans-serif;\"><img data-recalc-dims=\"1\" loading=\"lazy\" decoding=\"async\" data-attachment-id=\"27071\" data-permalink=\"https:\/\/unser-quartier.de\/stadt-bergheim\/2018\/12\/stadt-informiert-24\/cf81e9d0-00ce-4a77-9496-dda725be9457\/\" data-orig-file=\"https:\/\/i0.wp.com\/unser-quartier.de\/stadt-bergheim\/files\/2018\/12\/CF81E9D0-00CE-4A77-9496-DDA725BE9457.jpeg?fit=712%2C1000&amp;ssl=1\" data-orig-size=\"712,1000\" data-comments-opened=\"0\" data-image-meta=\"{&quot;aperture&quot;:&quot;0&quot;,&quot;credit&quot;:&quot;&quot;,&quot;camera&quot;:&quot;&quot;,&quot;caption&quot;:&quot;&quot;,&quot;created_timestamp&quot;:&quot;0&quot;,&quot;copyright&quot;:&quot;&quot;,&quot;focal_length&quot;:&quot;0&quot;,&quot;iso&quot;:&quot;0&quot;,&quot;shutter_speed&quot;:&quot;0&quot;,&quot;title&quot;:&quot;&quot;,&quot;orientation&quot;:&quot;0&quot;}\" data-image-title=\"CF81E9D0-00CE-4A77-9496-DDA725BE9457\" data-image-description=\"\" data-image-caption=\"\" data-medium-file=\"https:\/\/i0.wp.com\/unser-quartier.de\/stadt-bergheim\/files\/2018\/12\/CF81E9D0-00CE-4A77-9496-DDA725BE9457.jpeg?fit=214%2C300&amp;ssl=1\" data-large-file=\"https:\/\/i0.wp.com\/unser-quartier.de\/stadt-bergheim\/files\/2018\/12\/CF81E9D0-00CE-4A77-9496-DDA725BE9457.jpeg?fit=712%2C1000&amp;ssl=1\" class=\"alignnone size-medium wp-image-27071\" src=\"https:\/\/i0.wp.com\/unser-quartier.de\/stadt-bergheim\/files\/2018\/12\/CF81E9D0-00CE-4A77-9496-DDA725BE9457.jpeg?resize=214%2C300&#038;ssl=1\" alt=\"\" width=\"214\" height=\"300\" srcset=\"https:\/\/i0.wp.com\/unser-quartier.de\/stadt-bergheim\/files\/2018\/12\/CF81E9D0-00CE-4A77-9496-DDA725BE9457.jpeg?resize=214%2C300&amp;ssl=1 214w, https:\/\/i0.wp.com\/unser-quartier.de\/stadt-bergheim\/files\/2018\/12\/CF81E9D0-00CE-4A77-9496-DDA725BE9457.jpeg?resize=107%2C150&amp;ssl=1 107w, https:\/\/i0.wp.com\/unser-quartier.de\/stadt-bergheim\/files\/2018\/12\/CF81E9D0-00CE-4A77-9496-DDA725BE9457.jpeg?w=712&amp;ssl=1 712w\" sizes=\"auto, (max-width: 214px) 100vw, 214px\" \/><\/span><\/p>\n<p><span style=\"font-size: 20px; font-family: arial, helvetica, sans-serif;\">\u201eWeihnachtsoratorium\u201c im Freitagskino in der Kentener Kirche St.\u00a0Hubertus<\/span><\/p>\n<p><span style=\"font-size: 20px; font-family: arial, helvetica, sans-serif;\">Die Ballett-Inszenierung von John Neumeier mit dem Hamburg Ballett zur Einstimmung auf das Weihnachtsfest in stimmungsvoller Atmosph\u00e4re\u00a0Die n\u00e4chste Vorstellung des Freitagskinos ist eine Veranstaltung der besonderen Art. Gezeigt wird die Ballett-Inszenierung von John Neumeier mit dem Hamburger Ballett des Weihnachtsoratoriums von Bach. <\/span><\/p>\n<p><span style=\"font-size: 20px; font-family: arial, helvetica, sans-serif;\">Hierf\u00fcr wurde ein besonderer Veranstaltungsort ausgew\u00e4hlt: Sie findet am 21.12.2018 in der Zeit von 17:00 &#8211; 21:00 Uhr in der Kirche St. Hubertus in der Luisenstra\u00dfe 18 in Bergheim Kenten statt. Es erwartet Sie ein stimmungsvoller Abend f\u00fcr alle Sinne. In der Pause der 163-min\u00fctigen Vorf\u00fchrung wird es einen Imbiss und warme Getr\u00e4nke geben und wie immer die M\u00f6glichkeit, sich \u00fcber das Gesehene auszutauschen, zu diskutieren oder einfach Gedanken und Gef\u00fchle flie\u00dfen zu lassen. Eine Anmeldung f\u00fcr diese Veranstaltung ist nicht erforderlich.<\/span><\/p>\n<p><span style=\"font-size: 20px; font-family: arial, helvetica, sans-serif;\"> Der Eintritt ist frei.<\/span><\/p>\n<p><span style=\"font-size: 20px; font-family: arial, helvetica, sans-serif;\">Folgendes erwatet Sie:<\/span><\/p>\n<p><span style=\"font-size: 20px; font-family: arial, helvetica, sans-serif;\">John Neumeier choreographierte 2013 mit dem Hamburg Ballett das Weihnachtsoratorium von Johann Sebastian Bach. Die biblische Weihnachtsgeschichte mit der mitrei\u00dfenden Musik als Hoffnung spendendes Ereignis in einer dunklen Zeit. \u201eSobald die Musik zum \u201e Jauchzet, frohlocket\u201c-Chor erklingt, &#8230;wird in uns eine Flamme entfacht, welche die Idee der Freude zum leuchten bringt\u201c&#8230; (J. Neumeier).<\/span><\/p>\n<p><span style=\"font-size: 20px; font-family: arial, helvetica, sans-serif;\">Weitere Filme erwartet Sie:<\/span><\/p>\n<p><span style=\"font-size: 20px; font-family: arial, helvetica, sans-serif;\">25.01.2019 Philomena<\/span><br \/>\n<span style=\"font-size: 20px; font-family: arial, helvetica, sans-serif;\">15.02.2019 Karneval! \u2013 Wir sind positiv bekloppt<\/span><\/p>\n","protected":false},"excerpt":{"rendered":"<\/p>\n<p>\u201eWeihnachtsoratorium\u201c im Freitagskino in der Kentener Kirche St.\u00a0Hubertus<\/p>\n<p>Die Ballett-Inszenierung von John Neumeier mit dem Hamburg Ballett zur Einstimmung auf das Weihnachtsfest in stimmungsvoller Atmosph\u00e4re\u00a0Die n\u00e4chste Vorstellung des Freitagskinos ist eine Veranstaltung der besonderen Art. Gezeigt wird die Ballett-Inszenierung von John Neumeier mit dem Hamburger Ballett des Weihnachtsoratoriums von Bach. <\/p>\n<p>Hierf\u00fcr wurde ein &hellip; <\/p>\n<p><a class=\"more-link btn\" href=\"https:\/\/unser-quartier.de\/stadt-bergheim\/2018\/12\/stadt-informiert-24\/\">Weiterlesen<\/a><\/p>\n","protected":false},"author":48,"featured_media":0,"comment_status":"closed","ping_status":"closed","sticky":false,"template":"","format":"standard","meta":{"_bbp_topic_count":0,"_bbp_reply_count":0,"_bbp_total_topic_count":0,"_bbp_total_reply_count":0,"_bbp_voice_count":0,"_bbp_anonymous_reply_count":0,"_bbp_topic_count_hidden":0,"_bbp_reply_count_hidden":0,"_bbp_forum_subforum_count":0,"jetpack_post_was_ever_published":false,"_jetpack_newsletter_access":"","_jetpack_dont_email_post_to_subs":false,"_jetpack_newsletter_tier_id":0,"_jetpack_memberships_contains_paywalled_content":false,"_jetpack_memberships_contains_paid_content":false,"footnotes":""},"categories":[71],"tags":[],"class_list":["post-27069","post","type-post","status-publish","format-standard","hentry","category-freizeit","item-wrap"],"jetpack_sharing_enabled":true,"jetpack_featured_media_url":"","jetpack_shortlink":"https:\/\/wp.me\/p3vhfJ-72B","jetpack_likes_enabled":true,"_links":{"self":[{"href":"https:\/\/unser-quartier.de\/stadt-bergheim\/wp-json\/wp\/v2\/posts\/27069","targetHints":{"allow":["GET"]}}],"collection":[{"href":"https:\/\/unser-quartier.de\/stadt-bergheim\/wp-json\/wp\/v2\/posts"}],"about":[{"href":"https:\/\/unser-quartier.de\/stadt-bergheim\/wp-json\/wp\/v2\/types\/post"}],"author":[{"embeddable":true,"href":"https:\/\/unser-quartier.de\/stadt-bergheim\/wp-json\/wp\/v2\/users\/48"}],"replies":[{"embeddable":true,"href":"https:\/\/unser-quartier.de\/stadt-bergheim\/wp-json\/wp\/v2\/comments?post=27069"}],"version-history":[{"count":0,"href":"https:\/\/unser-quartier.de\/stadt-bergheim\/wp-json\/wp\/v2\/posts\/27069\/revisions"}],"wp:attachment":[{"href":"https:\/\/unser-quartier.de\/stadt-bergheim\/wp-json\/wp\/v2\/media?parent=27069"}],"wp:term":[{"taxonomy":"category","embeddable":true,"href":"https:\/\/unser-quartier.de\/stadt-bergheim\/wp-json\/wp\/v2\/categories?post=27069"},{"taxonomy":"post_tag","embeddable":true,"href":"https:\/\/unser-quartier.de\/stadt-bergheim\/wp-json\/wp\/v2\/tags?post=27069"}],"curies":[{"name":"wp","href":"https:\/\/api.w.org\/{rel}","templated":true}]}}