{"id":27088,"date":"2018-12-11T14:22:39","date_gmt":"2018-12-11T13:22:39","guid":{"rendered":"https:\/\/unser-quartier.de\/stadt-bergheim\/?p=27088"},"modified":"2018-12-11T14:22:39","modified_gmt":"2018-12-11T13:22:39","slug":"einfach-unterirdisch","status":"publish","type":"post","link":"https:\/\/unser-quartier.de\/stadt-bergheim\/2018\/12\/einfach-unterirdisch\/","title":{"rendered":"Einfach unterirdisch&#8230;"},"content":{"rendered":"<p><strong>Besuch auf dem Mosel-Wein-Nachts-Markt<\/strong><\/p>\n<p>Bei meinen Streifz\u00fcgen \u00fcber sch\u00f6ne Weihnachtsm\u00e4rkte in der Region war ich am Wochenende beim Mosel-Wein-Nachtsmarkt in Traben-Trarbach. Dabei geht es \u201eunter Tage\u201c in die wohligwarmen und romantisch ausgeleuchteten ehemaligen Weinkeller der Stadt.<\/p>\n<div class=\"tiled-gallery type-rectangular tiled-gallery-unresized\" data-original-width=\"770\" data-carousel-extra='{&quot;blog_id&quot;:38,&quot;permalink&quot;:&quot;https:\\\/\\\/unser-quartier.de\\\/stadt-bergheim\\\/2018\\\/12\\\/einfach-unterirdisch\\\/&quot;,&quot;likes_blog_id&quot;:51783499}' itemscope itemtype=\"http:\/\/schema.org\/ImageGallery\" > <div class=\"gallery-row\" style=\"width: 770px; height: 370px;\" data-original-width=\"770\" data-original-height=\"370\" > <div class=\"gallery-group images-1\" style=\"width: 492px; height: 370px;\" data-original-width=\"492\" data-original-height=\"370\" > <div class=\"tiled-gallery-item tiled-gallery-item-large\" itemprop=\"associatedMedia\" itemscope itemtype=\"http:\/\/schema.org\/ImageObject\"> <a href=\"https:\/\/unser-quartier.de\/stadt-bergheim\/2018\/12\/einfach-unterirdisch\/img_7081\/\" border=\"0\" itemprop=\"url\"> <meta itemprop=\"width\" content=\"488\"> <meta itemprop=\"height\" content=\"366\"> <img decoding=\"async\" class=\"\" data-attachment-id=\"27089\" data-orig-file=\"https:\/\/unser-quartier.de\/stadt-bergheim\/files\/2018\/12\/IMG_7081.jpg\" data-orig-size=\"1024,768\" data-comments-opened=\"\" data-image-meta=\"{&quot;aperture&quot;:&quot;0&quot;,&quot;credit&quot;:&quot;&quot;,&quot;camera&quot;:&quot;&quot;,&quot;caption&quot;:&quot;&quot;,&quot;created_timestamp&quot;:&quot;0&quot;,&quot;copyright&quot;:&quot;&quot;,&quot;focal_length&quot;:&quot;0&quot;,&quot;iso&quot;:&quot;0&quot;,&quot;shutter_speed&quot;:&quot;0&quot;,&quot;title&quot;:&quot;&quot;,&quot;orientation&quot;:&quot;0&quot;}\" data-image-title=\"IMG_7081\" data-image-description=\"\" data-medium-file=\"https:\/\/i0.wp.com\/unser-quartier.de\/stadt-bergheim\/files\/2018\/12\/IMG_7081.jpg?fit=300%2C225&#038;ssl=1\" data-large-file=\"https:\/\/i0.wp.com\/unser-quartier.de\/stadt-bergheim\/files\/2018\/12\/IMG_7081.jpg?fit=770%2C578&#038;ssl=1\" src=\"https:\/\/i0.wp.com\/unser-quartier.de\/stadt-bergheim\/files\/2018\/12\/IMG_7081.jpg?w=488&#038;h=366&#038;ssl=1\" srcset=\"https:\/\/i0.wp.com\/unser-quartier.de\/stadt-bergheim\/files\/2018\/12\/IMG_7081.jpg?w=1024&amp;ssl=1 1024w, https:\/\/i0.wp.com\/unser-quartier.de\/stadt-bergheim\/files\/2018\/12\/IMG_7081.jpg?resize=150%2C113&amp;ssl=1 150w, https:\/\/i0.wp.com\/unser-quartier.de\/stadt-bergheim\/files\/2018\/12\/IMG_7081.jpg?resize=300%2C225&amp;ssl=1 300w, https:\/\/i0.wp.com\/unser-quartier.de\/stadt-bergheim\/files\/2018\/12\/IMG_7081.jpg?resize=768%2C576&amp;ssl=1 768w\" width=\"488\" height=\"366\" loading=\"lazy\" data-original-width=\"488\" data-original-height=\"366\" itemprop=\"http:\/\/schema.org\/image\" title=\"IMG_7081\" alt=\"IMG_7081\" style=\"width: 488px; height: 366px;\" \/> <\/a> <\/div> <\/div> <!-- close group --> <div class=\"gallery-group images-1\" style=\"width: 278px; height: 370px;\" data-original-width=\"278\" data-original-height=\"370\" > <div class=\"tiled-gallery-item tiled-gallery-item-large\" itemprop=\"associatedMedia\" itemscope itemtype=\"http:\/\/schema.org\/ImageObject\"> <a href=\"https:\/\/unser-quartier.de\/stadt-bergheim\/2018\/12\/einfach-unterirdisch\/img_7101\/\" border=\"0\" itemprop=\"url\"> <meta itemprop=\"width\" content=\"274\"> <meta itemprop=\"height\" content=\"366\"> <img decoding=\"async\" class=\"\" data-attachment-id=\"27098\" data-orig-file=\"https:\/\/unser-quartier.de\/stadt-bergheim\/files\/2018\/12\/IMG_7101.jpg\" data-orig-size=\"768,1024\" data-comments-opened=\"\" data-image-meta=\"{&quot;aperture&quot;:&quot;0&quot;,&quot;credit&quot;:&quot;&quot;,&quot;camera&quot;:&quot;&quot;,&quot;caption&quot;:&quot;&quot;,&quot;created_timestamp&quot;:&quot;0&quot;,&quot;copyright&quot;:&quot;&quot;,&quot;focal_length&quot;:&quot;0&quot;,&quot;iso&quot;:&quot;0&quot;,&quot;shutter_speed&quot;:&quot;0&quot;,&quot;title&quot;:&quot;&quot;,&quot;orientation&quot;:&quot;0&quot;}\" data-image-title=\"IMG_7101\" data-image-description=\"\" data-medium-file=\"https:\/\/i0.wp.com\/unser-quartier.de\/stadt-bergheim\/files\/2018\/12\/IMG_7101.jpg?fit=225%2C300&#038;ssl=1\" data-large-file=\"https:\/\/i0.wp.com\/unser-quartier.de\/stadt-bergheim\/files\/2018\/12\/IMG_7101.jpg?fit=768%2C1024&#038;ssl=1\" src=\"https:\/\/i0.wp.com\/unser-quartier.de\/stadt-bergheim\/files\/2018\/12\/IMG_7101.jpg?w=274&#038;h=366&#038;ssl=1\" srcset=\"https:\/\/i0.wp.com\/unser-quartier.de\/stadt-bergheim\/files\/2018\/12\/IMG_7101.jpg?w=768&amp;ssl=1 768w, https:\/\/i0.wp.com\/unser-quartier.de\/stadt-bergheim\/files\/2018\/12\/IMG_7101.jpg?resize=113%2C150&amp;ssl=1 113w, https:\/\/i0.wp.com\/unser-quartier.de\/stadt-bergheim\/files\/2018\/12\/IMG_7101.jpg?resize=225%2C300&amp;ssl=1 225w\" width=\"274\" height=\"366\" loading=\"lazy\" data-original-width=\"274\" data-original-height=\"366\" itemprop=\"http:\/\/schema.org\/image\" title=\"IMG_7101\" alt=\"IMG_7101\" style=\"width: 274px; height: 366px;\" \/> <\/a> <\/div> <\/div> <!-- close group --> <\/div> <!-- close row --> <div class=\"gallery-row\" style=\"width: 770px; height: 512px;\" data-original-width=\"770\" data-original-height=\"512\" > <div class=\"gallery-group images-1\" style=\"width: 385px; height: 512px;\" data-original-width=\"385\" data-original-height=\"512\" > <div class=\"tiled-gallery-item tiled-gallery-item-large\" itemprop=\"associatedMedia\" itemscope itemtype=\"http:\/\/schema.org\/ImageObject\"> <a href=\"https:\/\/unser-quartier.de\/stadt-bergheim\/2018\/12\/einfach-unterirdisch\/img_7099\/\" border=\"0\" itemprop=\"url\"> <meta itemprop=\"width\" content=\"381\"> <meta itemprop=\"height\" content=\"508\"> <img decoding=\"async\" class=\"\" data-attachment-id=\"27097\" data-orig-file=\"https:\/\/unser-quartier.de\/stadt-bergheim\/files\/2018\/12\/IMG_7099.jpg\" data-orig-size=\"768,1024\" data-comments-opened=\"\" data-image-meta=\"{&quot;aperture&quot;:&quot;0&quot;,&quot;credit&quot;:&quot;&quot;,&quot;camera&quot;:&quot;&quot;,&quot;caption&quot;:&quot;&quot;,&quot;created_timestamp&quot;:&quot;0&quot;,&quot;copyright&quot;:&quot;&quot;,&quot;focal_length&quot;:&quot;0&quot;,&quot;iso&quot;:&quot;0&quot;,&quot;shutter_speed&quot;:&quot;0&quot;,&quot;title&quot;:&quot;&quot;,&quot;orientation&quot;:&quot;0&quot;}\" data-image-title=\"IMG_7099\" data-image-description=\"\" data-medium-file=\"https:\/\/i0.wp.com\/unser-quartier.de\/stadt-bergheim\/files\/2018\/12\/IMG_7099.jpg?fit=225%2C300&#038;ssl=1\" data-large-file=\"https:\/\/i0.wp.com\/unser-quartier.de\/stadt-bergheim\/files\/2018\/12\/IMG_7099.jpg?fit=768%2C1024&#038;ssl=1\" src=\"https:\/\/i0.wp.com\/unser-quartier.de\/stadt-bergheim\/files\/2018\/12\/IMG_7099.jpg?w=381&#038;h=508&#038;ssl=1\" srcset=\"https:\/\/i0.wp.com\/unser-quartier.de\/stadt-bergheim\/files\/2018\/12\/IMG_7099.jpg?w=768&amp;ssl=1 768w, https:\/\/i0.wp.com\/unser-quartier.de\/stadt-bergheim\/files\/2018\/12\/IMG_7099.jpg?resize=113%2C150&amp;ssl=1 113w, https:\/\/i0.wp.com\/unser-quartier.de\/stadt-bergheim\/files\/2018\/12\/IMG_7099.jpg?resize=225%2C300&amp;ssl=1 225w\" width=\"381\" height=\"508\" loading=\"lazy\" data-original-width=\"381\" data-original-height=\"508\" itemprop=\"http:\/\/schema.org\/image\" title=\"IMG_7099\" alt=\"IMG_7099\" style=\"width: 381px; height: 508px;\" \/> <\/a> <\/div> <\/div> <!-- close group --> <div class=\"gallery-group images-1\" style=\"width: 385px; height: 512px;\" data-original-width=\"385\" data-original-height=\"512\" > <div class=\"tiled-gallery-item tiled-gallery-item-large\" itemprop=\"associatedMedia\" itemscope itemtype=\"http:\/\/schema.org\/ImageObject\"> <a href=\"https:\/\/unser-quartier.de\/stadt-bergheim\/2018\/12\/einfach-unterirdisch\/img_7098\/\" border=\"0\" itemprop=\"url\"> <meta itemprop=\"width\" content=\"381\"> <meta itemprop=\"height\" content=\"508\"> <img decoding=\"async\" class=\"\" data-attachment-id=\"27096\" data-orig-file=\"https:\/\/unser-quartier.de\/stadt-bergheim\/files\/2018\/12\/IMG_7098.jpg\" data-orig-size=\"768,1024\" data-comments-opened=\"\" data-image-meta=\"{&quot;aperture&quot;:&quot;0&quot;,&quot;credit&quot;:&quot;&quot;,&quot;camera&quot;:&quot;&quot;,&quot;caption&quot;:&quot;&quot;,&quot;created_timestamp&quot;:&quot;0&quot;,&quot;copyright&quot;:&quot;&quot;,&quot;focal_length&quot;:&quot;0&quot;,&quot;iso&quot;:&quot;0&quot;,&quot;shutter_speed&quot;:&quot;0&quot;,&quot;title&quot;:&quot;&quot;,&quot;orientation&quot;:&quot;0&quot;}\" data-image-title=\"IMG_7098\" data-image-description=\"\" data-medium-file=\"https:\/\/i0.wp.com\/unser-quartier.de\/stadt-bergheim\/files\/2018\/12\/IMG_7098.jpg?fit=225%2C300&#038;ssl=1\" data-large-file=\"https:\/\/i0.wp.com\/unser-quartier.de\/stadt-bergheim\/files\/2018\/12\/IMG_7098.jpg?fit=768%2C1024&#038;ssl=1\" src=\"https:\/\/i0.wp.com\/unser-quartier.de\/stadt-bergheim\/files\/2018\/12\/IMG_7098.jpg?w=381&#038;h=508&#038;ssl=1\" srcset=\"https:\/\/i0.wp.com\/unser-quartier.de\/stadt-bergheim\/files\/2018\/12\/IMG_7098.jpg?w=768&amp;ssl=1 768w, https:\/\/i0.wp.com\/unser-quartier.de\/stadt-bergheim\/files\/2018\/12\/IMG_7098.jpg?resize=113%2C150&amp;ssl=1 113w, https:\/\/i0.wp.com\/unser-quartier.de\/stadt-bergheim\/files\/2018\/12\/IMG_7098.jpg?resize=225%2C300&amp;ssl=1 225w\" width=\"381\" height=\"508\" loading=\"lazy\" data-original-width=\"381\" data-original-height=\"508\" itemprop=\"http:\/\/schema.org\/image\" title=\"IMG_7098\" alt=\"IMG_7098\" style=\"width: 381px; height: 508px;\" \/> <\/a> <\/div> <\/div> <!-- close group --> <\/div> <!-- close row --> <div class=\"gallery-row\" style=\"width: 770px; height: 226px;\" data-original-width=\"770\" data-original-height=\"226\" > <div class=\"gallery-group images-1\" style=\"width: 300px; height: 226px;\" data-original-width=\"300\" data-original-height=\"226\" > <div class=\"tiled-gallery-item tiled-gallery-item-large\" itemprop=\"associatedMedia\" itemscope itemtype=\"http:\/\/schema.org\/ImageObject\"> <a href=\"https:\/\/unser-quartier.de\/stadt-bergheim\/2018\/12\/einfach-unterirdisch\/img_7093\/\" border=\"0\" itemprop=\"url\"> <meta itemprop=\"width\" content=\"296\"> <meta itemprop=\"height\" content=\"222\"> <img decoding=\"async\" class=\"\" data-attachment-id=\"27095\" data-orig-file=\"https:\/\/unser-quartier.de\/stadt-bergheim\/files\/2018\/12\/IMG_7093.jpg\" data-orig-size=\"1024,768\" data-comments-opened=\"\" data-image-meta=\"{&quot;aperture&quot;:&quot;0&quot;,&quot;credit&quot;:&quot;&quot;,&quot;camera&quot;:&quot;&quot;,&quot;caption&quot;:&quot;&quot;,&quot;created_timestamp&quot;:&quot;0&quot;,&quot;copyright&quot;:&quot;&quot;,&quot;focal_length&quot;:&quot;0&quot;,&quot;iso&quot;:&quot;0&quot;,&quot;shutter_speed&quot;:&quot;0&quot;,&quot;title&quot;:&quot;&quot;,&quot;orientation&quot;:&quot;0&quot;}\" data-image-title=\"IMG_7093\" data-image-description=\"\" data-medium-file=\"https:\/\/i0.wp.com\/unser-quartier.de\/stadt-bergheim\/files\/2018\/12\/IMG_7093.jpg?fit=300%2C225&#038;ssl=1\" data-large-file=\"https:\/\/i0.wp.com\/unser-quartier.de\/stadt-bergheim\/files\/2018\/12\/IMG_7093.jpg?fit=770%2C578&#038;ssl=1\" src=\"https:\/\/i0.wp.com\/unser-quartier.de\/stadt-bergheim\/files\/2018\/12\/IMG_7093.jpg?w=296&#038;h=222&#038;ssl=1\" srcset=\"https:\/\/i0.wp.com\/unser-quartier.de\/stadt-bergheim\/files\/2018\/12\/IMG_7093.jpg?w=1024&amp;ssl=1 1024w, https:\/\/i0.wp.com\/unser-quartier.de\/stadt-bergheim\/files\/2018\/12\/IMG_7093.jpg?resize=150%2C113&amp;ssl=1 150w, https:\/\/i0.wp.com\/unser-quartier.de\/stadt-bergheim\/files\/2018\/12\/IMG_7093.jpg?resize=300%2C225&amp;ssl=1 300w, https:\/\/i0.wp.com\/unser-quartier.de\/stadt-bergheim\/files\/2018\/12\/IMG_7093.jpg?resize=768%2C576&amp;ssl=1 768w\" width=\"296\" height=\"222\" loading=\"lazy\" data-original-width=\"296\" data-original-height=\"222\" itemprop=\"http:\/\/schema.org\/image\" title=\"IMG_7093\" alt=\"IMG_7093\" style=\"width: 296px; height: 222px;\" \/> <\/a> <\/div> <\/div> <!-- close group --> <div class=\"gallery-group images-1\" style=\"width: 170px; height: 226px;\" data-original-width=\"170\" data-original-height=\"226\" > <div class=\"tiled-gallery-item tiled-gallery-item-small\" itemprop=\"associatedMedia\" itemscope itemtype=\"http:\/\/schema.org\/ImageObject\"> <a href=\"https:\/\/unser-quartier.de\/stadt-bergheim\/2018\/12\/einfach-unterirdisch\/img_7088\/\" border=\"0\" itemprop=\"url\"> <meta itemprop=\"width\" content=\"166\"> <meta itemprop=\"height\" content=\"222\"> <img decoding=\"async\" class=\"\" data-attachment-id=\"27094\" data-orig-file=\"https:\/\/unser-quartier.de\/stadt-bergheim\/files\/2018\/12\/IMG_7088.jpg\" data-orig-size=\"768,1024\" data-comments-opened=\"\" data-image-meta=\"{&quot;aperture&quot;:&quot;0&quot;,&quot;credit&quot;:&quot;&quot;,&quot;camera&quot;:&quot;&quot;,&quot;caption&quot;:&quot;&quot;,&quot;created_timestamp&quot;:&quot;0&quot;,&quot;copyright&quot;:&quot;&quot;,&quot;focal_length&quot;:&quot;0&quot;,&quot;iso&quot;:&quot;0&quot;,&quot;shutter_speed&quot;:&quot;0&quot;,&quot;title&quot;:&quot;&quot;,&quot;orientation&quot;:&quot;0&quot;}\" data-image-title=\"IMG_7088\" data-image-description=\"\" data-medium-file=\"https:\/\/i0.wp.com\/unser-quartier.de\/stadt-bergheim\/files\/2018\/12\/IMG_7088.jpg?fit=225%2C300&#038;ssl=1\" data-large-file=\"https:\/\/i0.wp.com\/unser-quartier.de\/stadt-bergheim\/files\/2018\/12\/IMG_7088.jpg?fit=768%2C1024&#038;ssl=1\" src=\"https:\/\/i0.wp.com\/unser-quartier.de\/stadt-bergheim\/files\/2018\/12\/IMG_7088.jpg?w=166&#038;h=222&#038;ssl=1\" srcset=\"https:\/\/i0.wp.com\/unser-quartier.de\/stadt-bergheim\/files\/2018\/12\/IMG_7088.jpg?w=768&amp;ssl=1 768w, https:\/\/i0.wp.com\/unser-quartier.de\/stadt-bergheim\/files\/2018\/12\/IMG_7088.jpg?resize=113%2C150&amp;ssl=1 113w, https:\/\/i0.wp.com\/unser-quartier.de\/stadt-bergheim\/files\/2018\/12\/IMG_7088.jpg?resize=225%2C300&amp;ssl=1 225w\" width=\"166\" height=\"222\" loading=\"lazy\" data-original-width=\"166\" data-original-height=\"222\" itemprop=\"http:\/\/schema.org\/image\" title=\"IMG_7088\" alt=\"IMG_7088\" style=\"width: 166px; height: 222px;\" \/> <\/a> <\/div> <\/div> <!-- close group --> <div class=\"gallery-group images-1\" style=\"width: 300px; height: 226px;\" data-original-width=\"300\" data-original-height=\"226\" > <div class=\"tiled-gallery-item tiled-gallery-item-large\" itemprop=\"associatedMedia\" itemscope itemtype=\"http:\/\/schema.org\/ImageObject\"> <a href=\"https:\/\/unser-quartier.de\/stadt-bergheim\/2018\/12\/einfach-unterirdisch\/img_7087\/\" border=\"0\" itemprop=\"url\"> <meta itemprop=\"width\" content=\"296\"> <meta itemprop=\"height\" content=\"222\"> <img decoding=\"async\" class=\"\" data-attachment-id=\"27093\" data-orig-file=\"https:\/\/unser-quartier.de\/stadt-bergheim\/files\/2018\/12\/IMG_7087.jpg\" data-orig-size=\"1024,768\" data-comments-opened=\"\" data-image-meta=\"{&quot;aperture&quot;:&quot;0&quot;,&quot;credit&quot;:&quot;&quot;,&quot;camera&quot;:&quot;&quot;,&quot;caption&quot;:&quot;&quot;,&quot;created_timestamp&quot;:&quot;0&quot;,&quot;copyright&quot;:&quot;&quot;,&quot;focal_length&quot;:&quot;0&quot;,&quot;iso&quot;:&quot;0&quot;,&quot;shutter_speed&quot;:&quot;0&quot;,&quot;title&quot;:&quot;&quot;,&quot;orientation&quot;:&quot;0&quot;}\" data-image-title=\"IMG_7087\" data-image-description=\"\" data-medium-file=\"https:\/\/i0.wp.com\/unser-quartier.de\/stadt-bergheim\/files\/2018\/12\/IMG_7087.jpg?fit=300%2C225&#038;ssl=1\" data-large-file=\"https:\/\/i0.wp.com\/unser-quartier.de\/stadt-bergheim\/files\/2018\/12\/IMG_7087.jpg?fit=770%2C578&#038;ssl=1\" src=\"https:\/\/i0.wp.com\/unser-quartier.de\/stadt-bergheim\/files\/2018\/12\/IMG_7087.jpg?w=296&#038;h=222&#038;ssl=1\" srcset=\"https:\/\/i0.wp.com\/unser-quartier.de\/stadt-bergheim\/files\/2018\/12\/IMG_7087.jpg?w=1024&amp;ssl=1 1024w, https:\/\/i0.wp.com\/unser-quartier.de\/stadt-bergheim\/files\/2018\/12\/IMG_7087.jpg?resize=150%2C113&amp;ssl=1 150w, https:\/\/i0.wp.com\/unser-quartier.de\/stadt-bergheim\/files\/2018\/12\/IMG_7087.jpg?resize=300%2C225&amp;ssl=1 300w, https:\/\/i0.wp.com\/unser-quartier.de\/stadt-bergheim\/files\/2018\/12\/IMG_7087.jpg?resize=768%2C576&amp;ssl=1 768w\" width=\"296\" height=\"222\" loading=\"lazy\" data-original-width=\"296\" data-original-height=\"222\" itemprop=\"http:\/\/schema.org\/image\" title=\"IMG_7087\" alt=\"IMG_7087\" style=\"width: 296px; height: 222px;\" \/> <\/a> <\/div> <\/div> <!-- close group --> <\/div> <!-- close row --> <div class=\"gallery-row\" style=\"width: 770px; height: 185px;\" data-original-width=\"770\" data-original-height=\"185\" > <div class=\"gallery-group images-1\" style=\"width: 245px; height: 185px;\" data-original-width=\"245\" data-original-height=\"185\" > <div class=\"tiled-gallery-item tiled-gallery-item-small\" itemprop=\"associatedMedia\" itemscope itemtype=\"http:\/\/schema.org\/ImageObject\"> <a href=\"https:\/\/unser-quartier.de\/stadt-bergheim\/2018\/12\/einfach-unterirdisch\/img_7102\/\" border=\"0\" itemprop=\"url\"> <meta itemprop=\"width\" content=\"241\"> <meta itemprop=\"height\" content=\"181\"> <img decoding=\"async\" class=\"\" data-attachment-id=\"27099\" data-orig-file=\"https:\/\/unser-quartier.de\/stadt-bergheim\/files\/2018\/12\/IMG_7102.jpg\" data-orig-size=\"1024,768\" data-comments-opened=\"\" data-image-meta=\"{&quot;aperture&quot;:&quot;0&quot;,&quot;credit&quot;:&quot;&quot;,&quot;camera&quot;:&quot;&quot;,&quot;caption&quot;:&quot;&quot;,&quot;created_timestamp&quot;:&quot;0&quot;,&quot;copyright&quot;:&quot;&quot;,&quot;focal_length&quot;:&quot;0&quot;,&quot;iso&quot;:&quot;0&quot;,&quot;shutter_speed&quot;:&quot;0&quot;,&quot;title&quot;:&quot;&quot;,&quot;orientation&quot;:&quot;0&quot;}\" data-image-title=\"IMG_7102\" data-image-description=\"\" data-medium-file=\"https:\/\/i0.wp.com\/unser-quartier.de\/stadt-bergheim\/files\/2018\/12\/IMG_7102.jpg?fit=300%2C225&#038;ssl=1\" data-large-file=\"https:\/\/i0.wp.com\/unser-quartier.de\/stadt-bergheim\/files\/2018\/12\/IMG_7102.jpg?fit=770%2C578&#038;ssl=1\" src=\"https:\/\/i0.wp.com\/unser-quartier.de\/stadt-bergheim\/files\/2018\/12\/IMG_7102.jpg?w=241&#038;h=181&#038;ssl=1\" srcset=\"https:\/\/i0.wp.com\/unser-quartier.de\/stadt-bergheim\/files\/2018\/12\/IMG_7102.jpg?w=1024&amp;ssl=1 1024w, https:\/\/i0.wp.com\/unser-quartier.de\/stadt-bergheim\/files\/2018\/12\/IMG_7102.jpg?resize=150%2C113&amp;ssl=1 150w, https:\/\/i0.wp.com\/unser-quartier.de\/stadt-bergheim\/files\/2018\/12\/IMG_7102.jpg?resize=300%2C225&amp;ssl=1 300w, https:\/\/i0.wp.com\/unser-quartier.de\/stadt-bergheim\/files\/2018\/12\/IMG_7102.jpg?resize=768%2C576&amp;ssl=1 768w\" width=\"241\" height=\"181\" loading=\"lazy\" data-original-width=\"241\" data-original-height=\"181\" itemprop=\"http:\/\/schema.org\/image\" title=\"IMG_7102\" alt=\"IMG_7102\" style=\"width: 241px; height: 181px;\" \/> <\/a> <\/div> <\/div> <!-- close group --> <div class=\"gallery-group images-1\" style=\"width: 140px; height: 185px;\" data-original-width=\"140\" data-original-height=\"185\" > <div class=\"tiled-gallery-item tiled-gallery-item-small\" itemprop=\"associatedMedia\" itemscope itemtype=\"http:\/\/schema.org\/ImageObject\"> <a href=\"https:\/\/unser-quartier.de\/stadt-bergheim\/2018\/12\/einfach-unterirdisch\/img_7084\/\" border=\"0\" itemprop=\"url\"> <meta itemprop=\"width\" content=\"136\"> <meta itemprop=\"height\" content=\"181\"> <img decoding=\"async\" class=\"\" data-attachment-id=\"27091\" data-orig-file=\"https:\/\/unser-quartier.de\/stadt-bergheim\/files\/2018\/12\/IMG_7084.jpg\" data-orig-size=\"768,1024\" data-comments-opened=\"\" data-image-meta=\"{&quot;aperture&quot;:&quot;0&quot;,&quot;credit&quot;:&quot;&quot;,&quot;camera&quot;:&quot;&quot;,&quot;caption&quot;:&quot;&quot;,&quot;created_timestamp&quot;:&quot;0&quot;,&quot;copyright&quot;:&quot;&quot;,&quot;focal_length&quot;:&quot;0&quot;,&quot;iso&quot;:&quot;0&quot;,&quot;shutter_speed&quot;:&quot;0&quot;,&quot;title&quot;:&quot;&quot;,&quot;orientation&quot;:&quot;0&quot;}\" data-image-title=\"IMG_7084\" data-image-description=\"\" data-medium-file=\"https:\/\/i0.wp.com\/unser-quartier.de\/stadt-bergheim\/files\/2018\/12\/IMG_7084.jpg?fit=225%2C300&#038;ssl=1\" data-large-file=\"https:\/\/i0.wp.com\/unser-quartier.de\/stadt-bergheim\/files\/2018\/12\/IMG_7084.jpg?fit=768%2C1024&#038;ssl=1\" src=\"https:\/\/i0.wp.com\/unser-quartier.de\/stadt-bergheim\/files\/2018\/12\/IMG_7084.jpg?w=136&#038;h=181&#038;ssl=1\" srcset=\"https:\/\/i0.wp.com\/unser-quartier.de\/stadt-bergheim\/files\/2018\/12\/IMG_7084.jpg?w=768&amp;ssl=1 768w, https:\/\/i0.wp.com\/unser-quartier.de\/stadt-bergheim\/files\/2018\/12\/IMG_7084.jpg?resize=113%2C150&amp;ssl=1 113w, https:\/\/i0.wp.com\/unser-quartier.de\/stadt-bergheim\/files\/2018\/12\/IMG_7084.jpg?resize=225%2C300&amp;ssl=1 225w\" width=\"136\" height=\"181\" loading=\"lazy\" data-original-width=\"136\" data-original-height=\"181\" itemprop=\"http:\/\/schema.org\/image\" title=\"IMG_7084\" alt=\"IMG_7084\" style=\"width: 136px; height: 181px;\" \/> <\/a> <\/div> <\/div> <!-- close group --> <div class=\"gallery-group images-1\" style=\"width: 245px; height: 185px;\" data-original-width=\"245\" data-original-height=\"185\" > <div class=\"tiled-gallery-item tiled-gallery-item-small\" itemprop=\"associatedMedia\" itemscope itemtype=\"http:\/\/schema.org\/ImageObject\"> <a href=\"https:\/\/unser-quartier.de\/stadt-bergheim\/2018\/12\/einfach-unterirdisch\/img_7083\/\" border=\"0\" itemprop=\"url\"> <meta itemprop=\"width\" content=\"241\"> <meta itemprop=\"height\" content=\"181\"> <img decoding=\"async\" class=\"\" data-attachment-id=\"27090\" data-orig-file=\"https:\/\/unser-quartier.de\/stadt-bergheim\/files\/2018\/12\/IMG_7083.jpg\" data-orig-size=\"1024,768\" data-comments-opened=\"\" data-image-meta=\"{&quot;aperture&quot;:&quot;0&quot;,&quot;credit&quot;:&quot;&quot;,&quot;camera&quot;:&quot;&quot;,&quot;caption&quot;:&quot;&quot;,&quot;created_timestamp&quot;:&quot;0&quot;,&quot;copyright&quot;:&quot;&quot;,&quot;focal_length&quot;:&quot;0&quot;,&quot;iso&quot;:&quot;0&quot;,&quot;shutter_speed&quot;:&quot;0&quot;,&quot;title&quot;:&quot;&quot;,&quot;orientation&quot;:&quot;0&quot;}\" data-image-title=\"IMG_7083\" data-image-description=\"\" data-medium-file=\"https:\/\/i0.wp.com\/unser-quartier.de\/stadt-bergheim\/files\/2018\/12\/IMG_7083.jpg?fit=300%2C225&#038;ssl=1\" data-large-file=\"https:\/\/i0.wp.com\/unser-quartier.de\/stadt-bergheim\/files\/2018\/12\/IMG_7083.jpg?fit=770%2C578&#038;ssl=1\" src=\"https:\/\/i0.wp.com\/unser-quartier.de\/stadt-bergheim\/files\/2018\/12\/IMG_7083.jpg?w=241&#038;h=181&#038;ssl=1\" srcset=\"https:\/\/i0.wp.com\/unser-quartier.de\/stadt-bergheim\/files\/2018\/12\/IMG_7083.jpg?w=1024&amp;ssl=1 1024w, https:\/\/i0.wp.com\/unser-quartier.de\/stadt-bergheim\/files\/2018\/12\/IMG_7083.jpg?resize=150%2C113&amp;ssl=1 150w, https:\/\/i0.wp.com\/unser-quartier.de\/stadt-bergheim\/files\/2018\/12\/IMG_7083.jpg?resize=300%2C225&amp;ssl=1 300w, https:\/\/i0.wp.com\/unser-quartier.de\/stadt-bergheim\/files\/2018\/12\/IMG_7083.jpg?resize=768%2C576&amp;ssl=1 768w\" width=\"241\" height=\"181\" loading=\"lazy\" data-original-width=\"241\" data-original-height=\"181\" itemprop=\"http:\/\/schema.org\/image\" title=\"IMG_7083\" alt=\"IMG_7083\" style=\"width: 241px; height: 181px;\" \/> <\/a> <\/div> <\/div> <!-- close group --> <div class=\"gallery-group images-1\" style=\"width: 140px; height: 185px;\" data-original-width=\"140\" data-original-height=\"185\" > <div class=\"tiled-gallery-item tiled-gallery-item-small\" itemprop=\"associatedMedia\" itemscope itemtype=\"http:\/\/schema.org\/ImageObject\"> <a href=\"https:\/\/unser-quartier.de\/stadt-bergheim\/2018\/12\/einfach-unterirdisch\/img_7086\/\" border=\"0\" itemprop=\"url\"> <meta itemprop=\"width\" content=\"136\"> <meta itemprop=\"height\" content=\"181\"> <img decoding=\"async\" class=\"\" data-attachment-id=\"27092\" data-orig-file=\"https:\/\/unser-quartier.de\/stadt-bergheim\/files\/2018\/12\/IMG_7086.jpg\" data-orig-size=\"768,1024\" data-comments-opened=\"\" data-image-meta=\"{&quot;aperture&quot;:&quot;0&quot;,&quot;credit&quot;:&quot;&quot;,&quot;camera&quot;:&quot;&quot;,&quot;caption&quot;:&quot;&quot;,&quot;created_timestamp&quot;:&quot;0&quot;,&quot;copyright&quot;:&quot;&quot;,&quot;focal_length&quot;:&quot;0&quot;,&quot;iso&quot;:&quot;0&quot;,&quot;shutter_speed&quot;:&quot;0&quot;,&quot;title&quot;:&quot;&quot;,&quot;orientation&quot;:&quot;0&quot;}\" data-image-title=\"IMG_7086\" data-image-description=\"\" data-medium-file=\"https:\/\/i0.wp.com\/unser-quartier.de\/stadt-bergheim\/files\/2018\/12\/IMG_7086.jpg?fit=225%2C300&#038;ssl=1\" data-large-file=\"https:\/\/i0.wp.com\/unser-quartier.de\/stadt-bergheim\/files\/2018\/12\/IMG_7086.jpg?fit=768%2C1024&#038;ssl=1\" src=\"https:\/\/i0.wp.com\/unser-quartier.de\/stadt-bergheim\/files\/2018\/12\/IMG_7086.jpg?w=136&#038;h=181&#038;ssl=1\" srcset=\"https:\/\/i0.wp.com\/unser-quartier.de\/stadt-bergheim\/files\/2018\/12\/IMG_7086.jpg?w=768&amp;ssl=1 768w, https:\/\/i0.wp.com\/unser-quartier.de\/stadt-bergheim\/files\/2018\/12\/IMG_7086.jpg?resize=113%2C150&amp;ssl=1 113w, https:\/\/i0.wp.com\/unser-quartier.de\/stadt-bergheim\/files\/2018\/12\/IMG_7086.jpg?resize=225%2C300&amp;ssl=1 225w\" width=\"136\" height=\"181\" loading=\"lazy\" data-original-width=\"136\" data-original-height=\"181\" itemprop=\"http:\/\/schema.org\/image\" title=\"IMG_7086\" alt=\"IMG_7086\" style=\"width: 136px; height: 181px;\" \/> <\/a> <\/div> <\/div> <!-- close group --> <\/div> <!-- close row --> <\/div>\n<p>Kunsthandwerker und Aussteller aus der Region an Mosel, Rhein, Eifel und Hunsr\u00fcck pr\u00e4sentieren noch bis zum 01. Januar 2019 jeweils an den Wochenenden hochwertige Dekoartikel, Geschenkideen, kulinarische Spezialit\u00e4ten, Produkte rund um Wein und Wellness, Antikes sowie kreatives Mode- und Schmuckdesign aus der Region. \u00a0Ein Hingucker sind auch die von Institutionen und Vereinen gestalteten Weihnachtsb\u00e4ume: Mit Fu\u00dfb\u00e4llen und Funkenmariechen, Anh\u00e4ngern aus Buchseiten, Mullbinden und Weinflaschen.<\/p>\n<p>Schon beim Betreten der teilweise aus dem 16. Jahrhundert stammenden Gem\u00e4uer steigt einem der behaglich warme Duft von Gl\u00fchwein, gebrannten Mandeln und Tannengr\u00fcn entgegen. Ein Highlight ist der historischen Weinkeller des Hotels Moselschl\u00f6sschen: Hinein geht es durch den engen \u201eSchrotgang direkt vom Moselufer aus in den gro\u00dfen Kreuzgratgew\u00f6lbekeller aus dem Jahre 1901 und den anschlie\u00dfenden aufw\u00e4ndig renovierten S\u00e4ulenkeller von 1754.<\/p>\n<p>Dieser bislang einzige unterirdische Weihnachtsmarkt rund um die Themen Wein, Genuss und Kultur l\u00e4dt nicht nur zum gem\u00fctlichem Verweilen und weihnachtlichem Genuss ein\u00a0&#8211; ein abwechslungsreiches Rahmenprogramm mit kulturellen, traditionellen und musikalischen Highlights wie H\u00fcttendorf und Schlittschuhbahn versetzt die G\u00e4ste auch au\u00dferhalb der Keller in Weihnachtsstimmung. Sp\u00e4testens die Weihnachtsm\u00e4nner-Big-Band bl\u00e4st jeden Tr\u00fcbsal hinweg.<\/p>\n<p><strong>\u00d6ffnungszeiten: Freitag bis Sonntag 11-21 Uhr, ab 20. Dezember t\u00e4glich, Silvester bis 16 Uhr.<\/strong><\/p>\n","protected":false},"excerpt":{"rendered":"<p><strong>Besuch auf dem Mosel-Wein-Nachts-Markt<\/strong><\/p>\n<p>Bei meinen Streifz\u00fcgen \u00fcber sch\u00f6ne Weihnachtsm\u00e4rkte in der Region war ich am Wochenende beim Mosel-Wein-Nachtsmarkt in Traben-Trarbach. Dabei geht es \u201eunter Tage\u201c in die wohligwarmen und romantisch ausgeleuchteten ehemaligen Weinkeller der Stadt.<\/p>\n<p>Kunsthandwerker und Aussteller aus der Region an Mosel, Rhein, Eifel und Hunsr\u00fcck pr\u00e4sentieren noch bis zum 01. Januar 2019 &hellip; <\/p>\n<p><a class=\"more-link btn\" href=\"https:\/\/unser-quartier.de\/stadt-bergheim\/2018\/12\/einfach-unterirdisch\/\">Weiterlesen<\/a><\/p>\n","protected":false},"author":133,"featured_media":0,"comment_status":"closed","ping_status":"closed","sticky":false,"template":"","format":"standard","meta":{"_bbp_topic_count":0,"_bbp_reply_count":0,"_bbp_total_topic_count":0,"_bbp_total_reply_count":0,"_bbp_voice_count":0,"_bbp_anonymous_reply_count":0,"_bbp_topic_count_hidden":0,"_bbp_reply_count_hidden":0,"_bbp_forum_subforum_count":0,"jetpack_post_was_ever_published":false,"_jetpack_newsletter_access":"","_jetpack_dont_email_post_to_subs":false,"_jetpack_newsletter_tier_id":0,"_jetpack_memberships_contains_paywalled_content":false,"_jetpack_memberships_contains_paid_content":false,"footnotes":""},"categories":[1,71],"tags":[],"class_list":["post-27088","post","type-post","status-publish","format-standard","hentry","category-allgemein","category-freizeit","item-wrap"],"jetpack_sharing_enabled":true,"jetpack_featured_media_url":"","jetpack_shortlink":"https:\/\/wp.me\/p3vhfJ-72U","jetpack_likes_enabled":true,"_links":{"self":[{"href":"https:\/\/unser-quartier.de\/stadt-bergheim\/wp-json\/wp\/v2\/posts\/27088","targetHints":{"allow":["GET"]}}],"collection":[{"href":"https:\/\/unser-quartier.de\/stadt-bergheim\/wp-json\/wp\/v2\/posts"}],"about":[{"href":"https:\/\/unser-quartier.de\/stadt-bergheim\/wp-json\/wp\/v2\/types\/post"}],"author":[{"embeddable":true,"href":"https:\/\/unser-quartier.de\/stadt-bergheim\/wp-json\/wp\/v2\/users\/133"}],"replies":[{"embeddable":true,"href":"https:\/\/unser-quartier.de\/stadt-bergheim\/wp-json\/wp\/v2\/comments?post=27088"}],"version-history":[{"count":0,"href":"https:\/\/unser-quartier.de\/stadt-bergheim\/wp-json\/wp\/v2\/posts\/27088\/revisions"}],"wp:attachment":[{"href":"https:\/\/unser-quartier.de\/stadt-bergheim\/wp-json\/wp\/v2\/media?parent=27088"}],"wp:term":[{"taxonomy":"category","embeddable":true,"href":"https:\/\/unser-quartier.de\/stadt-bergheim\/wp-json\/wp\/v2\/categories?post=27088"},{"taxonomy":"post_tag","embeddable":true,"href":"https:\/\/unser-quartier.de\/stadt-bergheim\/wp-json\/wp\/v2\/tags?post=27088"}],"curies":[{"name":"wp","href":"https:\/\/api.w.org\/{rel}","templated":true}]}}