{"id":27165,"date":"2018-12-16T00:01:09","date_gmt":"2018-12-15T23:01:09","guid":{"rendered":"https:\/\/unser-quartier.de\/stadt-bergheim\/?p=27165"},"modified":"2018-12-15T14:51:18","modified_gmt":"2018-12-15T13:51:18","slug":"schneefloeckchen","status":"publish","type":"post","link":"https:\/\/unser-quartier.de\/stadt-bergheim\/2018\/12\/schneefloeckchen\/","title":{"rendered":"Schneefl\u00f6ckchen &#8230;"},"content":{"rendered":"<p>&nbsp;<\/p>\n<p><span style=\"font-family: arial, helvetica, sans-serif; font-size: 20px;\"><img data-recalc-dims=\"1\" loading=\"lazy\" decoding=\"async\" data-attachment-id=\"27166\" data-permalink=\"https:\/\/unser-quartier.de\/stadt-bergheim\/2018\/12\/schneefloeckchen\/f622b03c-7a18-44a3-a512-a4165040320c\/\" data-orig-file=\"https:\/\/i0.wp.com\/unser-quartier.de\/stadt-bergheim\/files\/2018\/12\/F622B03C-7A18-44A3-A512-A4165040320C.jpeg?fit=567%2C340&amp;ssl=1\" data-orig-size=\"567,340\" data-comments-opened=\"0\" data-image-meta=\"{&quot;aperture&quot;:&quot;3.5&quot;,&quot;credit&quot;:&quot;&quot;,&quot;camera&quot;:&quot;NIKON D7100&quot;,&quot;caption&quot;:&quot;&quot;,&quot;created_timestamp&quot;:&quot;0&quot;,&quot;copyright&quot;:&quot;&quot;,&quot;focal_length&quot;:&quot;85&quot;,&quot;iso&quot;:&quot;100&quot;,&quot;shutter_speed&quot;:&quot;0.005&quot;,&quot;title&quot;:&quot;&quot;,&quot;orientation&quot;:&quot;0&quot;}\" data-image-title=\"F622B03C-7A18-44A3-A512-A4165040320C\" data-image-description=\"\" data-image-caption=\"\" data-medium-file=\"https:\/\/i0.wp.com\/unser-quartier.de\/stadt-bergheim\/files\/2018\/12\/F622B03C-7A18-44A3-A512-A4165040320C.jpeg?fit=300%2C180&amp;ssl=1\" data-large-file=\"https:\/\/i0.wp.com\/unser-quartier.de\/stadt-bergheim\/files\/2018\/12\/F622B03C-7A18-44A3-A512-A4165040320C.jpeg?fit=567%2C340&amp;ssl=1\" class=\"alignnone size-medium wp-image-27166\" src=\"https:\/\/i0.wp.com\/unser-quartier.de\/stadt-bergheim\/files\/2018\/12\/F622B03C-7A18-44A3-A512-A4165040320C.jpeg?resize=300%2C180&#038;ssl=1\" alt=\"\" width=\"300\" height=\"180\" srcset=\"https:\/\/i0.wp.com\/unser-quartier.de\/stadt-bergheim\/files\/2018\/12\/F622B03C-7A18-44A3-A512-A4165040320C.jpeg?resize=300%2C180&amp;ssl=1 300w, https:\/\/i0.wp.com\/unser-quartier.de\/stadt-bergheim\/files\/2018\/12\/F622B03C-7A18-44A3-A512-A4165040320C.jpeg?resize=150%2C90&amp;ssl=1 150w, https:\/\/i0.wp.com\/unser-quartier.de\/stadt-bergheim\/files\/2018\/12\/F622B03C-7A18-44A3-A512-A4165040320C.jpeg?w=567&amp;ssl=1 567w\" sizes=\"auto, (max-width: 300px) 100vw, 300px\" \/><\/span><\/p>\n<p><span style=\"font-family: arial, helvetica, sans-serif; font-size: 20px;\"><em>Schneefl\u00f6ckchen<\/em><\/span><br \/>\n<span style=\"font-family: arial, helvetica, sans-serif; font-size: 20px;\">.<\/span><br \/>\n<span style=\"font-family: arial, helvetica, sans-serif; font-size: 20px;\">Endlich fallen kleine Fl\u00f6ckchen<\/span><br \/>\n<span style=\"font-family: arial, helvetica, sans-serif; font-size: 20px;\">schweben sanft zur Erde nieder.<\/span><br \/>\n<span style=\"font-family: arial, helvetica, sans-serif; font-size: 20px;\">Alle tragen wei\u00dfe R\u00f6ckchen,<\/span><br \/>\n<span style=\"font-family: arial, helvetica, sans-serif; font-size: 20px;\">sind so festlich immer wieder.<\/span><br \/>\n<span style=\"font-family: arial, helvetica, sans-serif; font-size: 20px;\">.<\/span><br \/>\n<span style=\"font-family: arial, helvetica, sans-serif; font-size: 20px;\">Hei\u00df ersehnt von allen Kindern&#8230;<\/span><br \/>\n<span style=\"font-family: arial, helvetica, sans-serif; font-size: 20px;\">komm nur h\u00fcbsches Eiskristall.<\/span><br \/>\n<span style=\"font-family: arial, helvetica, sans-serif; font-size: 20px;\">Kannst die gro\u00dfe K\u00e4lte lindern,<\/span><br \/>\n<span style=\"font-family: arial, helvetica, sans-serif; font-size: 20px;\">breite aus die Decke \u00fcberall.<\/span><br \/>\n<span style=\"font-family: arial, helvetica, sans-serif; font-size: 20px;\">.<\/span><br \/>\n<span style=\"font-family: arial, helvetica, sans-serif; font-size: 20px;\">Du kommst von ganz oben,<\/span><br \/>\n<span style=\"font-family: arial, helvetica, sans-serif; font-size: 20px;\">bedeckst Berg und Tal,<\/span><br \/>\n<span style=\"font-family: arial, helvetica, sans-serif; font-size: 20px;\">wir wollen gerne dich loben,<\/span><br \/>\n<span style=\"font-family: arial, helvetica, sans-serif; font-size: 20px;\">m\u00f6chten Schlitten\u00a0fahren wieder einmal!<\/span><br \/>\n<span style=\"font-family: arial, helvetica, sans-serif; font-size: 20px;\">.<\/span><br \/>\n<span style=\"font-family: arial, helvetica, sans-serif; font-size: 20px;\">Schenk Sport uns und sch\u00f6ne Natur,<\/span>\u00a0<span style=\"font-family: arial, helvetica, sans-serif; font-size: 20px;\">Rodeln und Skifahren, das machen wir gern,<\/span>\u00a0\u00a0<span style=\"font-family: arial, helvetica, sans-serif; font-size: 20px;\">weil\u00b4s lustig ist und Freude schenkt pur.<\/span>\u00a0<span style=\"font-family: arial, helvetica, sans-serif; font-size: 20px;\">So wunderbar, wenn aus Wasser wird ein Stern!<\/span><br \/>\n<span style=\"font-family: arial, helvetica, sans-serif; font-size: 20px;\">.<\/span><br \/>\n<span style=\"font-family: arial, helvetica, sans-serif; font-size: 20px;\">von Annemarie Esser<\/span><\/p>\n","protected":false},"excerpt":{"rendered":"<p>&nbsp;<\/p>\n<\/p>\n<p>Schneefl\u00f6ckchen . Endlich fallen kleine Fl\u00f6ckchen schweben sanft zur Erde nieder. Alle tragen wei\u00dfe R\u00f6ckchen, sind so festlich immer wieder. . Hei\u00df ersehnt von allen Kindern&#8230; komm nur h\u00fcbsches Eiskristall. Kannst die gro\u00dfe K\u00e4lte lindern, breite aus die Decke \u00fcberall. . Du kommst von ganz oben, bedeckst Berg und Tal, wir wollen gerne &hellip; <\/p>\n<p><a class=\"more-link btn\" href=\"https:\/\/unser-quartier.de\/stadt-bergheim\/2018\/12\/schneefloeckchen\/\">Weiterlesen<\/a><\/p>\n","protected":false},"author":48,"featured_media":27166,"comment_status":"closed","ping_status":"closed","sticky":false,"template":"","format":"standard","meta":{"_bbp_topic_count":0,"_bbp_reply_count":0,"_bbp_total_topic_count":0,"_bbp_total_reply_count":0,"_bbp_voice_count":0,"_bbp_anonymous_reply_count":0,"_bbp_topic_count_hidden":0,"_bbp_reply_count_hidden":0,"_bbp_forum_subforum_count":0,"jetpack_post_was_ever_published":false,"_jetpack_newsletter_access":"","_jetpack_dont_email_post_to_subs":false,"_jetpack_newsletter_tier_id":0,"_jetpack_memberships_contains_paywalled_content":false,"_jetpack_memberships_contains_paid_content":false,"footnotes":""},"categories":[75],"tags":[],"class_list":["post-27165","post","type-post","status-publish","format-standard","has-post-thumbnail","hentry","category-buntes-brett","item-wrap"],"jetpack_sharing_enabled":true,"jetpack_featured_media_url":"https:\/\/i0.wp.com\/unser-quartier.de\/stadt-bergheim\/files\/2018\/12\/F622B03C-7A18-44A3-A512-A4165040320C.jpeg?fit=567%2C340&ssl=1","jetpack_shortlink":"https:\/\/wp.me\/p3vhfJ-749","jetpack_likes_enabled":true,"_links":{"self":[{"href":"https:\/\/unser-quartier.de\/stadt-bergheim\/wp-json\/wp\/v2\/posts\/27165","targetHints":{"allow":["GET"]}}],"collection":[{"href":"https:\/\/unser-quartier.de\/stadt-bergheim\/wp-json\/wp\/v2\/posts"}],"about":[{"href":"https:\/\/unser-quartier.de\/stadt-bergheim\/wp-json\/wp\/v2\/types\/post"}],"author":[{"embeddable":true,"href":"https:\/\/unser-quartier.de\/stadt-bergheim\/wp-json\/wp\/v2\/users\/48"}],"replies":[{"embeddable":true,"href":"https:\/\/unser-quartier.de\/stadt-bergheim\/wp-json\/wp\/v2\/comments?post=27165"}],"version-history":[{"count":0,"href":"https:\/\/unser-quartier.de\/stadt-bergheim\/wp-json\/wp\/v2\/posts\/27165\/revisions"}],"wp:featuredmedia":[{"embeddable":true,"href":"https:\/\/unser-quartier.de\/stadt-bergheim\/wp-json\/wp\/v2\/media\/27166"}],"wp:attachment":[{"href":"https:\/\/unser-quartier.de\/stadt-bergheim\/wp-json\/wp\/v2\/media?parent=27165"}],"wp:term":[{"taxonomy":"category","embeddable":true,"href":"https:\/\/unser-quartier.de\/stadt-bergheim\/wp-json\/wp\/v2\/categories?post=27165"},{"taxonomy":"post_tag","embeddable":true,"href":"https:\/\/unser-quartier.de\/stadt-bergheim\/wp-json\/wp\/v2\/tags?post=27165"}],"curies":[{"name":"wp","href":"https:\/\/api.w.org\/{rel}","templated":true}]}}