{"id":27172,"date":"2018-12-18T00:01:55","date_gmt":"2018-12-17T23:01:55","guid":{"rendered":"https:\/\/unser-quartier.de\/stadt-bergheim\/?p=27172"},"modified":"2018-12-15T15:12:04","modified_gmt":"2018-12-15T14:12:04","slug":"sei-nett-zur-dir","status":"publish","type":"post","link":"https:\/\/unser-quartier.de\/stadt-bergheim\/2018\/12\/sei-nett-zur-dir\/","title":{"rendered":"Sei nett zur dir?"},"content":{"rendered":"<p><span style=\"font-family: arial, helvetica, sans-serif; font-size: 20px;\">\u00a0<em>Sei nett zu Dir<\/em><br \/>\n.<br \/>\nUm dich geliebt zu f\u00fchlen, gen\u00fcgt es, wenn du liebevoll \u00fcber dich denkst\u00a0und dich liebevoll behandelst.\u00a0Denke ein bisschen nach dar\u00fcber&#8230;\u00a0Wenn du dich selbst ablehnst, h\u00e4ltst du es auch nicht f\u00fcr m\u00f6glich, dass da\u00a0jemand anderes eine andere Meinung zu hat. Du denkst dann wahrscheinlich<br \/>\nbei einem netten Kompliment&#8230; warum will der mir Honig um den Bart\u00a0schmieren? Was will der von mir?\u00a0Mache dir klar, wenn jemand unfreundlich ist zu dir, dann hat es selten\u00a0etwas mit dir zu tun, sondern die Person ist gerade unzufrieden. Mach dich\u00a0unabh\u00e4ngig von der Kritik anderer &#8211; nur du kennst deine Gr\u00fcnde und deine\u00a0Umst\u00e4nde. Erspare dir die H\u00f6hen, wenn jemand dich lobt und die Tiefen, wenn\u00a0jemand dich tadelt. Werde davon unabh\u00e4ngig und mache Gebrauch von deiner<br \/>\nMeinungsfreiheit. Bei n\u00e4chster Gelegenheit, wenn jemand so richtig\u00a0unfreundlich ist zu dir, dann sei du besonders freundlich und liebevoll zu\u00a0dir selber. Du brauchst keine Liebe und Anerkennung von au\u00dfen, wenn du\u00a0verstanden hast, dass du sie selbst besitzt. Das einzige, was du tun musst,\u00a0ist&#8230; sei bereit sie dir zu geben, weil du dich selbst f\u00fcr liebenswert\u00a0h\u00e4ltst.<br \/>\n.<br \/>\nvon Helga-Agnes Cubitzki<\/span><\/p>\n","protected":false},"excerpt":{"rendered":"<p>\u00a0Sei nett zu Dir . Um dich geliebt zu f\u00fchlen, gen\u00fcgt es, wenn du liebevoll \u00fcber dich denkst\u00a0und dich liebevoll behandelst.\u00a0Denke ein bisschen nach dar\u00fcber&#8230;\u00a0Wenn du dich selbst ablehnst, h\u00e4ltst du es auch nicht f\u00fcr m\u00f6glich, dass da\u00a0jemand anderes eine andere Meinung zu hat. Du denkst dann wahrscheinlich bei einem netten Kompliment&#8230; warum will der &hellip; <\/p>\n<p><a class=\"more-link btn\" href=\"https:\/\/unser-quartier.de\/stadt-bergheim\/2018\/12\/sei-nett-zur-dir\/\">Weiterlesen<\/a><\/p>\n","protected":false},"author":48,"featured_media":0,"comment_status":"closed","ping_status":"closed","sticky":false,"template":"","format":"standard","meta":{"_bbp_topic_count":0,"_bbp_reply_count":0,"_bbp_total_topic_count":0,"_bbp_total_reply_count":0,"_bbp_voice_count":0,"_bbp_anonymous_reply_count":0,"_bbp_topic_count_hidden":0,"_bbp_reply_count_hidden":0,"_bbp_forum_subforum_count":0,"jetpack_post_was_ever_published":false,"_jetpack_newsletter_access":"","_jetpack_dont_email_post_to_subs":false,"_jetpack_newsletter_tier_id":0,"_jetpack_memberships_contains_paywalled_content":false,"_jetpack_memberships_contains_paid_content":false,"footnotes":""},"categories":[75],"tags":[],"class_list":["post-27172","post","type-post","status-publish","format-standard","hentry","category-buntes-brett","item-wrap"],"jetpack_sharing_enabled":true,"jetpack_featured_media_url":"","jetpack_shortlink":"https:\/\/wp.me\/p3vhfJ-74g","jetpack_likes_enabled":true,"_links":{"self":[{"href":"https:\/\/unser-quartier.de\/stadt-bergheim\/wp-json\/wp\/v2\/posts\/27172","targetHints":{"allow":["GET"]}}],"collection":[{"href":"https:\/\/unser-quartier.de\/stadt-bergheim\/wp-json\/wp\/v2\/posts"}],"about":[{"href":"https:\/\/unser-quartier.de\/stadt-bergheim\/wp-json\/wp\/v2\/types\/post"}],"author":[{"embeddable":true,"href":"https:\/\/unser-quartier.de\/stadt-bergheim\/wp-json\/wp\/v2\/users\/48"}],"replies":[{"embeddable":true,"href":"https:\/\/unser-quartier.de\/stadt-bergheim\/wp-json\/wp\/v2\/comments?post=27172"}],"version-history":[{"count":0,"href":"https:\/\/unser-quartier.de\/stadt-bergheim\/wp-json\/wp\/v2\/posts\/27172\/revisions"}],"wp:attachment":[{"href":"https:\/\/unser-quartier.de\/stadt-bergheim\/wp-json\/wp\/v2\/media?parent=27172"}],"wp:term":[{"taxonomy":"category","embeddable":true,"href":"https:\/\/unser-quartier.de\/stadt-bergheim\/wp-json\/wp\/v2\/categories?post=27172"},{"taxonomy":"post_tag","embeddable":true,"href":"https:\/\/unser-quartier.de\/stadt-bergheim\/wp-json\/wp\/v2\/tags?post=27172"}],"curies":[{"name":"wp","href":"https:\/\/api.w.org\/{rel}","templated":true}]}}