{"id":27174,"date":"2018-12-19T00:01:31","date_gmt":"2018-12-18T23:01:31","guid":{"rendered":"https:\/\/unser-quartier.de\/stadt-bergheim\/?p=27174"},"modified":"2018-12-15T15:19:28","modified_gmt":"2018-12-15T14:19:28","slug":"dinkel-buttermilch-plaetzchen","status":"publish","type":"post","link":"https:\/\/unser-quartier.de\/stadt-bergheim\/2018\/12\/dinkel-buttermilch-plaetzchen\/","title":{"rendered":"Dinkel-Buttermilch-Pl\u00e4tzchen"},"content":{"rendered":"<p><img data-recalc-dims=\"1\" loading=\"lazy\" decoding=\"async\" data-attachment-id=\"27175\" data-permalink=\"https:\/\/unser-quartier.de\/stadt-bergheim\/2018\/12\/dinkel-buttermilch-plaetzchen\/20054078-5800-42d0-9ab0-492ad19b55d5\/\" data-orig-file=\"https:\/\/i0.wp.com\/unser-quartier.de\/stadt-bergheim\/files\/2018\/12\/20054078-5800-42D0-9AB0-492AD19B55D5.jpeg?fit=960%2C640&amp;ssl=1\" data-orig-size=\"960,640\" data-comments-opened=\"0\" data-image-meta=\"{&quot;aperture&quot;:&quot;0&quot;,&quot;credit&quot;:&quot;&quot;,&quot;camera&quot;:&quot;&quot;,&quot;caption&quot;:&quot;&quot;,&quot;created_timestamp&quot;:&quot;0&quot;,&quot;copyright&quot;:&quot;&quot;,&quot;focal_length&quot;:&quot;0&quot;,&quot;iso&quot;:&quot;0&quot;,&quot;shutter_speed&quot;:&quot;0&quot;,&quot;title&quot;:&quot;&quot;,&quot;orientation&quot;:&quot;0&quot;}\" data-image-title=\"20054078-5800-42D0-9AB0-492AD19B55D5\" data-image-description=\"\" data-image-caption=\"\" data-medium-file=\"https:\/\/i0.wp.com\/unser-quartier.de\/stadt-bergheim\/files\/2018\/12\/20054078-5800-42D0-9AB0-492AD19B55D5.jpeg?fit=300%2C200&amp;ssl=1\" data-large-file=\"https:\/\/i0.wp.com\/unser-quartier.de\/stadt-bergheim\/files\/2018\/12\/20054078-5800-42D0-9AB0-492AD19B55D5.jpeg?fit=770%2C513&amp;ssl=1\" class=\"alignnone size-medium wp-image-27175\" src=\"https:\/\/i0.wp.com\/unser-quartier.de\/stadt-bergheim\/files\/2018\/12\/20054078-5800-42D0-9AB0-492AD19B55D5.jpeg?resize=300%2C200&#038;ssl=1\" alt=\"\" width=\"300\" height=\"200\" srcset=\"https:\/\/i0.wp.com\/unser-quartier.de\/stadt-bergheim\/files\/2018\/12\/20054078-5800-42D0-9AB0-492AD19B55D5.jpeg?resize=300%2C200&amp;ssl=1 300w, https:\/\/i0.wp.com\/unser-quartier.de\/stadt-bergheim\/files\/2018\/12\/20054078-5800-42D0-9AB0-492AD19B55D5.jpeg?resize=150%2C100&amp;ssl=1 150w, https:\/\/i0.wp.com\/unser-quartier.de\/stadt-bergheim\/files\/2018\/12\/20054078-5800-42D0-9AB0-492AD19B55D5.jpeg?resize=768%2C512&amp;ssl=1 768w, https:\/\/i0.wp.com\/unser-quartier.de\/stadt-bergheim\/files\/2018\/12\/20054078-5800-42D0-9AB0-492AD19B55D5.jpeg?w=960&amp;ssl=1 960w\" sizes=\"auto, (max-width: 300px) 100vw, 300px\" \/><\/p>\n<p><span style=\"font-family: arial, helvetica, sans-serif; font-size: 20px;\"><em>Dinkel-Buttermilch-Pl\u00e4tzchen<\/em><\/span><br \/>\n<span style=\"font-family: arial, helvetica, sans-serif; font-size: 20px;\">.<\/span><br \/>\n<span style=\"font-family: arial, helvetica, sans-serif; font-size: 20px;\">Zutaten:<\/span><br \/>\n<span style=\"font-family: arial, helvetica, sans-serif; font-size: 20px;\">325 g Dinkelmehl<\/span><br \/>\n<span style=\"font-family: arial, helvetica, sans-serif; font-size: 20px;\">70 g Zucker oder 80 g Eryfly<\/span><br \/>\n<span style=\"font-family: arial, helvetica, sans-serif; font-size: 20px;\">1 TL Backpulver<\/span><br \/>\n<span style=\"font-family: arial, helvetica, sans-serif; font-size: 20px;\">1 P\u00e4ckchen Vanillinzucker<\/span><br \/>\n<span style=\"font-family: arial, helvetica, sans-serif; font-size: 20px;\">3\/4 TL Salz<\/span><br \/>\n<span style=\"font-family: arial, helvetica, sans-serif; font-size: 20px;\">85 g kalte Butter<\/span><br \/>\n<span style=\"font-family: arial, helvetica, sans-serif; font-size: 20px;\">250 ml Buttermilch<\/span><br \/>\n<span style=\"font-family: arial, helvetica, sans-serif; font-size: 20px;\">1Ei<\/span><br \/>\n<span style=\"font-family: arial, helvetica, sans-serif; font-size: 20px;\">2 EL Sahne<\/span><br \/>\n<span style=\"font-family: arial, helvetica, sans-serif; font-size: 20px;\">100 g Puderzucker<\/span><br \/>\n<span style=\"font-family: arial, helvetica, sans-serif; font-size: 20px;\">.<\/span><br \/>\n<span style=\"font-family: arial, helvetica, sans-serif; font-size: 20px;\">Zubereitung<\/span><br \/>\n<span style=\"font-family: arial, helvetica, sans-serif; font-size: 20px;\">Dinkelmehl, Zucker, Backpulver, Vanillinzucker und Salz in einer Sch\u00fcssel<\/span><span>\u00a0<\/span><span style=\"font-family: arial, helvetica, sans-serif; font-size: 20px;\">vermischen. Kalte Butter in kleinen St\u00fccken dazugeben und mit den H\u00e4nden<\/span><span>\u00a0<\/span><span style=\"font-family: arial, helvetica, sans-serif; font-size: 20px;\">locker verkneten.<\/span><br \/>\n<span style=\"font-family: arial, helvetica, sans-serif; font-size: 20px;\">.<\/span><br \/>\n<span style=\"font-family: arial, helvetica, sans-serif; font-size: 20px;\">200 ml der Buttermilch hinzugie\u00dfen und mit dem Knethaken des Handmixers zu<\/span><span>\u00a0<\/span><span style=\"font-family: arial, helvetica, sans-serif; font-size: 20px;\">einem glatten Teig verkneten.<\/span><br \/>\n<span style=\"font-family: arial, helvetica, sans-serif; font-size: 20px;\">.<\/span><br \/>\n<span style=\"font-family: arial, helvetica, sans-serif; font-size: 20px;\">Arbeitsfl\u00e4che mit Mehl bestreuen, Teig im Mehl wenden und d\u00fcnn ausrollen.<\/span><span>\u00a0<\/span><span style=\"font-family: arial, helvetica, sans-serif; font-size: 20px;\">Nun mit runden Pl\u00e4tzchenformen Kreise ausstechen, die H\u00e4lfte mit Loch, die<\/span><br \/>\n<span style=\"font-family: arial, helvetica, sans-serif; font-size: 20px;\">andere ohne. Auf mit Backpapier ausgelegte Backbleche legen.<\/span><br \/>\n<span style=\"font-family: arial, helvetica, sans-serif; font-size: 20px;\">.<\/span><br \/>\n<span style=\"font-family: arial, helvetica, sans-serif; font-size: 20px;\">Ei und Sahne gut verr\u00fchren und mit einem Pinsel die Pl\u00e4tzchen bestreichen.<\/span><span>\u00a0<\/span><span style=\"font-family: arial, helvetica, sans-serif; font-size: 20px;\">Jedes Blech einzeln goldbraun backen, bei 180 Grad Ober- und Unterhitze,<\/span><span>\u00a0<\/span><span style=\"font-family: arial, helvetica, sans-serif; font-size: 20px;\">ca. 10 Min.<\/span><br \/>\n<span style=\"font-family: arial, helvetica, sans-serif; font-size: 20px;\">.<\/span><br \/>\n<span style=\"font-family: arial, helvetica, sans-serif; font-size: 20px;\">Den Puderzucker in eine Sch\u00fcssel geben und nach und nach die restliche<\/span><span>\u00a0<\/span><span style=\"font-family: arial, helvetica, sans-serif; font-size: 20px;\">Buttermilch unterr\u00fchren, bis eine z\u00e4hfl\u00fcssige Glasur entsteht.<\/span><br \/>\n<span style=\"font-family: arial, helvetica, sans-serif; font-size: 20px;\">.<\/span><br \/>\n<span style=\"font-family: arial, helvetica, sans-serif; font-size: 20px;\">Mit dieser Glasur, oder mit Fruchtgelee, die Pl\u00e4tzchen ohne Loch<\/span><span>\u00a0<\/span><span style=\"font-family: arial, helvetica, sans-serif; font-size: 20px;\">bestreichen und dann die Deckel mit dem Loch daraufsetzen, mit Puderzucker<\/span><span>\u00a0Dinkel<\/span><span style=\"font-family: arial, helvetica, sans-serif; font-size: 20px;\">bestreuen.<\/span><br \/>\n<span style=\"font-family: arial, helvetica, sans-serif; font-size: 20px;\">.<\/span><br \/>\n<span style=\"font-family: arial, helvetica, sans-serif; font-size: 20px;\">von Gertrud Breuer<\/span><\/p>\n","protected":false},"excerpt":{"rendered":"<\/p>\n<p>Dinkel-Buttermilch-Pl\u00e4tzchen . Zutaten: 325 g Dinkelmehl 70 g Zucker oder 80 g Eryfly 1 TL Backpulver 1 P\u00e4ckchen Vanillinzucker 3\/4 TL Salz 85 g kalte Butter 250 ml Buttermilch 1Ei 2 EL Sahne 100 g Puderzucker . Zubereitung Dinkelmehl, Zucker, Backpulver, Vanillinzucker und Salz in einer Sch\u00fcssel\u00a0vermischen. Kalte Butter in kleinen St\u00fccken dazugeben und &hellip; <\/p>\n<p><a class=\"more-link btn\" href=\"https:\/\/unser-quartier.de\/stadt-bergheim\/2018\/12\/dinkel-buttermilch-plaetzchen\/\">Weiterlesen<\/a><\/p>\n","protected":false},"author":48,"featured_media":27175,"comment_status":"closed","ping_status":"closed","sticky":false,"template":"","format":"standard","meta":{"_bbp_topic_count":0,"_bbp_reply_count":0,"_bbp_total_topic_count":0,"_bbp_total_reply_count":0,"_bbp_voice_count":0,"_bbp_anonymous_reply_count":0,"_bbp_topic_count_hidden":0,"_bbp_reply_count_hidden":0,"_bbp_forum_subforum_count":0,"jetpack_post_was_ever_published":false,"_jetpack_newsletter_access":"","_jetpack_dont_email_post_to_subs":false,"_jetpack_newsletter_tier_id":0,"_jetpack_memberships_contains_paywalled_content":false,"_jetpack_memberships_contains_paid_content":false,"footnotes":""},"categories":[75],"tags":[],"class_list":["post-27174","post","type-post","status-publish","format-standard","has-post-thumbnail","hentry","category-buntes-brett","item-wrap"],"jetpack_sharing_enabled":true,"jetpack_featured_media_url":"https:\/\/i0.wp.com\/unser-quartier.de\/stadt-bergheim\/files\/2018\/12\/20054078-5800-42D0-9AB0-492AD19B55D5.jpeg?fit=960%2C640&ssl=1","jetpack_shortlink":"https:\/\/wp.me\/p3vhfJ-74i","jetpack_likes_enabled":true,"_links":{"self":[{"href":"https:\/\/unser-quartier.de\/stadt-bergheim\/wp-json\/wp\/v2\/posts\/27174","targetHints":{"allow":["GET"]}}],"collection":[{"href":"https:\/\/unser-quartier.de\/stadt-bergheim\/wp-json\/wp\/v2\/posts"}],"about":[{"href":"https:\/\/unser-quartier.de\/stadt-bergheim\/wp-json\/wp\/v2\/types\/post"}],"author":[{"embeddable":true,"href":"https:\/\/unser-quartier.de\/stadt-bergheim\/wp-json\/wp\/v2\/users\/48"}],"replies":[{"embeddable":true,"href":"https:\/\/unser-quartier.de\/stadt-bergheim\/wp-json\/wp\/v2\/comments?post=27174"}],"version-history":[{"count":0,"href":"https:\/\/unser-quartier.de\/stadt-bergheim\/wp-json\/wp\/v2\/posts\/27174\/revisions"}],"wp:featuredmedia":[{"embeddable":true,"href":"https:\/\/unser-quartier.de\/stadt-bergheim\/wp-json\/wp\/v2\/media\/27175"}],"wp:attachment":[{"href":"https:\/\/unser-quartier.de\/stadt-bergheim\/wp-json\/wp\/v2\/media?parent=27174"}],"wp:term":[{"taxonomy":"category","embeddable":true,"href":"https:\/\/unser-quartier.de\/stadt-bergheim\/wp-json\/wp\/v2\/categories?post=27174"},{"taxonomy":"post_tag","embeddable":true,"href":"https:\/\/unser-quartier.de\/stadt-bergheim\/wp-json\/wp\/v2\/tags?post=27174"}],"curies":[{"name":"wp","href":"https:\/\/api.w.org\/{rel}","templated":true}]}}