{"id":27219,"date":"2018-12-18T09:01:22","date_gmt":"2018-12-18T08:01:22","guid":{"rendered":"https:\/\/unser-quartier.de\/stadt-bergheim\/?p=27219"},"modified":"2018-12-18T09:01:22","modified_gmt":"2018-12-18T08:01:22","slug":"online-studie-zur-angehoerigen-pflege","status":"publish","type":"post","link":"https:\/\/unser-quartier.de\/stadt-bergheim\/2018\/12\/online-studie-zur-angehoerigen-pflege\/","title":{"rendered":"Online-Studie zur Angeh\u00f6rigen-Pflege"},"content":{"rendered":"<p><strong>Fragebogen ausf\u00fcllen und Bed\u00fcrfnisse melden<\/strong><\/p>\n<p>Wenn Angeh\u00f6rige die Versorgung, Betreuung oder Pflege eines nahestehenden Menschen \u00fcbernehmen, bedeutet das h\u00e4ufig eine gro\u00dfe Herausforderung. Um diese zu meistern, sind gute Informationen und gute Beratung von besonderer Bedeutung.<\/p>\n<p>Welche individuellen Bed\u00fcrfnisse haben pflegende Angeh\u00f6rige? Zu welchen Bereichen sind Informations- und Beratungsangebote wichtig? Diesen und weiteren Fragen geht eine Studie der Universit\u00e4t Witten\/Herdecke (UW\/H) nach. Sie wird vom Ministerium f\u00fcr Arbeit, Gesundheit und Soziales des Landes Nordrhein-Westfalen und den Pflegekassen gef\u00f6rdert und ermittelt die Einsch\u00e4tzungen pflegender Angeh\u00f6riger durch eine Befragung.<\/p>\n<p>Bis Ende Januar 2019 k\u00f6nnten sich Interessierte an der Online-Studie beteiligen.<br \/>\nDas Ausf\u00fcllen des Fragebogens dauert nur 10 bis 12 Minuten.<\/p>\n<p><strong>Der Link zum Online-Fragebogen:<\/strong><br \/>\n<a href=\"https:\/\/survey.uni-wh.de\/index.php\/459273?lang=de\" target=\"_blank\" rel=\"noopener\" class=\"broken_link\">https:\/\/survey.uni-wh.de\/index.php\/459273?lang=de<\/a><\/p>\n<p>Weitere Informationen zum Projekt ZipA finden Sie unter: <a href=\"https:\/\/www.angehoerigenpflege.info\/\" target=\"_blank\" rel=\"noopener\">www.angehoerigenpflege.info<\/a><\/p>\n","protected":false},"excerpt":{"rendered":"<p><strong>Fragebogen ausf\u00fcllen und Bed\u00fcrfnisse melden<\/strong><\/p>\n<p>Wenn Angeh\u00f6rige die Versorgung, Betreuung oder Pflege eines nahestehenden Menschen \u00fcbernehmen, bedeutet das h\u00e4ufig eine gro\u00dfe Herausforderung. Um diese zu meistern, sind gute Informationen und gute Beratung von besonderer Bedeutung.<\/p>\n<p>Welche individuellen Bed\u00fcrfnisse haben pflegende Angeh\u00f6rige? Zu welchen Bereichen sind Informations- und Beratungsangebote wichtig? Diesen und weiteren Fragen geht eine &hellip; <\/p>\n<p><a class=\"more-link btn\" href=\"https:\/\/unser-quartier.de\/stadt-bergheim\/2018\/12\/online-studie-zur-angehoerigen-pflege\/\">Weiterlesen<\/a><\/p>\n","protected":false},"author":133,"featured_media":0,"comment_status":"closed","ping_status":"closed","sticky":false,"template":"","format":"standard","meta":{"_bbp_topic_count":0,"_bbp_reply_count":0,"_bbp_total_topic_count":0,"_bbp_total_reply_count":0,"_bbp_voice_count":0,"_bbp_anonymous_reply_count":0,"_bbp_topic_count_hidden":0,"_bbp_reply_count_hidden":0,"_bbp_forum_subforum_count":0,"jetpack_post_was_ever_published":false,"_jetpack_newsletter_access":"","_jetpack_dont_email_post_to_subs":false,"_jetpack_newsletter_tier_id":0,"_jetpack_memberships_contains_paywalled_content":false,"_jetpack_memberships_contains_paid_content":false,"footnotes":""},"categories":[65],"tags":[],"class_list":["post-27219","post","type-post","status-publish","format-standard","hentry","category-demenz","item-wrap"],"jetpack_sharing_enabled":true,"jetpack_featured_media_url":"","jetpack_shortlink":"https:\/\/wp.me\/p3vhfJ-751","jetpack_likes_enabled":true,"_links":{"self":[{"href":"https:\/\/unser-quartier.de\/stadt-bergheim\/wp-json\/wp\/v2\/posts\/27219","targetHints":{"allow":["GET"]}}],"collection":[{"href":"https:\/\/unser-quartier.de\/stadt-bergheim\/wp-json\/wp\/v2\/posts"}],"about":[{"href":"https:\/\/unser-quartier.de\/stadt-bergheim\/wp-json\/wp\/v2\/types\/post"}],"author":[{"embeddable":true,"href":"https:\/\/unser-quartier.de\/stadt-bergheim\/wp-json\/wp\/v2\/users\/133"}],"replies":[{"embeddable":true,"href":"https:\/\/unser-quartier.de\/stadt-bergheim\/wp-json\/wp\/v2\/comments?post=27219"}],"version-history":[{"count":0,"href":"https:\/\/unser-quartier.de\/stadt-bergheim\/wp-json\/wp\/v2\/posts\/27219\/revisions"}],"wp:attachment":[{"href":"https:\/\/unser-quartier.de\/stadt-bergheim\/wp-json\/wp\/v2\/media?parent=27219"}],"wp:term":[{"taxonomy":"category","embeddable":true,"href":"https:\/\/unser-quartier.de\/stadt-bergheim\/wp-json\/wp\/v2\/categories?post=27219"},{"taxonomy":"post_tag","embeddable":true,"href":"https:\/\/unser-quartier.de\/stadt-bergheim\/wp-json\/wp\/v2\/tags?post=27219"}],"curies":[{"name":"wp","href":"https:\/\/api.w.org\/{rel}","templated":true}]}}