{"id":27253,"date":"2018-12-22T00:04:05","date_gmt":"2018-12-21T23:04:05","guid":{"rendered":"https:\/\/unser-quartier.de\/stadt-bergheim\/?p=27253"},"modified":"2018-12-22T00:04:05","modified_gmt":"2018-12-21T23:04:05","slug":"tipp-dundee-kuchen","status":"publish","type":"post","link":"https:\/\/unser-quartier.de\/stadt-bergheim\/2018\/12\/tipp-dundee-kuchen\/","title":{"rendered":"Tipp: Dundee Kuchen"},"content":{"rendered":"<p><img data-recalc-dims=\"1\" loading=\"lazy\" decoding=\"async\" data-attachment-id=\"27254\" data-permalink=\"https:\/\/unser-quartier.de\/stadt-bergheim\/2018\/12\/tipp-dundee-kuchen\/ff852f95-2ab8-4c10-b14b-6bcc88c8ff07\/\" data-orig-file=\"https:\/\/i0.wp.com\/unser-quartier.de\/stadt-bergheim\/files\/2018\/12\/FF852F95-2AB8-4C10-B14B-6BCC88C8FF07.jpeg?fit=960%2C637&amp;ssl=1\" data-orig-size=\"960,637\" data-comments-opened=\"0\" data-image-meta=\"{&quot;aperture&quot;:&quot;0&quot;,&quot;credit&quot;:&quot;&quot;,&quot;camera&quot;:&quot;&quot;,&quot;caption&quot;:&quot;&quot;,&quot;created_timestamp&quot;:&quot;0&quot;,&quot;copyright&quot;:&quot;&quot;,&quot;focal_length&quot;:&quot;0&quot;,&quot;iso&quot;:&quot;0&quot;,&quot;shutter_speed&quot;:&quot;0&quot;,&quot;title&quot;:&quot;&quot;,&quot;orientation&quot;:&quot;0&quot;}\" data-image-title=\"FF852F95-2AB8-4C10-B14B-6BCC88C8FF07\" data-image-description=\"\" data-image-caption=\"\" data-medium-file=\"https:\/\/i0.wp.com\/unser-quartier.de\/stadt-bergheim\/files\/2018\/12\/FF852F95-2AB8-4C10-B14B-6BCC88C8FF07.jpeg?fit=300%2C199&amp;ssl=1\" data-large-file=\"https:\/\/i0.wp.com\/unser-quartier.de\/stadt-bergheim\/files\/2018\/12\/FF852F95-2AB8-4C10-B14B-6BCC88C8FF07.jpeg?fit=770%2C511&amp;ssl=1\" class=\"alignnone size-medium wp-image-27254\" src=\"https:\/\/i0.wp.com\/unser-quartier.de\/stadt-bergheim\/files\/2018\/12\/FF852F95-2AB8-4C10-B14B-6BCC88C8FF07.jpeg?resize=300%2C199&#038;ssl=1\" alt=\"\" width=\"300\" height=\"199\" srcset=\"https:\/\/i0.wp.com\/unser-quartier.de\/stadt-bergheim\/files\/2018\/12\/FF852F95-2AB8-4C10-B14B-6BCC88C8FF07.jpeg?resize=300%2C199&amp;ssl=1 300w, https:\/\/i0.wp.com\/unser-quartier.de\/stadt-bergheim\/files\/2018\/12\/FF852F95-2AB8-4C10-B14B-6BCC88C8FF07.jpeg?resize=150%2C100&amp;ssl=1 150w, https:\/\/i0.wp.com\/unser-quartier.de\/stadt-bergheim\/files\/2018\/12\/FF852F95-2AB8-4C10-B14B-6BCC88C8FF07.jpeg?resize=768%2C510&amp;ssl=1 768w, https:\/\/i0.wp.com\/unser-quartier.de\/stadt-bergheim\/files\/2018\/12\/FF852F95-2AB8-4C10-B14B-6BCC88C8FF07.jpeg?w=960&amp;ssl=1 960w\" sizes=\"auto, (max-width: 300px) 100vw, 300px\" \/><\/p>\n<p><span style=\"font-family: arial, helvetica, sans-serif; font-size: 20px;\"><em>Dundee Kuchen<\/em><\/span><br \/>\n<span style=\"font-family: arial, helvetica, sans-serif; font-size: 20px;\">.<\/span><br \/>\n<span style=\"font-family: arial, helvetica, sans-serif; font-size: 20px;\">Zutaten:<\/span><br \/>\n<span style=\"font-family: arial, helvetica, sans-serif; font-size: 20px;\">125 g Mehl<\/span><br \/>\n<span style=\"font-family: arial, helvetica, sans-serif; font-size: 20px;\">125 Zucker<\/span><br \/>\n<span style=\"font-family: arial, helvetica, sans-serif; font-size: 20px;\">1 TL Backpulver<\/span><br \/>\n<span style=\"font-family: arial, helvetica, sans-serif; font-size: 20px;\">1\/2 TL Salz<\/span><br \/>\n<span style=\"font-family: arial, helvetica, sans-serif; font-size: 20px;\">200 g Feigen getrocknet<\/span><br \/>\n<span style=\"font-family: arial, helvetica, sans-serif; font-size: 20px;\">200 g Datteln<\/span><br \/>\n<span style=\"font-family: arial, helvetica, sans-serif; font-size: 20px;\">200 g N\u00fcsse nach Wahl<\/span><br \/>\n<span style=\"font-family: arial, helvetica, sans-serif; font-size: 20px;\">200 g Cocktailkirschen oder Aprikosen getrocknet<\/span><br \/>\n<span style=\"font-family: arial, helvetica, sans-serif; font-size: 20px;\">3 Eier Fett und Semmelbr\u00f6sel<\/span><br \/>\n<span style=\"font-family: arial, helvetica, sans-serif; font-size: 20px;\">.<\/span><br \/>\n<span style=\"font-family: arial, helvetica, sans-serif; font-size: 20px;\">Zubereitung:<\/span><br \/>\n<span style=\"font-family: arial, helvetica, sans-serif; font-size: 20px;\">Mehl, Zucker, Backpulver und Salz in einer gro\u00dfen Sch\u00fcssel verr\u00fchren. Die<\/span><span>\u00a0<\/span><span style=\"font-family: arial, helvetica, sans-serif; font-size: 20px;\">Feigen und die entsteinten Datteln grob hacken und zusammen mit den<\/span><span>\u00a0<\/span><span style=\"font-family: arial, helvetica, sans-serif; font-size: 20px;\">halbierten N\u00fcssen unter die Mehlmischung geben. Die Cocktailkirschen<\/span><br \/>\n<span style=\"font-family: arial, helvetica, sans-serif; font-size: 20px;\">abtropfen lassen und ebenfalls untermischen. Die Eier schlagen, langsam<\/span><span>\u00a0<\/span><span style=\"font-family: arial, helvetica, sans-serif; font-size: 20px;\">dazugeben und gr\u00fcndlich verr\u00fchren. Den Teig in eine gefettete, mit<\/span><span>\u00a0\u00a0<\/span><span style=\"font-family: arial, helvetica, sans-serif; font-size: 20px;\">Semmelbr\u00f6seln ausgestreute Kastenform geben. Ca. 75 Min bei 160 Grad auf<\/span><br \/>\n<span style=\"font-family: arial, helvetica, sans-serif; font-size: 20px;\">unterer Schiene backen. Vorsichtig st\u00fcrzen und ausk\u00fchlen lassen. Dieser<\/span><span>\u00a0<\/span><span style=\"font-family: arial, helvetica, sans-serif; font-size: 20px;\">Kuchen kann in Folie verpackt ca. 4 Wochen frisch bleiben, er kann auch<\/span><span>\u00a0<\/span><span style=\"font-family: arial, helvetica, sans-serif; font-size: 20px;\">eingefroren werden.<\/span><br \/>\n<span style=\"font-family: arial, helvetica, sans-serif; font-size: 20px;\">.<\/span><br \/>\n<span style=\"font-family: arial, helvetica, sans-serif; font-size: 20px;\">von Gertrud Breuer<\/span><\/p>\n","protected":false},"excerpt":{"rendered":"<\/p>\n<p>Dundee Kuchen . Zutaten: 125 g Mehl 125 Zucker 1 TL Backpulver 1\/2 TL Salz 200 g Feigen getrocknet 200 g Datteln 200 g N\u00fcsse nach Wahl 200 g Cocktailkirschen oder Aprikosen getrocknet 3 Eier Fett und Semmelbr\u00f6sel . Zubereitung: Mehl, Zucker, Backpulver und Salz in einer gro\u00dfen Sch\u00fcssel verr\u00fchren. Die\u00a0Feigen und die entsteinten &hellip; <\/p>\n<p><a class=\"more-link btn\" href=\"https:\/\/unser-quartier.de\/stadt-bergheim\/2018\/12\/tipp-dundee-kuchen\/\">Weiterlesen<\/a><\/p>\n","protected":false},"author":48,"featured_media":0,"comment_status":"closed","ping_status":"closed","sticky":false,"template":"","format":"standard","meta":{"_bbp_topic_count":0,"_bbp_reply_count":0,"_bbp_total_topic_count":0,"_bbp_total_reply_count":0,"_bbp_voice_count":0,"_bbp_anonymous_reply_count":0,"_bbp_topic_count_hidden":0,"_bbp_reply_count_hidden":0,"_bbp_forum_subforum_count":0,"jetpack_post_was_ever_published":false,"_jetpack_newsletter_access":"","_jetpack_dont_email_post_to_subs":false,"_jetpack_newsletter_tier_id":0,"_jetpack_memberships_contains_paywalled_content":false,"_jetpack_memberships_contains_paid_content":false,"footnotes":""},"categories":[75,72],"tags":[],"class_list":["post-27253","post","type-post","status-publish","format-standard","hentry","category-buntes-brett","category-tipps","item-wrap"],"jetpack_sharing_enabled":true,"jetpack_featured_media_url":"","jetpack_shortlink":"https:\/\/wp.me\/p3vhfJ-75z","jetpack_likes_enabled":true,"_links":{"self":[{"href":"https:\/\/unser-quartier.de\/stadt-bergheim\/wp-json\/wp\/v2\/posts\/27253","targetHints":{"allow":["GET"]}}],"collection":[{"href":"https:\/\/unser-quartier.de\/stadt-bergheim\/wp-json\/wp\/v2\/posts"}],"about":[{"href":"https:\/\/unser-quartier.de\/stadt-bergheim\/wp-json\/wp\/v2\/types\/post"}],"author":[{"embeddable":true,"href":"https:\/\/unser-quartier.de\/stadt-bergheim\/wp-json\/wp\/v2\/users\/48"}],"replies":[{"embeddable":true,"href":"https:\/\/unser-quartier.de\/stadt-bergheim\/wp-json\/wp\/v2\/comments?post=27253"}],"version-history":[{"count":0,"href":"https:\/\/unser-quartier.de\/stadt-bergheim\/wp-json\/wp\/v2\/posts\/27253\/revisions"}],"wp:attachment":[{"href":"https:\/\/unser-quartier.de\/stadt-bergheim\/wp-json\/wp\/v2\/media?parent=27253"}],"wp:term":[{"taxonomy":"category","embeddable":true,"href":"https:\/\/unser-quartier.de\/stadt-bergheim\/wp-json\/wp\/v2\/categories?post=27253"},{"taxonomy":"post_tag","embeddable":true,"href":"https:\/\/unser-quartier.de\/stadt-bergheim\/wp-json\/wp\/v2\/tags?post=27253"}],"curies":[{"name":"wp","href":"https:\/\/api.w.org\/{rel}","templated":true}]}}