{"id":27257,"date":"2018-12-23T00:01:20","date_gmt":"2018-12-22T23:01:20","guid":{"rendered":"https:\/\/unser-quartier.de\/stadt-bergheim\/?p=27257"},"modified":"2018-12-22T00:22:38","modified_gmt":"2018-12-21T23:22:38","slug":"wer-haette-das-gewusst","status":"publish","type":"post","link":"https:\/\/unser-quartier.de\/stadt-bergheim\/2018\/12\/wer-haette-das-gewusst\/","title":{"rendered":"Wer h\u00e4tte das gewusst?"},"content":{"rendered":"<p><img data-recalc-dims=\"1\" loading=\"lazy\" decoding=\"async\" data-attachment-id=\"27258\" data-permalink=\"https:\/\/unser-quartier.de\/stadt-bergheim\/2018\/12\/wer-haette-das-gewusst\/82dbc888-1eba-4515-a103-c6d55834898f\/\" data-orig-file=\"https:\/\/i0.wp.com\/unser-quartier.de\/stadt-bergheim\/files\/2018\/12\/82DBC888-1EBA-4515-A103-C6D55834898F.jpeg?fit=829%2C340&amp;ssl=1\" data-orig-size=\"829,340\" data-comments-opened=\"0\" data-image-meta=\"{&quot;aperture&quot;:&quot;0&quot;,&quot;credit&quot;:&quot;&quot;,&quot;camera&quot;:&quot;&quot;,&quot;caption&quot;:&quot;&quot;,&quot;created_timestamp&quot;:&quot;0&quot;,&quot;copyright&quot;:&quot;&quot;,&quot;focal_length&quot;:&quot;0&quot;,&quot;iso&quot;:&quot;0&quot;,&quot;shutter_speed&quot;:&quot;0&quot;,&quot;title&quot;:&quot;&quot;,&quot;orientation&quot;:&quot;0&quot;}\" data-image-title=\"82DBC888-1EBA-4515-A103-C6D55834898F\" data-image-description=\"\" data-image-caption=\"\" data-medium-file=\"https:\/\/i0.wp.com\/unser-quartier.de\/stadt-bergheim\/files\/2018\/12\/82DBC888-1EBA-4515-A103-C6D55834898F.jpeg?fit=300%2C123&amp;ssl=1\" data-large-file=\"https:\/\/i0.wp.com\/unser-quartier.de\/stadt-bergheim\/files\/2018\/12\/82DBC888-1EBA-4515-A103-C6D55834898F.jpeg?fit=770%2C316&amp;ssl=1\" class=\"alignnone size-medium wp-image-27258\" src=\"https:\/\/i0.wp.com\/unser-quartier.de\/stadt-bergheim\/files\/2018\/12\/82DBC888-1EBA-4515-A103-C6D55834898F.jpeg?resize=300%2C123&#038;ssl=1\" alt=\"\" width=\"300\" height=\"123\" srcset=\"https:\/\/i0.wp.com\/unser-quartier.de\/stadt-bergheim\/files\/2018\/12\/82DBC888-1EBA-4515-A103-C6D55834898F.jpeg?resize=300%2C123&amp;ssl=1 300w, https:\/\/i0.wp.com\/unser-quartier.de\/stadt-bergheim\/files\/2018\/12\/82DBC888-1EBA-4515-A103-C6D55834898F.jpeg?resize=150%2C62&amp;ssl=1 150w, https:\/\/i0.wp.com\/unser-quartier.de\/stadt-bergheim\/files\/2018\/12\/82DBC888-1EBA-4515-A103-C6D55834898F.jpeg?resize=768%2C315&amp;ssl=1 768w, https:\/\/i0.wp.com\/unser-quartier.de\/stadt-bergheim\/files\/2018\/12\/82DBC888-1EBA-4515-A103-C6D55834898F.jpeg?w=829&amp;ssl=1 829w\" sizes=\"auto, (max-width: 300px) 100vw, 300px\" \/><\/p>\n<p><span style=\"font-size: 20px; font-family: arial, helvetica, sans-serif;\"><em>Wer h\u00e4tte das gewusst?<\/em><\/span><br \/>\n<span style=\"font-size: 20px; font-family: arial, helvetica, sans-serif;\">.<\/span><br \/>\n<span style=\"font-size: 20px; font-family: arial, helvetica, sans-serif;\">Wieso sagt man &#8220;Alles in Butter&#8221;?<\/span><br \/>\n<span style=\"font-size: 20px; font-family: arial, helvetica, sans-serif;\">Im Mittelalter wurden zerbrechliche Gegenst\u00e4nde zum Transport in F\u00e4sser mit<\/span><span>\u00a0<\/span><span style=\"font-size: 20px; font-family: arial, helvetica, sans-serif;\">fl\u00fcssiger Butter gelegt. Wurde diese fest, war das kostbare Gut recht gut<\/span><span>\u00a0\u00a0<\/span><span style=\"font-size: 20px; font-family: arial, helvetica, sans-serif;\">vor dem Zerbrechen gesch\u00fctzt. Am Zielort wurde die Butter wieder<\/span><span>\u00a0<\/span><span style=\"font-size: 20px; font-family: arial, helvetica, sans-serif;\">geschmolzen.<\/span><br \/>\n<span style=\"font-size: 20px; font-family: arial, helvetica, sans-serif;\">.<\/span><br \/>\n<span style=\"font-size: 20px; font-family: arial, helvetica, sans-serif;\">Wer hat die Sauna erfunden?<\/span><br \/>\n<span style=\"font-size: 20px; font-family: arial, helvetica, sans-serif;\">Da denkt man doch zuerst an Finnland. Doch die Ur-Schwitzh\u00fctten kommen aus<\/span><br \/>\n<span style=\"font-size: 20px; font-family: arial, helvetica, sans-serif;\">Japan. Dort fanden Arch\u00e4ologen \u00dcberbleibsel von fr\u00fchen Steinschwitzb\u00e4dern<\/span><br \/>\n<span style=\"font-size: 20px; font-family: arial, helvetica, sans-serif;\">in H\u00f6hlen, in denen hei\u00dfe Steine mit Wasser \u00fcbergossen wurden. Erst die<\/span><span>\u00a0<\/span><span style=\"font-size: 20px; font-family: arial, helvetica, sans-serif;\">moderne Form der Sauna stammt aus dem hohen Norden.<\/span><br \/>\n<span style=\"font-size: 20px; font-family: arial, helvetica, sans-serif;\">.<\/span><br \/>\n<span style=\"font-size: 20px; font-family: arial, helvetica, sans-serif;\">Seit wann gibt es Brettspiele?<\/span><br \/>\n<span style=\"font-size: 20px; font-family: arial, helvetica, sans-serif;\">Vor ca. 5000 Jahren spielten die alten \u00c4gypter z. B. &#8220;Senet&#8221;. Das ist ein<\/span><span>\u00a0<\/span><span style=\"font-size: 20px; font-family: arial, helvetica, sans-serif;\">Vorl\u00e4ufer unseres &#8220;Mensch-\u00e4rger-dich -nicht&#8221;. Man musste ausscheiden, wenn<\/span><span>\u00a0<\/span><span style=\"font-size: 20px; font-family: arial, helvetica, sans-serif;\">man auf das Feld &#8220;\u00dcberschwemmung&#8221; kam.<\/span><br \/>\n<span style=\"font-size: 20px; font-family: arial, helvetica, sans-serif;\">.<\/span><br \/>\n<span style=\"font-size: 20px; font-family: arial, helvetica, sans-serif;\">Was ist eine Himmelsziege?<\/span><br \/>\n<span style=\"font-size: 20px; font-family: arial, helvetica, sans-serif;\">Das ist ein Vogel, der beim Balzen Ger\u00e4usche von sich gibt, die wie das<\/span><span>\u00a0<\/span><span style=\"font-size: 20px; font-family: arial, helvetica, sans-serif;\">Meckern einer Ziege klingen. Er wird auch Meckervogel genannt und lebt in<\/span><span>\u00a0<\/span><span style=\"font-size: 20px; font-family: arial, helvetica, sans-serif;\">Mooren und Feuchtgebieten. Hierzulande gibt es ca. 6000 Brutpaare.<\/span><span>\u00a0<\/span><span style=\"font-size: 20px; font-family: arial, helvetica, sans-serif;\">Der Schnepfenvogel ist vom Aussterben bedroht.<\/span><\/p>\n","protected":false},"excerpt":{"rendered":"<\/p>\n<p>Wer h\u00e4tte das gewusst? . Wieso sagt man &#8220;Alles in Butter&#8221;? Im Mittelalter wurden zerbrechliche Gegenst\u00e4nde zum Transport in F\u00e4sser mit\u00a0fl\u00fcssiger Butter gelegt. Wurde diese fest, war das kostbare Gut recht gut\u00a0\u00a0vor dem Zerbrechen gesch\u00fctzt. Am Zielort wurde die Butter wieder\u00a0geschmolzen. . Wer hat die Sauna erfunden? Da denkt man doch zuerst an Finnland. &hellip; <\/p>\n<p><a class=\"more-link btn\" href=\"https:\/\/unser-quartier.de\/stadt-bergheim\/2018\/12\/wer-haette-das-gewusst\/\">Weiterlesen<\/a><\/p>\n","protected":false},"author":48,"featured_media":0,"comment_status":"closed","ping_status":"closed","sticky":false,"template":"","format":"standard","meta":{"_bbp_topic_count":0,"_bbp_reply_count":0,"_bbp_total_topic_count":0,"_bbp_total_reply_count":0,"_bbp_voice_count":0,"_bbp_anonymous_reply_count":0,"_bbp_topic_count_hidden":0,"_bbp_reply_count_hidden":0,"_bbp_forum_subforum_count":0,"jetpack_post_was_ever_published":false,"_jetpack_newsletter_access":"","_jetpack_dont_email_post_to_subs":false,"_jetpack_newsletter_tier_id":0,"_jetpack_memberships_contains_paywalled_content":false,"_jetpack_memberships_contains_paid_content":false,"footnotes":""},"categories":[75],"tags":[],"class_list":["post-27257","post","type-post","status-publish","format-standard","hentry","category-buntes-brett","item-wrap"],"jetpack_sharing_enabled":true,"jetpack_featured_media_url":"","jetpack_shortlink":"https:\/\/wp.me\/p3vhfJ-75D","jetpack_likes_enabled":true,"_links":{"self":[{"href":"https:\/\/unser-quartier.de\/stadt-bergheim\/wp-json\/wp\/v2\/posts\/27257","targetHints":{"allow":["GET"]}}],"collection":[{"href":"https:\/\/unser-quartier.de\/stadt-bergheim\/wp-json\/wp\/v2\/posts"}],"about":[{"href":"https:\/\/unser-quartier.de\/stadt-bergheim\/wp-json\/wp\/v2\/types\/post"}],"author":[{"embeddable":true,"href":"https:\/\/unser-quartier.de\/stadt-bergheim\/wp-json\/wp\/v2\/users\/48"}],"replies":[{"embeddable":true,"href":"https:\/\/unser-quartier.de\/stadt-bergheim\/wp-json\/wp\/v2\/comments?post=27257"}],"version-history":[{"count":0,"href":"https:\/\/unser-quartier.de\/stadt-bergheim\/wp-json\/wp\/v2\/posts\/27257\/revisions"}],"wp:attachment":[{"href":"https:\/\/unser-quartier.de\/stadt-bergheim\/wp-json\/wp\/v2\/media?parent=27257"}],"wp:term":[{"taxonomy":"category","embeddable":true,"href":"https:\/\/unser-quartier.de\/stadt-bergheim\/wp-json\/wp\/v2\/categories?post=27257"},{"taxonomy":"post_tag","embeddable":true,"href":"https:\/\/unser-quartier.de\/stadt-bergheim\/wp-json\/wp\/v2\/tags?post=27257"}],"curies":[{"name":"wp","href":"https:\/\/api.w.org\/{rel}","templated":true}]}}