{"id":27267,"date":"2018-12-25T00:01:18","date_gmt":"2018-12-24T23:01:18","guid":{"rendered":"https:\/\/unser-quartier.de\/stadt-bergheim\/?p=27267"},"modified":"2018-12-22T11:23:52","modified_gmt":"2018-12-22T10:23:52","slug":"weihnachten-2","status":"publish","type":"post","link":"https:\/\/unser-quartier.de\/stadt-bergheim\/2018\/12\/weihnachten-2\/","title":{"rendered":"Weihnachten &#8230;"},"content":{"rendered":"<p><img data-recalc-dims=\"1\" loading=\"lazy\" decoding=\"async\" data-attachment-id=\"27269\" data-permalink=\"https:\/\/unser-quartier.de\/stadt-bergheim\/2018\/12\/weihnachten-2\/6ad76bd2-dde6-4aec-b326-3bd71c0d9c90\/\" data-orig-file=\"https:\/\/i0.wp.com\/unser-quartier.de\/stadt-bergheim\/files\/2018\/12\/6AD76BD2-DDE6-4AEC-B326-3BD71C0D9C90.jpeg?fit=408%2C340&amp;ssl=1\" data-orig-size=\"408,340\" data-comments-opened=\"0\" data-image-meta=\"{&quot;aperture&quot;:&quot;0&quot;,&quot;credit&quot;:&quot;&quot;,&quot;camera&quot;:&quot;&quot;,&quot;caption&quot;:&quot;&quot;,&quot;created_timestamp&quot;:&quot;0&quot;,&quot;copyright&quot;:&quot;&quot;,&quot;focal_length&quot;:&quot;0&quot;,&quot;iso&quot;:&quot;0&quot;,&quot;shutter_speed&quot;:&quot;0&quot;,&quot;title&quot;:&quot;&quot;,&quot;orientation&quot;:&quot;0&quot;}\" data-image-title=\"6AD76BD2-DDE6-4AEC-B326-3BD71C0D9C90\" data-image-description=\"\" data-image-caption=\"\" data-medium-file=\"https:\/\/i0.wp.com\/unser-quartier.de\/stadt-bergheim\/files\/2018\/12\/6AD76BD2-DDE6-4AEC-B326-3BD71C0D9C90.jpeg?fit=300%2C250&amp;ssl=1\" data-large-file=\"https:\/\/i0.wp.com\/unser-quartier.de\/stadt-bergheim\/files\/2018\/12\/6AD76BD2-DDE6-4AEC-B326-3BD71C0D9C90.jpeg?fit=408%2C340&amp;ssl=1\" class=\"alignnone size-medium wp-image-27269\" src=\"https:\/\/i0.wp.com\/unser-quartier.de\/stadt-bergheim\/files\/2018\/12\/6AD76BD2-DDE6-4AEC-B326-3BD71C0D9C90.jpeg?resize=300%2C250&#038;ssl=1\" alt=\"\" width=\"300\" height=\"250\" srcset=\"https:\/\/i0.wp.com\/unser-quartier.de\/stadt-bergheim\/files\/2018\/12\/6AD76BD2-DDE6-4AEC-B326-3BD71C0D9C90.jpeg?resize=300%2C250&amp;ssl=1 300w, https:\/\/i0.wp.com\/unser-quartier.de\/stadt-bergheim\/files\/2018\/12\/6AD76BD2-DDE6-4AEC-B326-3BD71C0D9C90.jpeg?resize=150%2C125&amp;ssl=1 150w, https:\/\/i0.wp.com\/unser-quartier.de\/stadt-bergheim\/files\/2018\/12\/6AD76BD2-DDE6-4AEC-B326-3BD71C0D9C90.jpeg?w=408&amp;ssl=1 408w\" sizes=\"auto, (max-width: 300px) 100vw, 300px\" \/><\/p>\n<p><span style=\"font-size: 20px; font-family: arial, helvetica, sans-serif;\">Ochs und Esel an der Krippe<\/span><\/p>\n<p><span style=\"font-size: 20px; font-family: arial, helvetica, sans-serif;\">Mit \u00fcberirdischem Glanz bestrahlt der Stern die Krippe. Die Engel versetzen<\/span><span>\u00a0<\/span><span style=\"font-size: 20px; font-family: arial, helvetica, sans-serif;\">mit sph\u00e4rischen Kl\u00e4ngen in andere Welten. Nicht vorstellbar, Weihnachten<\/span><span>\u00a0<\/span><span style=\"font-size: 20px; font-family: arial, helvetica, sans-serif;\">ohne Stern und Engel. Sie verkl\u00e4ren diese Geburt im Stall und bringen das<\/span><span>\u00a0<\/span><span style=\"font-size: 20px; font-family: arial, helvetica, sans-serif;\">Wunderbare und Geheimnisvolle zum Ausdruck.<\/span><br \/>\n<span style=\"font-size: 20px; font-family: arial, helvetica, sans-serif;\">Doch ebenso unvorstellbar, die Krippe ohne Ochs und Esel. Sie waren schon<\/span><span>\u00a0<\/span><span style=\"font-size: 20px; font-family: arial, helvetica, sans-serif;\">da, bevor Maria und Joseph in den Stall kamen. Zuerst da, sorgen sie f\u00fcr<\/span><span>\u00a0<\/span><span style=\"font-size: 20px; font-family: arial, helvetica, sans-serif;\">eine Grundw\u00e4rme im Stall und im weiteren Geschehen sind sie ganz nah dran.<\/span><\/p>\n<p><span style=\"font-size: 20px; font-family: arial, helvetica, sans-serif;\">Die Menschen in fr\u00fcheren Jahrhunderten und noch heute in L\u00e4ndern ohne<\/span><span>\u00a0<\/span><span style=\"font-size: 20px; font-family: arial, helvetica, sans-serif;\">Zentralheizung, wussten die N\u00e4he der Tiere in zu sch\u00e4tzen. Die St\u00e4lle<\/span><span>\u00a0<\/span><span style=\"font-size: 20px; font-family: arial, helvetica, sans-serif;\">wurden an die Wohnungen der Menschen gebaut, dies war eine nat\u00fcrliche<\/span><br \/>\n<span style=\"font-size: 20px; font-family: arial, helvetica, sans-serif;\">W\u00e4rmequelle. Oft lebten die Tiere mit im Wohnraum. So entstand eine<\/span><br \/>\n<span style=\"font-size: 20px; font-family: arial, helvetica, sans-serif;\">Lebensgemeinschaft von Tier und Mensch.<\/span><\/p>\n<p><span style=\"font-size: 20px; font-family: arial, helvetica, sans-serif;\">Ochs und Esel sind zuerst an der Krippe gewesen, dann erst kamen die Hirten<\/span><span>\u00a0<\/span><span style=\"font-size: 20px; font-family: arial, helvetica, sans-serif;\">und Weisen aus dem Morgenland. So wurde es auch schon ganz fr\u00fch Brauch, sie<\/span><br \/>\n<span style=\"font-size: 20px; font-family: arial, helvetica, sans-serif;\">an die Krippe zu stellen. Die treuen Tiere, die mit ihrer Arbeit als Zug-<\/span><br \/>\n<span style=\"font-size: 20px; font-family: arial, helvetica, sans-serif;\">und Lasttiere das Leben f\u00fcr die Menschen erleichtern&#8230; sie stehen zu recht<\/span><span>\u00a0\u00a0<\/span><span style=\"font-size: 20px; font-family: arial, helvetica, sans-serif;\">an der Krippe. Auch ihnen gilt die Weihnachtsbotschaft.<\/span><\/p>\n<p><span style=\"font-size: 20px; font-family: arial, helvetica, sans-serif;\">von Reni Petersen<\/span><\/p>\n","protected":false},"excerpt":{"rendered":"<\/p>\n<p>Ochs und Esel an der Krippe<\/p>\n<p>Mit \u00fcberirdischem Glanz bestrahlt der Stern die Krippe. Die Engel versetzen\u00a0mit sph\u00e4rischen Kl\u00e4ngen in andere Welten. Nicht vorstellbar, Weihnachten\u00a0ohne Stern und Engel. Sie verkl\u00e4ren diese Geburt im Stall und bringen das\u00a0Wunderbare und Geheimnisvolle zum Ausdruck. Doch ebenso unvorstellbar, die Krippe ohne Ochs und Esel. Sie waren schon\u00a0da, bevor &hellip; <\/p>\n<p><a class=\"more-link btn\" href=\"https:\/\/unser-quartier.de\/stadt-bergheim\/2018\/12\/weihnachten-2\/\">Weiterlesen<\/a><\/p>\n","protected":false},"author":48,"featured_media":0,"comment_status":"closed","ping_status":"closed","sticky":false,"template":"","format":"standard","meta":{"_bbp_topic_count":0,"_bbp_reply_count":0,"_bbp_total_topic_count":0,"_bbp_total_reply_count":0,"_bbp_voice_count":0,"_bbp_anonymous_reply_count":0,"_bbp_topic_count_hidden":0,"_bbp_reply_count_hidden":0,"_bbp_forum_subforum_count":0,"jetpack_post_was_ever_published":false,"_jetpack_newsletter_access":"","_jetpack_dont_email_post_to_subs":false,"_jetpack_newsletter_tier_id":0,"_jetpack_memberships_contains_paywalled_content":false,"_jetpack_memberships_contains_paid_content":false,"footnotes":""},"categories":[75],"tags":[],"class_list":["post-27267","post","type-post","status-publish","format-standard","hentry","category-buntes-brett","item-wrap"],"jetpack_sharing_enabled":true,"jetpack_featured_media_url":"","jetpack_shortlink":"https:\/\/wp.me\/p3vhfJ-75N","jetpack_likes_enabled":true,"_links":{"self":[{"href":"https:\/\/unser-quartier.de\/stadt-bergheim\/wp-json\/wp\/v2\/posts\/27267","targetHints":{"allow":["GET"]}}],"collection":[{"href":"https:\/\/unser-quartier.de\/stadt-bergheim\/wp-json\/wp\/v2\/posts"}],"about":[{"href":"https:\/\/unser-quartier.de\/stadt-bergheim\/wp-json\/wp\/v2\/types\/post"}],"author":[{"embeddable":true,"href":"https:\/\/unser-quartier.de\/stadt-bergheim\/wp-json\/wp\/v2\/users\/48"}],"replies":[{"embeddable":true,"href":"https:\/\/unser-quartier.de\/stadt-bergheim\/wp-json\/wp\/v2\/comments?post=27267"}],"version-history":[{"count":0,"href":"https:\/\/unser-quartier.de\/stadt-bergheim\/wp-json\/wp\/v2\/posts\/27267\/revisions"}],"wp:attachment":[{"href":"https:\/\/unser-quartier.de\/stadt-bergheim\/wp-json\/wp\/v2\/media?parent=27267"}],"wp:term":[{"taxonomy":"category","embeddable":true,"href":"https:\/\/unser-quartier.de\/stadt-bergheim\/wp-json\/wp\/v2\/categories?post=27267"},{"taxonomy":"post_tag","embeddable":true,"href":"https:\/\/unser-quartier.de\/stadt-bergheim\/wp-json\/wp\/v2\/tags?post=27267"}],"curies":[{"name":"wp","href":"https:\/\/api.w.org\/{rel}","templated":true}]}}