{"id":27278,"date":"2018-12-26T00:01:38","date_gmt":"2018-12-25T23:01:38","guid":{"rendered":"https:\/\/unser-quartier.de\/stadt-bergheim\/?p=27278"},"modified":"2018-12-26T00:07:35","modified_gmt":"2018-12-25T23:07:35","slug":"besinnlich","status":"publish","type":"post","link":"https:\/\/unser-quartier.de\/stadt-bergheim\/2018\/12\/besinnlich\/","title":{"rendered":"Besinnlich &#8230;"},"content":{"rendered":"<p>&nbsp;<\/p>\n<p><img data-recalc-dims=\"1\" loading=\"lazy\" decoding=\"async\" data-attachment-id=\"27279\" data-permalink=\"https:\/\/unser-quartier.de\/stadt-bergheim\/2018\/12\/besinnlich\/3a5467ac-3e65-42f1-866c-d82f3b3dca33\/\" data-orig-file=\"https:\/\/i0.wp.com\/unser-quartier.de\/stadt-bergheim\/files\/2018\/12\/3A5467AC-3E65-42F1-866C-D82F3B3DCA33.jpeg?fit=960%2C718&amp;ssl=1\" data-orig-size=\"960,718\" data-comments-opened=\"0\" data-image-meta=\"{&quot;aperture&quot;:&quot;4&quot;,&quot;credit&quot;:&quot;&quot;,&quot;camera&quot;:&quot;DMC-GH4&quot;,&quot;caption&quot;:&quot;&quot;,&quot;created_timestamp&quot;:&quot;0&quot;,&quot;copyright&quot;:&quot;&quot;,&quot;focal_length&quot;:&quot;12&quot;,&quot;iso&quot;:&quot;200&quot;,&quot;shutter_speed&quot;:&quot;0.005&quot;,&quot;title&quot;:&quot;&quot;,&quot;orientation&quot;:&quot;0&quot;}\" data-image-title=\"3A5467AC-3E65-42F1-866C-D82F3B3DCA33\" data-image-description=\"\" data-image-caption=\"\" data-medium-file=\"https:\/\/i0.wp.com\/unser-quartier.de\/stadt-bergheim\/files\/2018\/12\/3A5467AC-3E65-42F1-866C-D82F3B3DCA33.jpeg?fit=300%2C224&amp;ssl=1\" data-large-file=\"https:\/\/i0.wp.com\/unser-quartier.de\/stadt-bergheim\/files\/2018\/12\/3A5467AC-3E65-42F1-866C-D82F3B3DCA33.jpeg?fit=770%2C576&amp;ssl=1\" class=\"alignnone size-medium wp-image-27279\" src=\"https:\/\/i0.wp.com\/unser-quartier.de\/stadt-bergheim\/files\/2018\/12\/3A5467AC-3E65-42F1-866C-D82F3B3DCA33.jpeg?resize=300%2C224&#038;ssl=1\" alt=\"\" width=\"300\" height=\"224\" srcset=\"https:\/\/i0.wp.com\/unser-quartier.de\/stadt-bergheim\/files\/2018\/12\/3A5467AC-3E65-42F1-866C-D82F3B3DCA33.jpeg?resize=300%2C224&amp;ssl=1 300w, https:\/\/i0.wp.com\/unser-quartier.de\/stadt-bergheim\/files\/2018\/12\/3A5467AC-3E65-42F1-866C-D82F3B3DCA33.jpeg?resize=150%2C112&amp;ssl=1 150w, https:\/\/i0.wp.com\/unser-quartier.de\/stadt-bergheim\/files\/2018\/12\/3A5467AC-3E65-42F1-866C-D82F3B3DCA33.jpeg?resize=768%2C574&amp;ssl=1 768w, https:\/\/i0.wp.com\/unser-quartier.de\/stadt-bergheim\/files\/2018\/12\/3A5467AC-3E65-42F1-866C-D82F3B3DCA33.jpeg?w=960&amp;ssl=1 960w\" sizes=\"auto, (max-width: 300px) 100vw, 300px\" \/><\/p>\n<p><span style=\"font-size: 20px;\"><em>Der besinnliche Teil von Weihnachten<\/em><\/span><br \/>\n<span style=\"font-size: 20px;\">.<\/span><br \/>\n<span style=\"font-size: 20px;\">Es schlafen B\u00e4chlein und Seen unterm Eise,<\/span>\u00a0<span style=\"font-size: 20px;\">es tr\u00e4umt der Wald einen tiefen Traum.<\/span><br \/>\n<span style=\"font-size: 20px;\">Durch den Schnee, der leise f\u00e4llt,<\/span><br \/>\n<span style=\"font-size: 20px;\">wandern wir, wandern wir<\/span><br \/>\n<span style=\"font-size: 20px;\">durch die weite, wei\u00dfe Welt.<\/span><br \/>\n<span style=\"font-size: 20px;\">.<\/span><br \/>\n<span style=\"font-size: 20px;\">Lassen wir den Stress und die Hektik der Vorweihnachtszeit von uns abfallen<\/span>\u00a0<span style=\"font-size: 20px;\">und wenden uns bewusst der Ruhe und Stille zu. Die Natur tr\u00e4umt einen<\/span>\u00a0<span style=\"font-size: 20px;\">tiefen Traum&#8230; Sinnbild f\u00fcr Einkehr und Erneuerung.<\/span><br \/>\n<span style=\"font-size: 20px;\">Also sch\u00f6n F\u00fc\u00dfe hoch legen, ein gutes Buch lesen, oder h\u00f6chstens einen<\/span>\u00a0<span style=\"font-size: 20px;\">Spaziergang im Wald machen, auch wenn er bei uns gerade nicht wei\u00df ist.<\/span><br \/>\n<span style=\"font-size: 20px;\">.<\/span><br \/>\n<span style=\"font-size: 20px;\">von Annemarie Esser<\/span><\/p>\n","protected":false},"excerpt":{"rendered":"<p>&nbsp;<\/p>\n<\/p>\n<p>Der besinnliche Teil von Weihnachten . Es schlafen B\u00e4chlein und Seen unterm Eise,\u00a0es tr\u00e4umt der Wald einen tiefen Traum. Durch den Schnee, der leise f\u00e4llt, wandern wir, wandern wir durch die weite, wei\u00dfe Welt. . Lassen wir den Stress und die Hektik der Vorweihnachtszeit von uns abfallen\u00a0und wenden uns bewusst der Ruhe und &hellip; <\/p>\n<p><a class=\"more-link btn\" href=\"https:\/\/unser-quartier.de\/stadt-bergheim\/2018\/12\/besinnlich\/\">Weiterlesen<\/a><\/p>\n","protected":false},"author":48,"featured_media":0,"comment_status":"closed","ping_status":"closed","sticky":false,"template":"","format":"standard","meta":{"_bbp_topic_count":0,"_bbp_reply_count":0,"_bbp_total_topic_count":0,"_bbp_total_reply_count":0,"_bbp_voice_count":0,"_bbp_anonymous_reply_count":0,"_bbp_topic_count_hidden":0,"_bbp_reply_count_hidden":0,"_bbp_forum_subforum_count":0,"jetpack_post_was_ever_published":false,"_jetpack_newsletter_access":"","_jetpack_dont_email_post_to_subs":false,"_jetpack_newsletter_tier_id":0,"_jetpack_memberships_contains_paywalled_content":false,"_jetpack_memberships_contains_paid_content":false,"footnotes":""},"categories":[75],"tags":[],"class_list":["post-27278","post","type-post","status-publish","format-standard","hentry","category-buntes-brett","item-wrap"],"jetpack_sharing_enabled":true,"jetpack_featured_media_url":"","jetpack_shortlink":"https:\/\/wp.me\/p3vhfJ-75Y","jetpack_likes_enabled":true,"_links":{"self":[{"href":"https:\/\/unser-quartier.de\/stadt-bergheim\/wp-json\/wp\/v2\/posts\/27278","targetHints":{"allow":["GET"]}}],"collection":[{"href":"https:\/\/unser-quartier.de\/stadt-bergheim\/wp-json\/wp\/v2\/posts"}],"about":[{"href":"https:\/\/unser-quartier.de\/stadt-bergheim\/wp-json\/wp\/v2\/types\/post"}],"author":[{"embeddable":true,"href":"https:\/\/unser-quartier.de\/stadt-bergheim\/wp-json\/wp\/v2\/users\/48"}],"replies":[{"embeddable":true,"href":"https:\/\/unser-quartier.de\/stadt-bergheim\/wp-json\/wp\/v2\/comments?post=27278"}],"version-history":[{"count":0,"href":"https:\/\/unser-quartier.de\/stadt-bergheim\/wp-json\/wp\/v2\/posts\/27278\/revisions"}],"wp:attachment":[{"href":"https:\/\/unser-quartier.de\/stadt-bergheim\/wp-json\/wp\/v2\/media?parent=27278"}],"wp:term":[{"taxonomy":"category","embeddable":true,"href":"https:\/\/unser-quartier.de\/stadt-bergheim\/wp-json\/wp\/v2\/categories?post=27278"},{"taxonomy":"post_tag","embeddable":true,"href":"https:\/\/unser-quartier.de\/stadt-bergheim\/wp-json\/wp\/v2\/tags?post=27278"}],"curies":[{"name":"wp","href":"https:\/\/api.w.org\/{rel}","templated":true}]}}