{"id":27281,"date":"2018-12-22T13:43:40","date_gmt":"2018-12-22T12:43:40","guid":{"rendered":"https:\/\/unser-quartier.de\/stadt-bergheim\/?p=27281"},"modified":"2018-12-22T13:43:40","modified_gmt":"2018-12-22T12:43:40","slug":"die-engel","status":"publish","type":"post","link":"https:\/\/unser-quartier.de\/stadt-bergheim\/2018\/12\/die-engel\/","title":{"rendered":"Die Engel &#8230;"},"content":{"rendered":"<p><img data-recalc-dims=\"1\" loading=\"lazy\" decoding=\"async\" data-attachment-id=\"27282\" data-permalink=\"https:\/\/unser-quartier.de\/stadt-bergheim\/2018\/12\/die-engel\/27ffb72e-13c7-4783-8dea-7f271af013ab\/\" data-orig-file=\"https:\/\/i0.wp.com\/unser-quartier.de\/stadt-bergheim\/files\/2018\/12\/27FFB72E-13C7-4783-8DEA-7F271AF013AB.jpeg?fit=288%2C400&amp;ssl=1\" data-orig-size=\"288,400\" data-comments-opened=\"0\" data-image-meta=\"{&quot;aperture&quot;:&quot;0&quot;,&quot;credit&quot;:&quot;&quot;,&quot;camera&quot;:&quot;&quot;,&quot;caption&quot;:&quot;&quot;,&quot;created_timestamp&quot;:&quot;0&quot;,&quot;copyright&quot;:&quot;&quot;,&quot;focal_length&quot;:&quot;0&quot;,&quot;iso&quot;:&quot;0&quot;,&quot;shutter_speed&quot;:&quot;0&quot;,&quot;title&quot;:&quot;&quot;,&quot;orientation&quot;:&quot;0&quot;}\" data-image-title=\"27FFB72E-13C7-4783-8DEA-7F271AF013AB\" data-image-description=\"\" data-image-caption=\"\" data-medium-file=\"https:\/\/i0.wp.com\/unser-quartier.de\/stadt-bergheim\/files\/2018\/12\/27FFB72E-13C7-4783-8DEA-7F271AF013AB.jpeg?fit=216%2C300&amp;ssl=1\" data-large-file=\"https:\/\/i0.wp.com\/unser-quartier.de\/stadt-bergheim\/files\/2018\/12\/27FFB72E-13C7-4783-8DEA-7F271AF013AB.jpeg?fit=288%2C400&amp;ssl=1\" class=\"alignnone size-medium wp-image-27282\" src=\"https:\/\/i0.wp.com\/unser-quartier.de\/stadt-bergheim\/files\/2018\/12\/27FFB72E-13C7-4783-8DEA-7F271AF013AB.jpeg?resize=216%2C300&#038;ssl=1\" alt=\"\" width=\"216\" height=\"300\" srcset=\"https:\/\/i0.wp.com\/unser-quartier.de\/stadt-bergheim\/files\/2018\/12\/27FFB72E-13C7-4783-8DEA-7F271AF013AB.jpeg?resize=216%2C300&amp;ssl=1 216w, https:\/\/i0.wp.com\/unser-quartier.de\/stadt-bergheim\/files\/2018\/12\/27FFB72E-13C7-4783-8DEA-7F271AF013AB.jpeg?resize=108%2C150&amp;ssl=1 108w, https:\/\/i0.wp.com\/unser-quartier.de\/stadt-bergheim\/files\/2018\/12\/27FFB72E-13C7-4783-8DEA-7F271AF013AB.jpeg?w=288&amp;ssl=1 288w\" sizes=\"auto, (max-width: 216px) 100vw, 216px\" \/><\/p>\n<p><span style=\"font-size: 20px; font-family: arial, helvetica, sans-serif;\">Ein Engel hat immer f\u00fcr Dich Zeit, das ist der Engel der Langsamkeit. Der H\u00fcter der H\u00fchner, Besch\u00fctzer der Schnecken, hilft beim Verstehen und beim Entdecken, schenkt die Geduld, die Achtsamkeit, das Wartenk\u00f6nnen, das Lang und Breit.<\/span><br \/>\n<span style=\"font-size: 20px; font-family: arial, helvetica, sans-serif;\">Er streichelt die Katzen, bis sie schnurren, reiht Perlen zu Ketten ohne zu murren. Und wenn die Leute \u00fcber Dich lachen und sagen Du musst doch schneller machen, dann l\u00e4chelt der Engel der Langsamkeit und fl\u00fcstert leise: Lass Dir Zeit! Die Schnellen kommen nicht schneller ans Ziel. Lass den doch rennen, der rennen will!<\/span><br \/>\n<span style=\"font-size: 20px; font-family: arial, helvetica, sans-serif;\">Ein Engel hat immer f\u00fcr Dich Zeit&#8230; Er sitzt in den \u00c4sten von uralten B\u00e4umen, lehrt uns den Wolken nachzutr\u00e4umen, erz\u00e4hlt vom Anbeginn der Zeit, von Sommer und Winter, von Ewigkeit.<\/span><br \/>\n<span style=\"font-size: 20px; font-family: arial, helvetica, sans-serif;\">Ein Engel hat immer f\u00fcr Dich Zeit, das ist der Engel der Langsamkeit<\/span><\/p>\n<p>&nbsp;<\/p>\n<p>gesendet von Herr Dreyling<\/p>\n","protected":false},"excerpt":{"rendered":"<\/p>\n<p>Ein Engel hat immer f\u00fcr Dich Zeit, das ist der Engel der Langsamkeit. Der H\u00fcter der H\u00fchner, Besch\u00fctzer der Schnecken, hilft beim Verstehen und beim Entdecken, schenkt die Geduld, die Achtsamkeit, das Wartenk\u00f6nnen, das Lang und Breit. Er streichelt die Katzen, bis sie schnurren, reiht Perlen zu Ketten ohne zu murren. Und wenn die &hellip; <\/p>\n<p><a class=\"more-link btn\" href=\"https:\/\/unser-quartier.de\/stadt-bergheim\/2018\/12\/die-engel\/\">Weiterlesen<\/a><\/p>\n","protected":false},"author":48,"featured_media":27282,"comment_status":"closed","ping_status":"closed","sticky":false,"template":"","format":"standard","meta":{"_bbp_topic_count":0,"_bbp_reply_count":0,"_bbp_total_topic_count":0,"_bbp_total_reply_count":0,"_bbp_voice_count":0,"_bbp_anonymous_reply_count":0,"_bbp_topic_count_hidden":0,"_bbp_reply_count_hidden":0,"_bbp_forum_subforum_count":0,"jetpack_post_was_ever_published":false,"_jetpack_newsletter_access":"","_jetpack_dont_email_post_to_subs":false,"_jetpack_newsletter_tier_id":0,"_jetpack_memberships_contains_paywalled_content":false,"_jetpack_memberships_contains_paid_content":false,"footnotes":""},"categories":[75],"tags":[],"class_list":["post-27281","post","type-post","status-publish","format-standard","has-post-thumbnail","hentry","category-buntes-brett","item-wrap"],"jetpack_sharing_enabled":true,"jetpack_featured_media_url":"https:\/\/i0.wp.com\/unser-quartier.de\/stadt-bergheim\/files\/2018\/12\/27FFB72E-13C7-4783-8DEA-7F271AF013AB.jpeg?fit=288%2C400&ssl=1","jetpack_shortlink":"https:\/\/wp.me\/p3vhfJ-761","jetpack_likes_enabled":true,"_links":{"self":[{"href":"https:\/\/unser-quartier.de\/stadt-bergheim\/wp-json\/wp\/v2\/posts\/27281","targetHints":{"allow":["GET"]}}],"collection":[{"href":"https:\/\/unser-quartier.de\/stadt-bergheim\/wp-json\/wp\/v2\/posts"}],"about":[{"href":"https:\/\/unser-quartier.de\/stadt-bergheim\/wp-json\/wp\/v2\/types\/post"}],"author":[{"embeddable":true,"href":"https:\/\/unser-quartier.de\/stadt-bergheim\/wp-json\/wp\/v2\/users\/48"}],"replies":[{"embeddable":true,"href":"https:\/\/unser-quartier.de\/stadt-bergheim\/wp-json\/wp\/v2\/comments?post=27281"}],"version-history":[{"count":0,"href":"https:\/\/unser-quartier.de\/stadt-bergheim\/wp-json\/wp\/v2\/posts\/27281\/revisions"}],"wp:featuredmedia":[{"embeddable":true,"href":"https:\/\/unser-quartier.de\/stadt-bergheim\/wp-json\/wp\/v2\/media\/27282"}],"wp:attachment":[{"href":"https:\/\/unser-quartier.de\/stadt-bergheim\/wp-json\/wp\/v2\/media?parent=27281"}],"wp:term":[{"taxonomy":"category","embeddable":true,"href":"https:\/\/unser-quartier.de\/stadt-bergheim\/wp-json\/wp\/v2\/categories?post=27281"},{"taxonomy":"post_tag","embeddable":true,"href":"https:\/\/unser-quartier.de\/stadt-bergheim\/wp-json\/wp\/v2\/tags?post=27281"}],"curies":[{"name":"wp","href":"https:\/\/api.w.org\/{rel}","templated":true}]}}