{"id":27291,"date":"2018-12-27T00:01:12","date_gmt":"2018-12-26T23:01:12","guid":{"rendered":"https:\/\/unser-quartier.de\/stadt-bergheim\/?p=27291"},"modified":"2018-12-27T00:08:40","modified_gmt":"2018-12-26T23:08:40","slug":"zwischen-den-jahren-2","status":"publish","type":"post","link":"https:\/\/unser-quartier.de\/stadt-bergheim\/2018\/12\/zwischen-den-jahren-2\/","title":{"rendered":"Zwischen den Jahren &#8230;"},"content":{"rendered":"<p><img data-recalc-dims=\"1\" loading=\"lazy\" decoding=\"async\" data-attachment-id=\"27293\" data-permalink=\"https:\/\/unser-quartier.de\/stadt-bergheim\/2018\/12\/zwischen-den-jahren-2\/ee38379a-1b50-4513-8303-7724551bd2e0\/\" data-orig-file=\"https:\/\/i0.wp.com\/unser-quartier.de\/stadt-bergheim\/files\/2018\/12\/EE38379A-1B50-4513-8303-7724551BD2E0.jpeg?fit=960%2C640&amp;ssl=1\" data-orig-size=\"960,640\" data-comments-opened=\"0\" data-image-meta=\"{&quot;aperture&quot;:&quot;2.8&quot;,&quot;credit&quot;:&quot;&quot;,&quot;camera&quot;:&quot;NIKON D600&quot;,&quot;caption&quot;:&quot;&quot;,&quot;created_timestamp&quot;:&quot;0&quot;,&quot;copyright&quot;:&quot;&quot;,&quot;focal_length&quot;:&quot;14&quot;,&quot;iso&quot;:&quot;3200&quot;,&quot;shutter_speed&quot;:&quot;30&quot;,&quot;title&quot;:&quot;&quot;,&quot;orientation&quot;:&quot;0&quot;}\" data-image-title=\"EE38379A-1B50-4513-8303-7724551BD2E0\" data-image-description=\"\" data-image-caption=\"\" data-medium-file=\"https:\/\/i0.wp.com\/unser-quartier.de\/stadt-bergheim\/files\/2018\/12\/EE38379A-1B50-4513-8303-7724551BD2E0.jpeg?fit=300%2C200&amp;ssl=1\" data-large-file=\"https:\/\/i0.wp.com\/unser-quartier.de\/stadt-bergheim\/files\/2018\/12\/EE38379A-1B50-4513-8303-7724551BD2E0.jpeg?fit=770%2C513&amp;ssl=1\" class=\"alignnone size-medium wp-image-27293\" src=\"https:\/\/i0.wp.com\/unser-quartier.de\/stadt-bergheim\/files\/2018\/12\/EE38379A-1B50-4513-8303-7724551BD2E0.jpeg?resize=300%2C200&#038;ssl=1\" alt=\"\" width=\"300\" height=\"200\" srcset=\"https:\/\/i0.wp.com\/unser-quartier.de\/stadt-bergheim\/files\/2018\/12\/EE38379A-1B50-4513-8303-7724551BD2E0.jpeg?resize=300%2C200&amp;ssl=1 300w, https:\/\/i0.wp.com\/unser-quartier.de\/stadt-bergheim\/files\/2018\/12\/EE38379A-1B50-4513-8303-7724551BD2E0.jpeg?resize=150%2C100&amp;ssl=1 150w, https:\/\/i0.wp.com\/unser-quartier.de\/stadt-bergheim\/files\/2018\/12\/EE38379A-1B50-4513-8303-7724551BD2E0.jpeg?resize=768%2C512&amp;ssl=1 768w, https:\/\/i0.wp.com\/unser-quartier.de\/stadt-bergheim\/files\/2018\/12\/EE38379A-1B50-4513-8303-7724551BD2E0.jpeg?w=960&amp;ssl=1 960w\" sizes=\"auto, (max-width: 300px) 100vw, 300px\" \/><\/p>\n<p><span style=\"font-size: 20px; font-family: arial, helvetica, sans-serif;\"><em>Zwischen den Jahren<\/em><\/span><br \/>\n<span style=\"font-size: 20px; font-family: arial, helvetica, sans-serif;\">.<\/span><br \/>\n<span style=\"font-size: 20px; font-family: arial, helvetica, sans-serif;\">Zwischen den Jahren nennt man umgangssprachlich die Zeit zwischen<\/span>\u00a0<span style=\"font-size: 20px; font-family: arial, helvetica, sans-serif;\">Weihnachten und Silvester. Es ist eine Zeit, wo man sich etwas erholen kann<\/span>\u00a0<span style=\"font-size: 20px; font-family: arial, helvetica, sans-serif;\">von der emsigen Gesch\u00e4ftigkeit vor dem Fest. Sinnvoller Weise k\u00fcmmern wir<\/span><br \/>\n<span style=\"font-size: 20px; font-family: arial, helvetica, sans-serif;\">uns mehr um unser Wohlbefinden.<\/span><br \/>\n<span style=\"font-size: 20px; font-family: arial, helvetica, sans-serif;\">Wir erholen uns vom Druck alles p\u00fcnktlich erledigen zu m\u00fcssen, angefangen<\/span>\u00a0<span style=\"font-size: 20px; font-family: arial, helvetica, sans-serif;\">vom Backen, Basteln, alles Lupenrein zu haben, die richtigen Geschenke f\u00fcr<\/span>\u00a0<span style=\"font-size: 20px; font-family: arial, helvetica, sans-serif;\">Enkel, Kinder, Onkel Anton zu finden. Endlich kommen wir zur Ruhe und<\/span><br \/>\n<span style=\"font-size: 20px; font-family: arial, helvetica, sans-serif;\">k\u00f6nnen innehalten. Eine Zeit f\u00fcr R\u00fcckschau, Besinnung und Rituale. Tut gut<\/span>\u00a0<span style=\"font-size: 20px; font-family: arial, helvetica, sans-serif;\">sich nun einmal mit sich selbst zu besch\u00e4ftigen&#8230; Musik h\u00f6ren, ein Buch<\/span>\u00a0<span style=\"font-size: 20px; font-family: arial, helvetica, sans-serif;\">lesen, einen Brief schreiben, spazieren gehen. Prima, dass dieses Jahr<\/span>\u00a0<span style=\"font-size: 20px; font-family: arial, helvetica, sans-serif;\">g\u00fcnstig f\u00e4llt und wir einige Br\u00fcckentage haben. Jetzt nehmen wir uns vor,<\/span>\u00a0<span style=\"font-size: 20px; font-family: arial, helvetica, sans-serif;\">im neuen Jahr alles besser zu machen. Zu entschleunigen und auch mal Nein<\/span><br \/>\n<span style=\"font-size: 20px; font-family: arial, helvetica, sans-serif;\">sagen zu k\u00f6nnen.<\/span><br \/>\n<span style=\"font-size: 20px; font-family: arial, helvetica, sans-serif;\">.<\/span><br \/>\n<span style=\"font-size: 20px; font-family: arial, helvetica, sans-serif;\">von Annemarie Esser<\/span><\/p>\n","protected":false},"excerpt":{"rendered":"<\/p>\n<p>Zwischen den Jahren . Zwischen den Jahren nennt man umgangssprachlich die Zeit zwischen\u00a0Weihnachten und Silvester. Es ist eine Zeit, wo man sich etwas erholen kann\u00a0von der emsigen Gesch\u00e4ftigkeit vor dem Fest. Sinnvoller Weise k\u00fcmmern wir uns mehr um unser Wohlbefinden. Wir erholen uns vom Druck alles p\u00fcnktlich erledigen zu m\u00fcssen, angefangen\u00a0vom Backen, Basteln, alles &hellip; <\/p>\n<p><a class=\"more-link btn\" href=\"https:\/\/unser-quartier.de\/stadt-bergheim\/2018\/12\/zwischen-den-jahren-2\/\">Weiterlesen<\/a><\/p>\n","protected":false},"author":48,"featured_media":0,"comment_status":"closed","ping_status":"closed","sticky":false,"template":"","format":"standard","meta":{"_bbp_topic_count":0,"_bbp_reply_count":0,"_bbp_total_topic_count":0,"_bbp_total_reply_count":0,"_bbp_voice_count":0,"_bbp_anonymous_reply_count":0,"_bbp_topic_count_hidden":0,"_bbp_reply_count_hidden":0,"_bbp_forum_subforum_count":0,"jetpack_post_was_ever_published":false,"_jetpack_newsletter_access":"","_jetpack_dont_email_post_to_subs":false,"_jetpack_newsletter_tier_id":0,"_jetpack_memberships_contains_paywalled_content":false,"_jetpack_memberships_contains_paid_content":false,"footnotes":""},"categories":[75],"tags":[],"class_list":["post-27291","post","type-post","status-publish","format-standard","hentry","category-buntes-brett","item-wrap"],"jetpack_sharing_enabled":true,"jetpack_featured_media_url":"","jetpack_shortlink":"https:\/\/wp.me\/p3vhfJ-76b","jetpack_likes_enabled":true,"_links":{"self":[{"href":"https:\/\/unser-quartier.de\/stadt-bergheim\/wp-json\/wp\/v2\/posts\/27291","targetHints":{"allow":["GET"]}}],"collection":[{"href":"https:\/\/unser-quartier.de\/stadt-bergheim\/wp-json\/wp\/v2\/posts"}],"about":[{"href":"https:\/\/unser-quartier.de\/stadt-bergheim\/wp-json\/wp\/v2\/types\/post"}],"author":[{"embeddable":true,"href":"https:\/\/unser-quartier.de\/stadt-bergheim\/wp-json\/wp\/v2\/users\/48"}],"replies":[{"embeddable":true,"href":"https:\/\/unser-quartier.de\/stadt-bergheim\/wp-json\/wp\/v2\/comments?post=27291"}],"version-history":[{"count":0,"href":"https:\/\/unser-quartier.de\/stadt-bergheim\/wp-json\/wp\/v2\/posts\/27291\/revisions"}],"wp:attachment":[{"href":"https:\/\/unser-quartier.de\/stadt-bergheim\/wp-json\/wp\/v2\/media?parent=27291"}],"wp:term":[{"taxonomy":"category","embeddable":true,"href":"https:\/\/unser-quartier.de\/stadt-bergheim\/wp-json\/wp\/v2\/categories?post=27291"},{"taxonomy":"post_tag","embeddable":true,"href":"https:\/\/unser-quartier.de\/stadt-bergheim\/wp-json\/wp\/v2\/tags?post=27291"}],"curies":[{"name":"wp","href":"https:\/\/api.w.org\/{rel}","templated":true}]}}