{"id":27295,"date":"2018-12-28T00:01:44","date_gmt":"2018-12-27T23:01:44","guid":{"rendered":"https:\/\/unser-quartier.de\/stadt-bergheim\/?p=27295"},"modified":"2018-12-26T21:51:13","modified_gmt":"2018-12-26T20:51:13","slug":"abends","status":"publish","type":"post","link":"https:\/\/unser-quartier.de\/stadt-bergheim\/2018\/12\/abends\/","title":{"rendered":"Abends &#8230;"},"content":{"rendered":"<p><span style=\"font-size: 20px;\"><span style=\"font-family: arial, helvetica, sans-serif;\"><img data-recalc-dims=\"1\" loading=\"lazy\" decoding=\"async\" data-attachment-id=\"27296\" data-permalink=\"https:\/\/unser-quartier.de\/stadt-bergheim\/2018\/12\/abends\/eda5e961-8138-4d74-9b29-2dd3e8afc639\/\" data-orig-file=\"https:\/\/i0.wp.com\/unser-quartier.de\/stadt-bergheim\/files\/2018\/12\/EDA5E961-8138-4D74-9B29-2DD3E8AFC639.jpeg?fit=960%2C642&amp;ssl=1\" data-orig-size=\"960,642\" data-comments-opened=\"0\" data-image-meta=\"{&quot;aperture&quot;:&quot;4.8&quot;,&quot;credit&quot;:&quot;&quot;,&quot;camera&quot;:&quot;NIKON D3000&quot;,&quot;caption&quot;:&quot;&quot;,&quot;created_timestamp&quot;:&quot;0&quot;,&quot;copyright&quot;:&quot;&quot;,&quot;focal_length&quot;:&quot;32&quot;,&quot;iso&quot;:&quot;100&quot;,&quot;shutter_speed&quot;:&quot;0.008&quot;,&quot;title&quot;:&quot;&quot;,&quot;orientation&quot;:&quot;0&quot;}\" data-image-title=\"EDA5E961-8138-4D74-9B29-2DD3E8AFC639\" data-image-description=\"\" data-image-caption=\"\" data-medium-file=\"https:\/\/i0.wp.com\/unser-quartier.de\/stadt-bergheim\/files\/2018\/12\/EDA5E961-8138-4D74-9B29-2DD3E8AFC639.jpeg?fit=300%2C201&amp;ssl=1\" data-large-file=\"https:\/\/i0.wp.com\/unser-quartier.de\/stadt-bergheim\/files\/2018\/12\/EDA5E961-8138-4D74-9B29-2DD3E8AFC639.jpeg?fit=770%2C515&amp;ssl=1\" class=\"alignnone size-medium wp-image-27296\" src=\"https:\/\/i0.wp.com\/unser-quartier.de\/stadt-bergheim\/files\/2018\/12\/EDA5E961-8138-4D74-9B29-2DD3E8AFC639.jpeg?resize=300%2C201&#038;ssl=1\" alt=\"\" width=\"300\" height=\"201\" srcset=\"https:\/\/i0.wp.com\/unser-quartier.de\/stadt-bergheim\/files\/2018\/12\/EDA5E961-8138-4D74-9B29-2DD3E8AFC639.jpeg?resize=300%2C201&amp;ssl=1 300w, https:\/\/i0.wp.com\/unser-quartier.de\/stadt-bergheim\/files\/2018\/12\/EDA5E961-8138-4D74-9B29-2DD3E8AFC639.jpeg?resize=150%2C100&amp;ssl=1 150w, https:\/\/i0.wp.com\/unser-quartier.de\/stadt-bergheim\/files\/2018\/12\/EDA5E961-8138-4D74-9B29-2DD3E8AFC639.jpeg?resize=768%2C514&amp;ssl=1 768w, https:\/\/i0.wp.com\/unser-quartier.de\/stadt-bergheim\/files\/2018\/12\/EDA5E961-8138-4D74-9B29-2DD3E8AFC639.jpeg?w=960&amp;ssl=1 960w\" sizes=\"auto, (max-width: 300px) 100vw, 300px\" \/><\/span><\/span><\/p>\n<p><span style=\"font-size: 20px;\"><em>Abends nicht zu \u00fcppig essen<\/em><\/span><br \/>\n<span style=\"font-size: 20px;\">.<\/span><br \/>\n<span style=\"font-size: 20px;\">Wer gelegentlich am Abend schlemmt, braucht nicht unbedingt ein schlechtes\u00a0<\/span><span style=\"font-size: 20px;\">Gewissen zu haben. Entscheidend ist, was Sie am gesamten Tag zu sich<\/span><span>\u00a0<\/span><span style=\"font-size: 20px;\">genommen haben.<\/span><span>\u00a0<\/span><span style=\"font-size: 20px;\">Trotzdem ist es empfehlenswert, bestimmte Lebensmittel und Speisen nicht<\/span><br \/>\n<span style=\"font-size: 20px;\">direkt vor dem Zubettgehen zu essen.<\/span><span>\u00a0<\/span><span style=\"font-size: 20px;\">Vor allem Fett liegt schwer im Magen, aber auch rohes Gem\u00fcse, Obst und<\/span><span>\u00a0<\/span><span style=\"font-size: 20px;\">Salat lassen uns schlechter schlafen.<\/span><span>\u00a0<\/span><span style=\"font-size: 20px;\">Ein gesundes, leichtes und leicht zu verdauendes warmes Abendessen w\u00e4re zum<\/span><span>\u00a0<\/span><span style=\"font-size: 20px;\">Beispiel etwas im Ofen ged\u00fcnstetes Gem\u00fcse mit einem Dip nach Belieben,<\/span><br \/>\n<span style=\"font-size: 20px;\">eventuell mit einer kleinen Fleisch- oder Fischbeilage.<\/span><\/p>\n<p><span style=\"font-size: 20px;\">Eine solche leichte und vitaminreiche Mahlzeit enth\u00e4lt wenig Kohlehydrate,<\/span><span>\u00a0<\/span><span style=\"font-size: 20px;\">aber hochwertiges Eiwei\u00df.<\/span><span>\u00a0<\/span><span style=\"font-size: 20px;\">Und wenn Sie doch einmal \u00fcber die Str\u00e4nge geschlagen haben, einfach am<\/span><br \/>\n<span style=\"font-size: 20px;\">n\u00e4chsten Morgen das Fr\u00fchst\u00fcck ausfallen lassen.<\/span><br \/>\n<span style=\"font-size: 20px;\">.<\/span><br \/>\n<span style=\"font-size: 20px;\">von Gertrud Breuer<\/span><\/p>\n","protected":false},"excerpt":{"rendered":"<\/p>\n<p>Abends nicht zu \u00fcppig essen . Wer gelegentlich am Abend schlemmt, braucht nicht unbedingt ein schlechtes\u00a0Gewissen zu haben. Entscheidend ist, was Sie am gesamten Tag zu sich\u00a0genommen haben.\u00a0Trotzdem ist es empfehlenswert, bestimmte Lebensmittel und Speisen nicht direkt vor dem Zubettgehen zu essen.\u00a0Vor allem Fett liegt schwer im Magen, aber auch rohes Gem\u00fcse, Obst und\u00a0Salat &hellip; <\/p>\n<p><a class=\"more-link btn\" href=\"https:\/\/unser-quartier.de\/stadt-bergheim\/2018\/12\/abends\/\">Weiterlesen<\/a><\/p>\n","protected":false},"author":48,"featured_media":0,"comment_status":"closed","ping_status":"closed","sticky":false,"template":"","format":"standard","meta":{"_bbp_topic_count":0,"_bbp_reply_count":0,"_bbp_total_topic_count":0,"_bbp_total_reply_count":0,"_bbp_voice_count":0,"_bbp_anonymous_reply_count":0,"_bbp_topic_count_hidden":0,"_bbp_reply_count_hidden":0,"_bbp_forum_subforum_count":0,"jetpack_post_was_ever_published":false,"_jetpack_newsletter_access":"","_jetpack_dont_email_post_to_subs":false,"_jetpack_newsletter_tier_id":0,"_jetpack_memberships_contains_paywalled_content":false,"_jetpack_memberships_contains_paid_content":false,"footnotes":""},"categories":[75],"tags":[],"class_list":["post-27295","post","type-post","status-publish","format-standard","hentry","category-buntes-brett","item-wrap"],"jetpack_sharing_enabled":true,"jetpack_featured_media_url":"","jetpack_shortlink":"https:\/\/wp.me\/s3vhfJ-abends","jetpack_likes_enabled":true,"_links":{"self":[{"href":"https:\/\/unser-quartier.de\/stadt-bergheim\/wp-json\/wp\/v2\/posts\/27295","targetHints":{"allow":["GET"]}}],"collection":[{"href":"https:\/\/unser-quartier.de\/stadt-bergheim\/wp-json\/wp\/v2\/posts"}],"about":[{"href":"https:\/\/unser-quartier.de\/stadt-bergheim\/wp-json\/wp\/v2\/types\/post"}],"author":[{"embeddable":true,"href":"https:\/\/unser-quartier.de\/stadt-bergheim\/wp-json\/wp\/v2\/users\/48"}],"replies":[{"embeddable":true,"href":"https:\/\/unser-quartier.de\/stadt-bergheim\/wp-json\/wp\/v2\/comments?post=27295"}],"version-history":[{"count":0,"href":"https:\/\/unser-quartier.de\/stadt-bergheim\/wp-json\/wp\/v2\/posts\/27295\/revisions"}],"wp:attachment":[{"href":"https:\/\/unser-quartier.de\/stadt-bergheim\/wp-json\/wp\/v2\/media?parent=27295"}],"wp:term":[{"taxonomy":"category","embeddable":true,"href":"https:\/\/unser-quartier.de\/stadt-bergheim\/wp-json\/wp\/v2\/categories?post=27295"},{"taxonomy":"post_tag","embeddable":true,"href":"https:\/\/unser-quartier.de\/stadt-bergheim\/wp-json\/wp\/v2\/tags?post=27295"}],"curies":[{"name":"wp","href":"https:\/\/api.w.org\/{rel}","templated":true}]}}