{"id":27306,"date":"2018-12-29T00:01:12","date_gmt":"2018-12-28T23:01:12","guid":{"rendered":"https:\/\/unser-quartier.de\/stadt-bergheim\/?p=27306"},"modified":"2018-12-28T20:59:24","modified_gmt":"2018-12-28T19:59:24","slug":"tipp-bratapfelmarmelade","status":"publish","type":"post","link":"https:\/\/unser-quartier.de\/stadt-bergheim\/2018\/12\/tipp-bratapfelmarmelade\/","title":{"rendered":"Tipp: Bratapfelmarmelade &#8230;"},"content":{"rendered":"<p><span style=\"font-size: 20px; font-family: arial, helvetica, sans-serif;\"><em>Bratapfelmarmelade<\/em><\/span><br \/>\n<span style=\"font-size: 20px; font-family: arial, helvetica, sans-serif;\">.<\/span><\/p>\n<p><span style=\"font-size: 20px;\">Zutaten:<span style=\"font-family: arial, helvetica, sans-serif;\"><br \/>\n750 g Boskoop \u00c4pfel<br \/>\n1 EL Vollrohrzucker oder Erifly<br \/>\n250 ml naturtr\u00fcben Apfelsaft<br \/>\n1 daumengro\u00dfes St\u00fcck Ingwer<br \/>\n3 Zimtstangen<br \/>\n2 Sternanis<br \/>\n1\/2 TL Vanille<br \/>\n1 Zitrone<br \/>\n500 g Gelierzucker<br \/>\n2 Tropfen Bittermandel\u00f6l<br \/>\n.<br \/>\nZubereitung:<br \/>\n\u00c4pfel sch\u00e4len und entkernen, in W\u00fcrfel schneiden.\u00a0Den Rohrzucker in einem Topf leicht karamelisieren lassen, den Saft und die\u00a0Apfelst\u00fccke dazu geben.<br \/>\nDie Zitrone entsaften. Ingwer fein reiben und zusammen mit Zimt, Sternanis,\u00a0Vanille und dem Zitronensaft zur Apfelmischung geben. 10 Min k\u00f6cheln lassen.<br \/>\nDen Gelierzucker dazugeben und weitere 3 Min kochen lassen.<br \/>\nDen Topf vom Herd nehmen und das Bittermandel\u00f6l hinzugeben&#8230; Zimtstangen\u00a0und Sternanis entfernen.\u00a0Die hei\u00dfe Marmelade in sterilisierte Gl\u00e4ser f\u00fcllen und diese auf den Kopf\u00a0stellen, damit ein Vakuum entsteht.<br \/>\n.<br \/>\nSchmeckt auch nach Weihnachten k\u00f6stlich!<\/span><\/span><\/p>\n<p><span style=\"font-size: 20px; font-family: arial, helvetica, sans-serif;\"><br \/>\nvon Gertrud Breuer<\/span><\/p>\n<p>&nbsp;<\/p>\n","protected":false},"excerpt":{"rendered":"<p>Bratapfelmarmelade .<\/p>\n<p>Zutaten: 750 g Boskoop \u00c4pfel 1 EL Vollrohrzucker oder Erifly 250 ml naturtr\u00fcben Apfelsaft 1 daumengro\u00dfes St\u00fcck Ingwer 3 Zimtstangen 2 Sternanis 1\/2 TL Vanille 1 Zitrone 500 g Gelierzucker 2 Tropfen Bittermandel\u00f6l . Zubereitung: \u00c4pfel sch\u00e4len und entkernen, in W\u00fcrfel schneiden.\u00a0Den Rohrzucker in einem Topf leicht karamelisieren lassen, den Saft und die\u00a0Apfelst\u00fccke &hellip; <\/p>\n<p><a class=\"more-link btn\" href=\"https:\/\/unser-quartier.de\/stadt-bergheim\/2018\/12\/tipp-bratapfelmarmelade\/\">Weiterlesen<\/a><\/p>\n","protected":false},"author":48,"featured_media":0,"comment_status":"closed","ping_status":"closed","sticky":false,"template":"","format":"standard","meta":{"_bbp_topic_count":0,"_bbp_reply_count":0,"_bbp_total_topic_count":0,"_bbp_total_reply_count":0,"_bbp_voice_count":0,"_bbp_anonymous_reply_count":0,"_bbp_topic_count_hidden":0,"_bbp_reply_count_hidden":0,"_bbp_forum_subforum_count":0,"jetpack_post_was_ever_published":false,"_jetpack_newsletter_access":"","_jetpack_dont_email_post_to_subs":false,"_jetpack_newsletter_tier_id":0,"_jetpack_memberships_contains_paywalled_content":false,"_jetpack_memberships_contains_paid_content":false,"footnotes":""},"categories":[72],"tags":[],"class_list":["post-27306","post","type-post","status-publish","format-standard","hentry","category-tipps","item-wrap"],"jetpack_sharing_enabled":true,"jetpack_featured_media_url":"","jetpack_shortlink":"https:\/\/wp.me\/p3vhfJ-76q","jetpack_likes_enabled":true,"_links":{"self":[{"href":"https:\/\/unser-quartier.de\/stadt-bergheim\/wp-json\/wp\/v2\/posts\/27306","targetHints":{"allow":["GET"]}}],"collection":[{"href":"https:\/\/unser-quartier.de\/stadt-bergheim\/wp-json\/wp\/v2\/posts"}],"about":[{"href":"https:\/\/unser-quartier.de\/stadt-bergheim\/wp-json\/wp\/v2\/types\/post"}],"author":[{"embeddable":true,"href":"https:\/\/unser-quartier.de\/stadt-bergheim\/wp-json\/wp\/v2\/users\/48"}],"replies":[{"embeddable":true,"href":"https:\/\/unser-quartier.de\/stadt-bergheim\/wp-json\/wp\/v2\/comments?post=27306"}],"version-history":[{"count":0,"href":"https:\/\/unser-quartier.de\/stadt-bergheim\/wp-json\/wp\/v2\/posts\/27306\/revisions"}],"wp:attachment":[{"href":"https:\/\/unser-quartier.de\/stadt-bergheim\/wp-json\/wp\/v2\/media?parent=27306"}],"wp:term":[{"taxonomy":"category","embeddable":true,"href":"https:\/\/unser-quartier.de\/stadt-bergheim\/wp-json\/wp\/v2\/categories?post=27306"},{"taxonomy":"post_tag","embeddable":true,"href":"https:\/\/unser-quartier.de\/stadt-bergheim\/wp-json\/wp\/v2\/tags?post=27306"}],"curies":[{"name":"wp","href":"https:\/\/api.w.org\/{rel}","templated":true}]}}