{"id":27316,"date":"2019-01-01T00:01:09","date_gmt":"2018-12-31T23:01:09","guid":{"rendered":"https:\/\/unser-quartier.de\/stadt-bergheim\/?p=27316"},"modified":"2018-12-30T19:41:47","modified_gmt":"2018-12-30T18:41:47","slug":"schon-plaene-fuer-das-neue-jahr","status":"publish","type":"post","link":"https:\/\/unser-quartier.de\/stadt-bergheim\/2019\/01\/schon-plaene-fuer-das-neue-jahr\/","title":{"rendered":"Schon Pl\u00e4ne f\u00fcr das neue Jahr?"},"content":{"rendered":"<p><span style=\"font-size: 20px; font-family: arial, helvetica, sans-serif;\"><img data-recalc-dims=\"1\" loading=\"lazy\" decoding=\"async\" data-attachment-id=\"27318\" data-permalink=\"https:\/\/unser-quartier.de\/stadt-bergheim\/2019\/01\/schon-plaene-fuer-das-neue-jahr\/8d33eafd-46ce-499f-a73f-a9176e52d868\/\" data-orig-file=\"https:\/\/i0.wp.com\/unser-quartier.de\/stadt-bergheim\/files\/2018\/12\/8D33EAFD-46CE-499F-A73F-A9176E52D868.jpeg?fit=600%2C340&amp;ssl=1\" data-orig-size=\"600,340\" data-comments-opened=\"0\" data-image-meta=\"{&quot;aperture&quot;:&quot;0&quot;,&quot;credit&quot;:&quot;&quot;,&quot;camera&quot;:&quot;&quot;,&quot;caption&quot;:&quot;&quot;,&quot;created_timestamp&quot;:&quot;0&quot;,&quot;copyright&quot;:&quot;&quot;,&quot;focal_length&quot;:&quot;0&quot;,&quot;iso&quot;:&quot;0&quot;,&quot;shutter_speed&quot;:&quot;0&quot;,&quot;title&quot;:&quot;&quot;,&quot;orientation&quot;:&quot;0&quot;}\" data-image-title=\"8D33EAFD-46CE-499F-A73F-A9176E52D868\" data-image-description=\"\" data-image-caption=\"\" data-medium-file=\"https:\/\/i0.wp.com\/unser-quartier.de\/stadt-bergheim\/files\/2018\/12\/8D33EAFD-46CE-499F-A73F-A9176E52D868.jpeg?fit=300%2C170&amp;ssl=1\" data-large-file=\"https:\/\/i0.wp.com\/unser-quartier.de\/stadt-bergheim\/files\/2018\/12\/8D33EAFD-46CE-499F-A73F-A9176E52D868.jpeg?fit=600%2C340&amp;ssl=1\" class=\"alignnone size-medium wp-image-27318\" src=\"https:\/\/i0.wp.com\/unser-quartier.de\/stadt-bergheim\/files\/2018\/12\/8D33EAFD-46CE-499F-A73F-A9176E52D868.jpeg?resize=300%2C170&#038;ssl=1\" alt=\"\" width=\"300\" height=\"170\" srcset=\"https:\/\/i0.wp.com\/unser-quartier.de\/stadt-bergheim\/files\/2018\/12\/8D33EAFD-46CE-499F-A73F-A9176E52D868.jpeg?resize=300%2C170&amp;ssl=1 300w, https:\/\/i0.wp.com\/unser-quartier.de\/stadt-bergheim\/files\/2018\/12\/8D33EAFD-46CE-499F-A73F-A9176E52D868.jpeg?resize=150%2C85&amp;ssl=1 150w, https:\/\/i0.wp.com\/unser-quartier.de\/stadt-bergheim\/files\/2018\/12\/8D33EAFD-46CE-499F-A73F-A9176E52D868.jpeg?w=600&amp;ssl=1 600w\" sizes=\"auto, (max-width: 300px) 100vw, 300px\" \/><\/span><\/p>\n<p><span style=\"font-size: 20px; font-family: arial, helvetica, sans-serif;\"><em>Schon Pl\u00e4ne f\u00fcr das neue Jahr?<\/em><\/span><br \/>\n<span style=\"font-size: 20px; font-family: arial, helvetica, sans-serif;\">.<\/span><br \/>\n<span style=\"font-size: 20px; font-family: arial, helvetica, sans-serif;\">Wie w\u00e4re es mit:<\/span><br \/>\n<span style=\"font-size: 20px; font-family: arial, helvetica, sans-serif;\">\u00d6fter mal etwas Verr\u00fccktes zu tun?<\/span><br \/>\n<span style=\"font-size: 20px; font-family: arial, helvetica, sans-serif;\">Etwas Neues zu lernen und auszuprobieren?<\/span>\u00a0\u00a0<span style=\"font-size: 20px; font-family: arial, helvetica, sans-serif;\">\u00d6fter mal innezuhalten&#8230; zu genie\u00dfen&#8230; zu lachen,<\/span>\u00a0<span style=\"font-size: 20px; font-family: arial, helvetica, sans-serif;\">knuddeln, l\u00e4cheln, lieben?<\/span><br \/>\n<span style=\"font-size: 20px; font-family: arial, helvetica, sans-serif;\">.<\/span><br \/>\n<span style=\"font-size: 20px; font-family: arial, helvetica, sans-serif;\">Oder hast Du etwas Besseres vor?<\/span><br \/>\n<span style=\"font-size: 20px; font-family: arial, helvetica, sans-serif;\">.<\/span><br \/>\n<span style=\"font-size: 20px; font-family: arial, helvetica, sans-serif;\">von Helga-Agnes Cubitzki<\/span><\/p>\n","protected":false},"excerpt":{"rendered":"<\/p>\n<p>Schon Pl\u00e4ne f\u00fcr das neue Jahr? . Wie w\u00e4re es mit: \u00d6fter mal etwas Verr\u00fccktes zu tun? Etwas Neues zu lernen und auszuprobieren?\u00a0\u00a0\u00d6fter mal innezuhalten&#8230; zu genie\u00dfen&#8230; zu lachen,\u00a0knuddeln, l\u00e4cheln, lieben? . Oder hast Du etwas Besseres vor? . von Helga-Agnes Cubitzki<\/p>\n","protected":false},"author":48,"featured_media":0,"comment_status":"closed","ping_status":"closed","sticky":false,"template":"","format":"standard","meta":{"_bbp_topic_count":0,"_bbp_reply_count":0,"_bbp_total_topic_count":0,"_bbp_total_reply_count":0,"_bbp_voice_count":0,"_bbp_anonymous_reply_count":0,"_bbp_topic_count_hidden":0,"_bbp_reply_count_hidden":0,"_bbp_forum_subforum_count":0,"jetpack_post_was_ever_published":false,"_jetpack_newsletter_access":"","_jetpack_dont_email_post_to_subs":false,"_jetpack_newsletter_tier_id":0,"_jetpack_memberships_contains_paywalled_content":false,"_jetpack_memberships_contains_paid_content":false,"footnotes":""},"categories":[75],"tags":[],"class_list":["post-27316","post","type-post","status-publish","format-standard","hentry","category-buntes-brett","item-wrap"],"jetpack_sharing_enabled":true,"jetpack_featured_media_url":"","jetpack_shortlink":"https:\/\/wp.me\/p3vhfJ-76A","jetpack_likes_enabled":true,"_links":{"self":[{"href":"https:\/\/unser-quartier.de\/stadt-bergheim\/wp-json\/wp\/v2\/posts\/27316","targetHints":{"allow":["GET"]}}],"collection":[{"href":"https:\/\/unser-quartier.de\/stadt-bergheim\/wp-json\/wp\/v2\/posts"}],"about":[{"href":"https:\/\/unser-quartier.de\/stadt-bergheim\/wp-json\/wp\/v2\/types\/post"}],"author":[{"embeddable":true,"href":"https:\/\/unser-quartier.de\/stadt-bergheim\/wp-json\/wp\/v2\/users\/48"}],"replies":[{"embeddable":true,"href":"https:\/\/unser-quartier.de\/stadt-bergheim\/wp-json\/wp\/v2\/comments?post=27316"}],"version-history":[{"count":0,"href":"https:\/\/unser-quartier.de\/stadt-bergheim\/wp-json\/wp\/v2\/posts\/27316\/revisions"}],"wp:attachment":[{"href":"https:\/\/unser-quartier.de\/stadt-bergheim\/wp-json\/wp\/v2\/media?parent=27316"}],"wp:term":[{"taxonomy":"category","embeddable":true,"href":"https:\/\/unser-quartier.de\/stadt-bergheim\/wp-json\/wp\/v2\/categories?post=27316"},{"taxonomy":"post_tag","embeddable":true,"href":"https:\/\/unser-quartier.de\/stadt-bergheim\/wp-json\/wp\/v2\/tags?post=27316"}],"curies":[{"name":"wp","href":"https:\/\/api.w.org\/{rel}","templated":true}]}}