{"id":27409,"date":"2019-01-01T12:01:53","date_gmt":"2019-01-01T11:01:53","guid":{"rendered":"https:\/\/unser-quartier.de\/stadt-bergheim\/?p=27409"},"modified":"2019-12-30T21:07:16","modified_gmt":"2019-12-30T20:07:16","slug":"mein-silvester-erlebnis","status":"publish","type":"post","link":"https:\/\/unser-quartier.de\/stadt-bergheim\/2019\/01\/mein-silvester-erlebnis\/","title":{"rendered":"Mein Silvester Erlebnis &#8230;"},"content":{"rendered":"<p><img data-recalc-dims=\"1\" loading=\"lazy\" decoding=\"async\" data-attachment-id=\"27410\" data-permalink=\"https:\/\/unser-quartier.de\/stadt-bergheim\/2019\/01\/mein-silvester-erlebnis\/30c0f328-593e-4874-89cf-dee03913061b\/\" data-orig-file=\"https:\/\/i0.wp.com\/unser-quartier.de\/stadt-bergheim\/files\/2019\/01\/30C0F328-593E-4874-89CF-DEE03913061B.jpeg?fit=533%2C340&amp;ssl=1\" data-orig-size=\"533,340\" data-comments-opened=\"0\" data-image-meta=\"{&quot;aperture&quot;:&quot;0&quot;,&quot;credit&quot;:&quot;&quot;,&quot;camera&quot;:&quot;&quot;,&quot;caption&quot;:&quot;&quot;,&quot;created_timestamp&quot;:&quot;0&quot;,&quot;copyright&quot;:&quot;&quot;,&quot;focal_length&quot;:&quot;0&quot;,&quot;iso&quot;:&quot;0&quot;,&quot;shutter_speed&quot;:&quot;0&quot;,&quot;title&quot;:&quot;&quot;,&quot;orientation&quot;:&quot;0&quot;}\" data-image-title=\"30C0F328-593E-4874-89CF-DEE03913061B\" data-image-description=\"\" data-image-caption=\"\" data-medium-file=\"https:\/\/i0.wp.com\/unser-quartier.de\/stadt-bergheim\/files\/2019\/01\/30C0F328-593E-4874-89CF-DEE03913061B.jpeg?fit=300%2C191&amp;ssl=1\" data-large-file=\"https:\/\/i0.wp.com\/unser-quartier.de\/stadt-bergheim\/files\/2019\/01\/30C0F328-593E-4874-89CF-DEE03913061B.jpeg?fit=533%2C340&amp;ssl=1\" class=\"alignnone size-medium wp-image-27410\" src=\"https:\/\/i0.wp.com\/unser-quartier.de\/stadt-bergheim\/files\/2019\/01\/30C0F328-593E-4874-89CF-DEE03913061B.jpeg?resize=300%2C191&#038;ssl=1\" alt=\"\" width=\"300\" height=\"191\" srcset=\"https:\/\/i0.wp.com\/unser-quartier.de\/stadt-bergheim\/files\/2019\/01\/30C0F328-593E-4874-89CF-DEE03913061B.jpeg?resize=300%2C191&amp;ssl=1 300w, https:\/\/i0.wp.com\/unser-quartier.de\/stadt-bergheim\/files\/2019\/01\/30C0F328-593E-4874-89CF-DEE03913061B.jpeg?resize=150%2C96&amp;ssl=1 150w, https:\/\/i0.wp.com\/unser-quartier.de\/stadt-bergheim\/files\/2019\/01\/30C0F328-593E-4874-89CF-DEE03913061B.jpeg?w=533&amp;ssl=1 533w\" sizes=\"auto, (max-width: 300px) 100vw, 300px\" \/><\/p>\n<p><span style=\"font-size: 20px;font-family: arial, helvetica, sans-serif\"><em>Mein Silvester Erlebnis<\/em><br \/>\n.<br \/>\nEigentlich mache ich mir nichts aus Silvester, aber in diesem Jahr hatte<br \/>\nich eine Einladung von guten Freunden bekommen und so beschloss ich, diesen\u00a0Jahreswechsel zu feiern. Ich probierte das kleine Schwarze an&#8230; und Gott\u00a0sei Dank, es passte noch. Ein bisschen Make-up, etwas Schmuck, ich f\u00fchlte\u00a0mich ganz gut. Das Auto lie\u00df ich zu Hause, denn nat\u00fcrlich wollte ich\u00a0Mitternacht mit den anderen ansto\u00dfen. Also den warmen Mantel mit Schal und<br \/>\nHandschuhen angezogen, die M\u00fctze kam erstmal in die Tasche, damit meine\u00a0Frisur nicht ruiniert werden sollte, so fuhr ich mit dem Bus zum\u00a0Nachbarort. Zum Empfang gab es gleich ein Glas Sekt und ich freute mich,\u00a0dass ich viele der G\u00e4ste kannte. &#8220;Na dann Prost&#8221;, sagte eine eine tiefe\u00a0Stimme neben mir. Ich drehte mich um und sah einen sympathischen Mann mit<br \/>\neinem sehr charmanten L\u00e4cheln. &#8220;Ich hei\u00dfe Peter&#8221;, f\u00fcgte er hinzu. Ich war\u00a0recht angetan von seiner warmen Stimme und den freundlichen Augen. Ich<br \/>\nstellte mich ebenfalls vor und irgendwie hatten wir gleich einen guten\u00a0Draht. Wir unterhielten uns sehr angeregt, wir tranken das ein oder andere\u00a0Gl\u00e4schen Sekt und ich f\u00fchlte mich sehr beschwingt. Um Mitternacht w\u00fcnschten\u00a0sich alle Gl\u00fcck und wir gingen auf die Stra\u00dfe, um das Feuerwerk anzusehen.\u00a0Als ich in die kalte Luft kam merkte ich, dass ich ziemlich beschwipst war.\u00a0In meinem Kopf drehte ein Karussell. Auf dem nassen Gehweg geriet ich ins<br \/>\nSchlingern und ich landete kopf\u00fcber in einem gro\u00dfen Laubhaufen. Es muss\u00a0wohl recht komisch ausgesehen haben, als ich mit Armen und Beinen ruderte,<br \/>\naber nicht hoch kam, denn die \u00fcbrigen G\u00e4ste lachten schallend.<br \/>\nDas neue Jahr fing ja gut an&#8230; meine Frisur war zerst\u00f6rt, das Make-up\u00a0verschmiert, der Mantel schmutzig und ein Absatz abgebrochen. Ich h\u00e4tte<br \/>\nmich am liebsten in Luft aufgel\u00f6st. Da f\u00fchlte ich zwei starke Arme, die<br \/>\nmich hochhoben und eine Stimme raunte mir ins Ohr:\u00a0Komm, lass uns ansto\u00dfen auf ein gl\u00fcckliches Jahr, auf einen Neuanfang und<br \/>\nvielleicht auf die Liebe.&#8221;<br \/>\n.<br \/>\nvon Reni Petersen<\/span><\/p>\n","protected":false},"excerpt":{"rendered":"<\/p>\n<p>Mein Silvester Erlebnis . Eigentlich mache ich mir nichts aus Silvester, aber in diesem Jahr hatte ich eine Einladung von guten Freunden bekommen und so beschloss ich, diesen\u00a0Jahreswechsel zu feiern. Ich probierte das kleine Schwarze an&#8230; und Gott\u00a0sei Dank, es passte noch. Ein bisschen Make-up, etwas Schmuck, ich f\u00fchlte\u00a0mich ganz gut. Das Auto lie\u00df &hellip; <\/p>\n<p><a class=\"more-link btn\" href=\"https:\/\/unser-quartier.de\/stadt-bergheim\/2019\/01\/mein-silvester-erlebnis\/\">Weiterlesen<\/a><\/p>\n","protected":false},"author":48,"featured_media":0,"comment_status":"closed","ping_status":"closed","sticky":false,"template":"","format":"standard","meta":{"_bbp_topic_count":0,"_bbp_reply_count":0,"_bbp_total_topic_count":0,"_bbp_total_reply_count":0,"_bbp_voice_count":0,"_bbp_anonymous_reply_count":0,"_bbp_topic_count_hidden":0,"_bbp_reply_count_hidden":0,"_bbp_forum_subforum_count":0,"jetpack_post_was_ever_published":false,"_jetpack_newsletter_access":"","_jetpack_dont_email_post_to_subs":false,"_jetpack_newsletter_tier_id":0,"_jetpack_memberships_contains_paywalled_content":false,"_jetpack_memberships_contains_paid_content":false,"footnotes":""},"categories":[75],"tags":[],"class_list":["post-27409","post","type-post","status-publish","format-standard","hentry","category-buntes-brett","item-wrap"],"jetpack_sharing_enabled":true,"jetpack_featured_media_url":"","jetpack_shortlink":"https:\/\/wp.me\/p3vhfJ-785","jetpack_likes_enabled":true,"_links":{"self":[{"href":"https:\/\/unser-quartier.de\/stadt-bergheim\/wp-json\/wp\/v2\/posts\/27409","targetHints":{"allow":["GET"]}}],"collection":[{"href":"https:\/\/unser-quartier.de\/stadt-bergheim\/wp-json\/wp\/v2\/posts"}],"about":[{"href":"https:\/\/unser-quartier.de\/stadt-bergheim\/wp-json\/wp\/v2\/types\/post"}],"author":[{"embeddable":true,"href":"https:\/\/unser-quartier.de\/stadt-bergheim\/wp-json\/wp\/v2\/users\/48"}],"replies":[{"embeddable":true,"href":"https:\/\/unser-quartier.de\/stadt-bergheim\/wp-json\/wp\/v2\/comments?post=27409"}],"version-history":[{"count":0,"href":"https:\/\/unser-quartier.de\/stadt-bergheim\/wp-json\/wp\/v2\/posts\/27409\/revisions"}],"wp:attachment":[{"href":"https:\/\/unser-quartier.de\/stadt-bergheim\/wp-json\/wp\/v2\/media?parent=27409"}],"wp:term":[{"taxonomy":"category","embeddable":true,"href":"https:\/\/unser-quartier.de\/stadt-bergheim\/wp-json\/wp\/v2\/categories?post=27409"},{"taxonomy":"post_tag","embeddable":true,"href":"https:\/\/unser-quartier.de\/stadt-bergheim\/wp-json\/wp\/v2\/tags?post=27409"}],"curies":[{"name":"wp","href":"https:\/\/api.w.org\/{rel}","templated":true}]}}