{"id":27412,"date":"2019-01-12T10:35:24","date_gmt":"2019-01-12T09:35:24","guid":{"rendered":"https:\/\/unser-quartier.de\/stadt-bergheim\/?p=27412"},"modified":"2019-01-12T10:39:33","modified_gmt":"2019-01-12T09:39:33","slug":"kulturwind-spezial","status":"publish","type":"post","link":"https:\/\/unser-quartier.de\/stadt-bergheim\/2019\/01\/kulturwind-spezial\/","title":{"rendered":"KulturWind Spezial &#8230;"},"content":{"rendered":"<p><span style=\"font-family: arial, helvetica, sans-serif; font-size: 20px;\"><strong>Schulen-\u00fcbergreifende Kunstausstellung im Kreishaus<\/strong><\/span><\/p>\n<p><span style=\"font-size: 20px;\">in die hier beigef\u00fcgte Einladung unseres Landrates Michael Kreuzberg m\u00f6chten wir uns als Kooperationspartner und Organisatoren der Veranstaltung einreihen und alle Interessierten ganz besonders herzlich zur Vernissage am <span style=\"font-family: arial, helvetica, sans-serif;\"><strong>24. Januar 2019 um 17:00h in das Kreishaus, Galerie am Skulpturenhof,<\/strong><\/span> einladen. Es handelt sich um eine schulen-\u00fcbergreifende Kunstausstellung unter dem Motto \u201aWas uns bewegt\u2018, an der die Erich K\u00e4stner-Hauptschule, das Gutenberg-Gymnasium sowie die Geschwister-Scholl-Realschule teilnehmen. Alle Schulen befinden sich im Stadtteil S\u00fcd-West, der vor Jahren noch als sozialer Brennpunkt galt und sich unter ma\u00dfgeblicher Beteiligung des Landes NRW, der Stadt Bergheim, aber auch unseres B\u00fcrgervereins S\u00fcdWestWind e.V. zu einem attraktiven und lebenswerten Stadtteil gemausert hat. Begonnen wurde seinerzeit mit \u00e4u\u00dferlichen Verbesserungen wie Fassadensanierung, Beseitigung von Angstr\u00e4umen durch moderne Beleuchtung und das Roden von B\u00fcschen, Versch\u00f6nerung von Schulh\u00f6fen, Errichtung wundersch\u00f6ner Spielpl\u00e4tze und dem Abriss von inzwischen zwei Hochhauskomplexen, sicherlich einmalig in NRW.<\/span><\/p>\n<p><span style=\"font-family: arial, helvetica, sans-serif; font-size: 20px;\">Wesentlich f\u00fcr unsere Vereinsarbeit war es jedoch, den inneren Zusammenhalt der Menschen im Stadtteil zu f\u00f6rdern und die in der Phase des Projektes \u201aSoziale Stadt NRW\u2018 seitens der Stadt Bergheim eingerichteten Initiativen zu verstetigen. Die Menschen sollten sich ohne Scheu begegnen und Kinder und Jugendliche \u2013 unabh\u00e4ngig von ihrer Herkunft \u2013 die gleichen Chancen haben. Daran arbeiten wir auch weiterhin kontinuierlich und stellen mit einigem Stolz fest, dass uns dies gelingt und dass dieses auch von der Stadtverwaltung so gesehen wird.<\/span><\/p>\n<p><span style=\"font-family: arial, helvetica, sans-serif; font-size: 20px;\">F\u00fcr den S\u00fcdWestWind e.V. und die Kulturkreisler:<\/span><\/p>\n<p><span style=\"font-family: arial, helvetica, sans-serif; font-size: 20px;\">Ursula Schl\u00f6\u00dfer\/Projektleiterin, 02271 64124, <a href=\"http:\/\/www.suedwestwind.org\" target=\"_blank\" rel=\"noopener\">www.suedwestwind.org<\/a><\/span><\/p>\n<p><a href=\"https:\/\/unser-quartier.de\/stadt-bergheim\/files\/2019\/01\/EinladungTrauermitUntersch.pdf\" target=\"_blank\" rel=\"noopener\"><span style=\"font-family: arial, helvetica, sans-serif; font-size: 20px;\"><strong>Mehr Infos zum runterladen: EinladungTrauermitUntersch<\/strong><\/span><\/a><\/p>\n<p>&nbsp;<\/p>\n","protected":false},"excerpt":{"rendered":"<p><strong>Schulen-\u00fcbergreifende Kunstausstellung im Kreishaus<\/strong><\/p>\n<p>in die hier beigef\u00fcgte Einladung unseres Landrates Michael Kreuzberg m\u00f6chten wir uns als Kooperationspartner und Organisatoren der Veranstaltung einreihen und alle Interessierten ganz besonders herzlich zur Vernissage am <strong>24. Januar 2019 um 17:00h in das Kreishaus, Galerie am Skulpturenhof,<\/strong> einladen. Es handelt sich um eine schulen-\u00fcbergreifende Kunstausstellung unter dem Motto \u201aWas &hellip; <\/p>\n<p><a class=\"more-link btn\" href=\"https:\/\/unser-quartier.de\/stadt-bergheim\/2019\/01\/kulturwind-spezial\/\">Weiterlesen<\/a><\/p>\n","protected":false},"author":48,"featured_media":0,"comment_status":"closed","ping_status":"closed","sticky":false,"template":"","format":"standard","meta":{"_bbp_topic_count":0,"_bbp_reply_count":0,"_bbp_total_topic_count":0,"_bbp_total_reply_count":0,"_bbp_voice_count":0,"_bbp_anonymous_reply_count":0,"_bbp_topic_count_hidden":0,"_bbp_reply_count_hidden":0,"_bbp_forum_subforum_count":0,"jetpack_post_was_ever_published":false,"_jetpack_newsletter_access":"","_jetpack_dont_email_post_to_subs":false,"_jetpack_newsletter_tier_id":0,"_jetpack_memberships_contains_paywalled_content":false,"_jetpack_memberships_contains_paid_content":false,"footnotes":""},"categories":[59,72],"tags":[],"class_list":["post-27412","post","type-post","status-publish","format-standard","hentry","category-freiwilliges-engagement","category-tipps","item-wrap"],"jetpack_sharing_enabled":true,"jetpack_featured_media_url":"","jetpack_shortlink":"https:\/\/wp.me\/p3vhfJ-788","jetpack_likes_enabled":true,"_links":{"self":[{"href":"https:\/\/unser-quartier.de\/stadt-bergheim\/wp-json\/wp\/v2\/posts\/27412","targetHints":{"allow":["GET"]}}],"collection":[{"href":"https:\/\/unser-quartier.de\/stadt-bergheim\/wp-json\/wp\/v2\/posts"}],"about":[{"href":"https:\/\/unser-quartier.de\/stadt-bergheim\/wp-json\/wp\/v2\/types\/post"}],"author":[{"embeddable":true,"href":"https:\/\/unser-quartier.de\/stadt-bergheim\/wp-json\/wp\/v2\/users\/48"}],"replies":[{"embeddable":true,"href":"https:\/\/unser-quartier.de\/stadt-bergheim\/wp-json\/wp\/v2\/comments?post=27412"}],"version-history":[{"count":0,"href":"https:\/\/unser-quartier.de\/stadt-bergheim\/wp-json\/wp\/v2\/posts\/27412\/revisions"}],"wp:attachment":[{"href":"https:\/\/unser-quartier.de\/stadt-bergheim\/wp-json\/wp\/v2\/media?parent=27412"}],"wp:term":[{"taxonomy":"category","embeddable":true,"href":"https:\/\/unser-quartier.de\/stadt-bergheim\/wp-json\/wp\/v2\/categories?post=27412"},{"taxonomy":"post_tag","embeddable":true,"href":"https:\/\/unser-quartier.de\/stadt-bergheim\/wp-json\/wp\/v2\/tags?post=27412"}],"curies":[{"name":"wp","href":"https:\/\/api.w.org\/{rel}","templated":true}]}}