{"id":27453,"date":"2019-01-15T13:08:29","date_gmt":"2019-01-15T12:08:29","guid":{"rendered":"https:\/\/unser-quartier.de\/stadt-bergheim\/?p=27453"},"modified":"2019-01-15T13:09:23","modified_gmt":"2019-01-15T12:09:23","slug":"stadt-informiert-25","status":"publish","type":"post","link":"https:\/\/unser-quartier.de\/stadt-bergheim\/2019\/01\/stadt-informiert-25\/","title":{"rendered":"Stadt informiert &#8230;"},"content":{"rendered":"<p><span style=\"font-size: 20px; font-family: arial, helvetica, sans-serif;\">Sanierung und Instandsetzung an der Stadtmauer<\/span><\/p>\n<p><span style=\"font-size: 20px; font-family: arial, helvetica, sans-serif;\">Mittelturm zwischen Aachener Tor und der Ecke Am Kn\u00fcchelsdamm<\/span><\/p>\n<p><span style=\"font-size: 20px; font-family: arial, helvetica, sans-serif;\">Der bereits seit Jahren gesicherte Mittelturm zwischen dem Aachener Tor und der Ecke Am Kn\u00fcchelsdamm soll im Jahr 2019 und 2020 saniert werden.<\/span><br \/>\n<span style=\"font-size: 20px; font-family: arial, helvetica, sans-serif;\">Mit den bautechnischen Untersuchungen zur Umsetzung der denkmalgerechten Sanierung wurde bereits begonnen. Zur detaillierten Untersuchung im Bereich der Attika (Erh\u00f6hung der Au\u00dfenwand) und der Eckbereiche wird ab Mitte Januar 2019 der gesamte Turm mit einem Ger\u00fcst versehen, sowie mit einem Wetterschutzdach, welches vor Witterungseinfl\u00fcssen w\u00e4hrend der gesamten Zeit der Untersuchungen und der Sanierungszeit sch\u00fctzen soll.<\/span>\u00a0<span style=\"font-size: 20px; font-family: arial, helvetica, sans-serif;\">Die Sanierungsphase und auch die Standzeit des Ger\u00fcstes werden sich voraussichtlich bis zum Fr\u00fchjahr 2020 erstrecken.<\/span><\/p>\n<p><span style=\"font-size: 20px; font-family: arial, helvetica, sans-serif;\">Die Ma\u00dfnahme wird mit F\u00f6rdermitteln aus dem Denkmalschutzprogramm NRW bezuschusst.<\/span><\/p>\n","protected":false},"excerpt":{"rendered":"<p>Sanierung und Instandsetzung an der Stadtmauer<\/p>\n<p>Mittelturm zwischen Aachener Tor und der Ecke Am Kn\u00fcchelsdamm<\/p>\n<p>Der bereits seit Jahren gesicherte Mittelturm zwischen dem Aachener Tor und der Ecke Am Kn\u00fcchelsdamm soll im Jahr 2019 und 2020 saniert werden. Mit den bautechnischen Untersuchungen zur Umsetzung der denkmalgerechten Sanierung wurde bereits begonnen. Zur detaillierten Untersuchung im Bereich &hellip; <\/p>\n<p><a class=\"more-link btn\" href=\"https:\/\/unser-quartier.de\/stadt-bergheim\/2019\/01\/stadt-informiert-25\/\">Weiterlesen<\/a><\/p>\n","protected":false},"author":48,"featured_media":0,"comment_status":"closed","ping_status":"closed","sticky":false,"template":"","format":"standard","meta":{"_bbp_topic_count":0,"_bbp_reply_count":0,"_bbp_total_topic_count":0,"_bbp_total_reply_count":0,"_bbp_voice_count":0,"_bbp_anonymous_reply_count":0,"_bbp_topic_count_hidden":0,"_bbp_reply_count_hidden":0,"_bbp_forum_subforum_count":0,"jetpack_post_was_ever_published":false,"_jetpack_newsletter_access":"","_jetpack_dont_email_post_to_subs":false,"_jetpack_newsletter_tier_id":0,"_jetpack_memberships_contains_paywalled_content":false,"_jetpack_memberships_contains_paid_content":false,"footnotes":""},"categories":[1],"tags":[],"class_list":["post-27453","post","type-post","status-publish","format-standard","hentry","category-allgemein","item-wrap"],"jetpack_sharing_enabled":true,"jetpack_featured_media_url":"","jetpack_shortlink":"https:\/\/wp.me\/p3vhfJ-78N","jetpack_likes_enabled":true,"_links":{"self":[{"href":"https:\/\/unser-quartier.de\/stadt-bergheim\/wp-json\/wp\/v2\/posts\/27453","targetHints":{"allow":["GET"]}}],"collection":[{"href":"https:\/\/unser-quartier.de\/stadt-bergheim\/wp-json\/wp\/v2\/posts"}],"about":[{"href":"https:\/\/unser-quartier.de\/stadt-bergheim\/wp-json\/wp\/v2\/types\/post"}],"author":[{"embeddable":true,"href":"https:\/\/unser-quartier.de\/stadt-bergheim\/wp-json\/wp\/v2\/users\/48"}],"replies":[{"embeddable":true,"href":"https:\/\/unser-quartier.de\/stadt-bergheim\/wp-json\/wp\/v2\/comments?post=27453"}],"version-history":[{"count":0,"href":"https:\/\/unser-quartier.de\/stadt-bergheim\/wp-json\/wp\/v2\/posts\/27453\/revisions"}],"wp:attachment":[{"href":"https:\/\/unser-quartier.de\/stadt-bergheim\/wp-json\/wp\/v2\/media?parent=27453"}],"wp:term":[{"taxonomy":"category","embeddable":true,"href":"https:\/\/unser-quartier.de\/stadt-bergheim\/wp-json\/wp\/v2\/categories?post=27453"},{"taxonomy":"post_tag","embeddable":true,"href":"https:\/\/unser-quartier.de\/stadt-bergheim\/wp-json\/wp\/v2\/tags?post=27453"}],"curies":[{"name":"wp","href":"https:\/\/api.w.org\/{rel}","templated":true}]}}