{"id":28241,"date":"2019-03-12T08:47:34","date_gmt":"2019-03-12T07:47:34","guid":{"rendered":"https:\/\/unser-quartier.de\/stadt-bergheim\/?p=28241"},"modified":"2019-03-12T08:47:34","modified_gmt":"2019-03-12T07:47:34","slug":"bergheim-engagiert-sich-2","status":"publish","type":"post","link":"https:\/\/unser-quartier.de\/stadt-bergheim\/2019\/03\/bergheim-engagiert-sich-2\/","title":{"rendered":"Bergheim engagiert sich"},"content":{"rendered":"<div class=\"page\" title=\"Page 1\"><strong>Woche des b\u00fcrgerschaftlichen Engagements &#8211; Anmeldungen bis zum 10. Mai<\/strong><\/p>\n<div id=\"attachment_28243\" style=\"width: 300px\" class=\"wp-caption alignleft\"><img data-recalc-dims=\"1\" loading=\"lazy\" decoding=\"async\" aria-describedby=\"caption-attachment-28243\" data-attachment-id=\"28243\" data-permalink=\"https:\/\/unser-quartier.de\/stadt-bergheim\/2019\/03\/bergheim-engagiert-sich-2\/dsc08472\/\" data-orig-file=\"https:\/\/i0.wp.com\/unser-quartier.de\/stadt-bergheim\/files\/2019\/03\/DSC08472.jpg?fit=1024%2C807&amp;ssl=1\" data-orig-size=\"1024,807\" data-comments-opened=\"0\" data-image-meta=\"{&quot;aperture&quot;:&quot;0&quot;,&quot;credit&quot;:&quot;&quot;,&quot;camera&quot;:&quot;&quot;,&quot;caption&quot;:&quot;&quot;,&quot;created_timestamp&quot;:&quot;0&quot;,&quot;copyright&quot;:&quot;&quot;,&quot;focal_length&quot;:&quot;0&quot;,&quot;iso&quot;:&quot;0&quot;,&quot;shutter_speed&quot;:&quot;0&quot;,&quot;title&quot;:&quot;&quot;,&quot;orientation&quot;:&quot;0&quot;}\" data-image-title=\"DSC08472\" data-image-description=\"\" data-image-caption=\"\" data-medium-file=\"https:\/\/i0.wp.com\/unser-quartier.de\/stadt-bergheim\/files\/2019\/03\/DSC08472.jpg?fit=300%2C236&amp;ssl=1\" data-large-file=\"https:\/\/i0.wp.com\/unser-quartier.de\/stadt-bergheim\/files\/2019\/03\/DSC08472.jpg?fit=770%2C607&amp;ssl=1\" class=\"wp-image-28243 size-medium\" src=\"https:\/\/i0.wp.com\/unser-quartier.de\/stadt-bergheim\/files\/2019\/03\/DSC08472.jpg?resize=300%2C236&#038;ssl=1\" alt=\"\" width=\"300\" height=\"236\" srcset=\"https:\/\/i0.wp.com\/unser-quartier.de\/stadt-bergheim\/files\/2019\/03\/DSC08472.jpg?resize=300%2C236&amp;ssl=1 300w, https:\/\/i0.wp.com\/unser-quartier.de\/stadt-bergheim\/files\/2019\/03\/DSC08472.jpg?resize=150%2C118&amp;ssl=1 150w, https:\/\/i0.wp.com\/unser-quartier.de\/stadt-bergheim\/files\/2019\/03\/DSC08472.jpg?resize=768%2C605&amp;ssl=1 768w, https:\/\/i0.wp.com\/unser-quartier.de\/stadt-bergheim\/files\/2019\/03\/DSC08472.jpg?w=1024&amp;ssl=1 1024w\" sizes=\"auto, (max-width: 300px) 100vw, 300px\" \/><p id=\"caption-attachment-28243\" class=\"wp-caption-text\">Bergheim engagiert sich: Hans-J\u00fcrgen Knabben vom Seniorenportal und Marion Eckart, Fachstelle f\u00fcr freiwilliges Engagement<\/p><\/div>\n<p>Unter dem Motto &#8220;Bergheim engagiert sich&#8221; beteiligt sich die Kreisstadt Bergheim vom 13. bis 22.09.2019 auch in diesem Jahr wieder an der &#8220;Woche des b\u00fcrgerschaftlichen Engagements&#8221;. Das vielf\u00e4ltige und starke Engagement r\u00fcckt mit dieser bundesweiten Kampagne \u00fcber die Stadtgrenzen hinaus in den Blickpunkt.<\/p><\/div>\n<div title=\"Page 1\"><\/div>\n<div title=\"Page 1\">Vereine, Verb\u00e4nde, Initiativen und andere soziale Organisationen sowie Akteure der Freiwilligenarbeit sind herzlich eingeladen, sich zu beteiligen &#8211; sowohl mit einer dezentralen Veranstaltung (z.B. in den eigenen R\u00e4umlichkeiten), als auch an der zentralen Veranstaltung am Freitag, 20.09.2019, diesmal im Anton-Heinen Haus. Ihren Ideen, Engagement sichtbar zu machen, sind dabei keine Grenzen gesetzt.<\/div>\n<div title=\"Page 1\"><\/div>\n<div title=\"Page 1\">Die Hauptveranstaltung bietet diesmal noch mehr Gelegenheit f\u00fcr einen entspannten Austausch mit kleiner Verk\u00f6stigung. Die Infob\u00f6rse wird mit wenig Aufwand ausschlie\u00dflich mit Stellw\u00e4nden und Plakaten gestaltet. Als Highlight ist wieder ein buntes \u00dcberraschungsprogramm geplant.<\/div>\n<div title=\"Page 1\"><\/div>\n<div title=\"Page 1\">Das geb\u00fcndelte Veranstaltungsprogramm dient dazu, die Vielfalt des b\u00fcrgerlichen Engagements in Bergheim zu zeigen. \u201eFreiwilliges, b\u00fcrgerschaftliches Engagement in all seinen Formen ist eine der tragenden S\u00e4ulen unserer Gesellschaft und verdient \u00f6ffentliche Aufmerksamkeit&#8221;,\u00a0 so die Organisatorin Marion Eckart von der Kontaktstelle f\u00fcr freiwilliges Engagement. Engagierte Menschen verschiedener Generationen und Kulturen helfen dabei, gesellschaftliche Herausforderungen zu bew\u00e4ltigen.<\/div>\n<div title=\"Page 1\"><\/div>\n<div title=\"Page 1\">Einladung und Anmeldeformular zum Download<a href=\"https:\/\/unser-quartier.de\/stadt-bergheim\/files\/2019\/03\/Einladungsschreiben-18.02.2019.pdf\">: Einladungsschreiben 18.02.2019<\/a><\/div>\n<div title=\"Page 1\"><\/div>\n<div title=\"Page 1\"><strong>F\u00fcr weitere Informationen wenden Sie Sich an<\/strong><br \/>\n<strong>Marion Eckart &#8211; Fachstelle f\u00fcr Freiwilliges Engagement<\/strong><br \/>\nTelefon 02271\/89709 oder <a href=\"mailto:marion.eckart@bergheim.de\">marion.eckart@bergheim.de<\/a><\/div>\n<div title=\"Page 1\"><\/div>\n","protected":false},"excerpt":{"rendered":"<p><strong>Woche des b\u00fcrgerschaftlichen Engagements &#8211; Anmeldungen bis zum 10. Mai<\/strong> <\/p>\n<p>Unter dem Motto &#8220;Bergheim engagiert sich&#8221; beteiligt sich die Kreisstadt Bergheim vom 13. bis 22.09.2019 auch in diesem Jahr wieder an der &#8220;Woche des b\u00fcrgerschaftlichen Engagements&#8221;. Das vielf\u00e4ltige und starke Engagement r\u00fcckt mit dieser bundesweiten Kampagne \u00fcber die Stadtgrenzen hinaus in den Blickpunkt.<\/p>\n<p> Vereine, Verb\u00e4nde, &hellip; <\/p>\n<p><a class=\"more-link btn\" href=\"https:\/\/unser-quartier.de\/stadt-bergheim\/2019\/03\/bergheim-engagiert-sich-2\/\">Weiterlesen<\/a><\/p>\n","protected":false},"author":133,"featured_media":0,"comment_status":"closed","ping_status":"closed","sticky":false,"template":"","format":"standard","meta":{"_bbp_topic_count":0,"_bbp_reply_count":0,"_bbp_total_topic_count":0,"_bbp_total_reply_count":0,"_bbp_voice_count":0,"_bbp_anonymous_reply_count":0,"_bbp_topic_count_hidden":0,"_bbp_reply_count_hidden":0,"_bbp_forum_subforum_count":0,"jetpack_post_was_ever_published":false,"_jetpack_newsletter_access":"","_jetpack_dont_email_post_to_subs":false,"_jetpack_newsletter_tier_id":0,"_jetpack_memberships_contains_paywalled_content":false,"_jetpack_memberships_contains_paid_content":false,"footnotes":""},"categories":[59],"tags":[],"class_list":["post-28241","post","type-post","status-publish","format-standard","hentry","category-freiwilliges-engagement","item-wrap"],"jetpack_sharing_enabled":true,"jetpack_featured_media_url":"","jetpack_shortlink":"https:\/\/wp.me\/p3vhfJ-7lv","jetpack_likes_enabled":true,"_links":{"self":[{"href":"https:\/\/unser-quartier.de\/stadt-bergheim\/wp-json\/wp\/v2\/posts\/28241","targetHints":{"allow":["GET"]}}],"collection":[{"href":"https:\/\/unser-quartier.de\/stadt-bergheim\/wp-json\/wp\/v2\/posts"}],"about":[{"href":"https:\/\/unser-quartier.de\/stadt-bergheim\/wp-json\/wp\/v2\/types\/post"}],"author":[{"embeddable":true,"href":"https:\/\/unser-quartier.de\/stadt-bergheim\/wp-json\/wp\/v2\/users\/133"}],"replies":[{"embeddable":true,"href":"https:\/\/unser-quartier.de\/stadt-bergheim\/wp-json\/wp\/v2\/comments?post=28241"}],"version-history":[{"count":0,"href":"https:\/\/unser-quartier.de\/stadt-bergheim\/wp-json\/wp\/v2\/posts\/28241\/revisions"}],"wp:attachment":[{"href":"https:\/\/unser-quartier.de\/stadt-bergheim\/wp-json\/wp\/v2\/media?parent=28241"}],"wp:term":[{"taxonomy":"category","embeddable":true,"href":"https:\/\/unser-quartier.de\/stadt-bergheim\/wp-json\/wp\/v2\/categories?post=28241"},{"taxonomy":"post_tag","embeddable":true,"href":"https:\/\/unser-quartier.de\/stadt-bergheim\/wp-json\/wp\/v2\/tags?post=28241"}],"curies":[{"name":"wp","href":"https:\/\/api.w.org\/{rel}","templated":true}]}}