{"id":29678,"date":"2019-08-07T19:19:43","date_gmt":"2019-08-07T17:19:43","guid":{"rendered":"https:\/\/unser-quartier.de\/stadt-bergheim\/?p=29678"},"modified":"2019-08-07T19:21:17","modified_gmt":"2019-08-07T17:21:17","slug":"stadt-und-adfc-laden-ein","status":"publish","type":"post","link":"https:\/\/unser-quartier.de\/stadt-bergheim\/2019\/08\/stadt-und-adfc-laden-ein\/","title":{"rendered":"Stadt und ADFC laden ein &#8230;"},"content":{"rendered":"<p><span style=\"font-size: 20px;font-family: arial, helvetica, sans-serif\">Bergheim mit dem Bike erkunden <\/span><\/p>\n<p><span style=\"font-size: 20px;font-family: arial, helvetica, sans-serif\">Gef\u00fchrte Fahrradtour durch die Kreisstadt.\u00a0Am Sonntag, den 25.08.2019 k\u00f6nnen alle Radfahrbegeisterten, die mehr \u00fcber Bergheim erfahren m\u00f6chten, die Kreisstadt aus einem ganz besonderen Blickwinkel betrachten. Denn der ADFC Kreisverband Rhein-Erft e.V. bietet gemeinsam mit der Kreisstadt Bergheim eine kostenlose Fahrradrundfahrt durch das Bergheimer Stadtgebiet an. Der ADFC ist ein Verein f\u00fcr Alltags- und Freizeitradlerinnen und Radler.<br \/>\nDer Treffpunkt ist vor dem Caf\u00e9 Extrablatt auf dem Hubert-Rheinfeld-Platz. Um 12:00 Uhr warten dort Tourenleiter Rainer B\u00f6ning und ein weiterer erfahrener Tourenleiter des ADFC Kreisverbandes auf die Teilnehmerinnen und Teilnehmer.<\/span><\/p>\n<p><span style=\"font-size: 20px;font-family: arial, helvetica, sans-serif\">Streckeninformation<\/span><\/p>\n<p><span style=\"font-size: 20px;font-family: arial, helvetica, sans-serif\">Auf der rund 22 km langen Strecke entlang des Bergheimer Erftflutkanals zwischen Bedburg und Kerpen gibt der ADFC einige Informationen zum Erftradweg, zur Erft und ihrer historischen Entwicklung. Wer nicht die gesamte Strecke bew\u00e4ltigen m\u00f6chte, kann auch nur die H\u00e4lfte zur\u00fccklegen und wieder zur\u00fcck in die Fu\u00dfg\u00e4ngerzone fahren oder gemeinsam mit der Gruppe eine Pause einlegen. Grunds\u00e4tzlich sollte die Tour jedoch auch f\u00fcr unge\u00fcbte Fahrradfahrer\/innen realisierbar sein, da sie keinerlei Steigungen vorsieht.<br \/>\n<\/span><\/p>\n<p><span style=\"font-size: 20px;font-family: arial, helvetica, sans-serif\">Von der geplanten Route kann aufgrund tagesaktueller Witterungsverh\u00e4ltnisse und sonstiger Vorkommnisse abgewichen werden. Alle Teilnehmerinnen und Teilnehmer werden gebeten, sich mit ausreichend Proviant sowie mit dem Wetter angepasster Kleidung und festem Schuhwerk auszustatten.\u00a0Nach der Fahrradtour muss der Tag allerdings noch nicht zu Ende sein: Der Nachmittag, bzw. Abend kann in geselliger Runde auf dem Bier- und Weinfest der KG ABC Bergheim fortgesetzt werden, mit Livemusik ab 15:00 Uhr, einem leckeren Wein, Bier oder anderem Kaltgetr\u00e4nk sowie diversen Speisen in der Bergheimer Fu\u00dfg\u00e4ngerzone. <\/span><\/p>\n<p><span style=\"font-size: 20px;font-family: arial, helvetica, sans-serif\">Das dreit\u00e4gige Fest startet bereits am Freitag, den 23.08.2019 um 17 Uhr und am Tag der Fahrradtour ab 10:00 Uhr bis 20:30 Uhr.<br \/>\nWer Interesse an der gef\u00fchrten Fahrradtour hat, kann sich telefonisch unter 02271\/ 89 -140 oder per E-Mail unter julienne.frenger@bergheim.de anmelden.<br \/>\n<\/span><\/p>\n","protected":false},"excerpt":{"rendered":"<p>Bergheim mit dem Bike erkunden <\/p>\n<p>Gef\u00fchrte Fahrradtour durch die Kreisstadt.\u00a0Am Sonntag, den 25.08.2019 k\u00f6nnen alle Radfahrbegeisterten, die mehr \u00fcber Bergheim erfahren m\u00f6chten, die Kreisstadt aus einem ganz besonderen Blickwinkel betrachten. Denn der ADFC Kreisverband Rhein-Erft e.V. bietet gemeinsam mit der Kreisstadt Bergheim eine kostenlose Fahrradrundfahrt durch das Bergheimer Stadtgebiet an. Der ADFC ist ein &hellip; <\/p>\n<p><a class=\"more-link btn\" href=\"https:\/\/unser-quartier.de\/stadt-bergheim\/2019\/08\/stadt-und-adfc-laden-ein\/\">Weiterlesen<\/a><\/p>\n","protected":false},"author":48,"featured_media":0,"comment_status":"closed","ping_status":"closed","sticky":false,"template":"","format":"standard","meta":{"_bbp_topic_count":0,"_bbp_reply_count":0,"_bbp_total_topic_count":0,"_bbp_total_reply_count":0,"_bbp_voice_count":0,"_bbp_anonymous_reply_count":0,"_bbp_topic_count_hidden":0,"_bbp_reply_count_hidden":0,"_bbp_forum_subforum_count":0,"jetpack_post_was_ever_published":false,"_jetpack_newsletter_access":"","_jetpack_dont_email_post_to_subs":false,"_jetpack_newsletter_tier_id":0,"_jetpack_memberships_contains_paywalled_content":false,"_jetpack_memberships_contains_paid_content":false,"footnotes":""},"categories":[1],"tags":[],"class_list":["post-29678","post","type-post","status-publish","format-standard","hentry","category-allgemein","item-wrap"],"jetpack_sharing_enabled":true,"jetpack_featured_media_url":"","jetpack_shortlink":"https:\/\/wp.me\/p3vhfJ-7IG","jetpack_likes_enabled":true,"_links":{"self":[{"href":"https:\/\/unser-quartier.de\/stadt-bergheim\/wp-json\/wp\/v2\/posts\/29678","targetHints":{"allow":["GET"]}}],"collection":[{"href":"https:\/\/unser-quartier.de\/stadt-bergheim\/wp-json\/wp\/v2\/posts"}],"about":[{"href":"https:\/\/unser-quartier.de\/stadt-bergheim\/wp-json\/wp\/v2\/types\/post"}],"author":[{"embeddable":true,"href":"https:\/\/unser-quartier.de\/stadt-bergheim\/wp-json\/wp\/v2\/users\/48"}],"replies":[{"embeddable":true,"href":"https:\/\/unser-quartier.de\/stadt-bergheim\/wp-json\/wp\/v2\/comments?post=29678"}],"version-history":[{"count":0,"href":"https:\/\/unser-quartier.de\/stadt-bergheim\/wp-json\/wp\/v2\/posts\/29678\/revisions"}],"wp:attachment":[{"href":"https:\/\/unser-quartier.de\/stadt-bergheim\/wp-json\/wp\/v2\/media?parent=29678"}],"wp:term":[{"taxonomy":"category","embeddable":true,"href":"https:\/\/unser-quartier.de\/stadt-bergheim\/wp-json\/wp\/v2\/categories?post=29678"},{"taxonomy":"post_tag","embeddable":true,"href":"https:\/\/unser-quartier.de\/stadt-bergheim\/wp-json\/wp\/v2\/tags?post=29678"}],"curies":[{"name":"wp","href":"https:\/\/api.w.org\/{rel}","templated":true}]}}