{"id":29844,"date":"2019-09-15T08:08:21","date_gmt":"2019-09-15T06:08:21","guid":{"rendered":"https:\/\/unser-quartier.de\/stadt-bergheim\/?p=29844"},"modified":"2019-09-15T09:29:56","modified_gmt":"2019-09-15T07:29:56","slug":"wir-essen-bayrisch","status":"publish","type":"post","link":"https:\/\/unser-quartier.de\/stadt-bergheim\/2019\/09\/wir-essen-bayrisch\/","title":{"rendered":"Wir essen bayrisch &#8230;"},"content":{"rendered":"<p>&nbsp;<\/p>\n<p><img data-recalc-dims=\"1\" loading=\"lazy\" decoding=\"async\" data-attachment-id=\"30018\" data-permalink=\"https:\/\/unser-quartier.de\/stadt-bergheim\/2019\/09\/wir-essen-bayrisch\/668ff782-1867-46a2-a012-4419c22b389a\/\" data-orig-file=\"https:\/\/i0.wp.com\/unser-quartier.de\/stadt-bergheim\/files\/2019\/08\/668FF782-1867-46A2-A012-4419C22B389A.jpeg?fit=731%2C1024&amp;ssl=1\" data-orig-size=\"731,1024\" data-comments-opened=\"0\" data-image-meta=\"{&quot;aperture&quot;:&quot;0&quot;,&quot;credit&quot;:&quot;&quot;,&quot;camera&quot;:&quot;&quot;,&quot;caption&quot;:&quot;&quot;,&quot;created_timestamp&quot;:&quot;0&quot;,&quot;copyright&quot;:&quot;&quot;,&quot;focal_length&quot;:&quot;0&quot;,&quot;iso&quot;:&quot;0&quot;,&quot;shutter_speed&quot;:&quot;0&quot;,&quot;title&quot;:&quot;&quot;,&quot;orientation&quot;:&quot;1&quot;}\" data-image-title=\"668FF782-1867-46A2-A012-4419C22B389A\" data-image-description=\"\" data-image-caption=\"\" data-medium-file=\"https:\/\/i0.wp.com\/unser-quartier.de\/stadt-bergheim\/files\/2019\/08\/668FF782-1867-46A2-A012-4419C22B389A.jpeg?fit=214%2C300&amp;ssl=1\" data-large-file=\"https:\/\/i0.wp.com\/unser-quartier.de\/stadt-bergheim\/files\/2019\/08\/668FF782-1867-46A2-A012-4419C22B389A.jpeg?fit=731%2C1024&amp;ssl=1\" class=\"size-medium wp-image-30018 aligncenter\" src=\"https:\/\/i0.wp.com\/unser-quartier.de\/stadt-bergheim\/files\/2019\/08\/668FF782-1867-46A2-A012-4419C22B389A.jpeg?resize=214%2C300&#038;ssl=1\" alt=\"\" width=\"214\" height=\"300\" srcset=\"https:\/\/i0.wp.com\/unser-quartier.de\/stadt-bergheim\/files\/2019\/08\/668FF782-1867-46A2-A012-4419C22B389A.jpeg?resize=214%2C300&amp;ssl=1 214w, https:\/\/i0.wp.com\/unser-quartier.de\/stadt-bergheim\/files\/2019\/08\/668FF782-1867-46A2-A012-4419C22B389A.jpeg?resize=107%2C150&amp;ssl=1 107w, https:\/\/i0.wp.com\/unser-quartier.de\/stadt-bergheim\/files\/2019\/08\/668FF782-1867-46A2-A012-4419C22B389A.jpeg?w=731&amp;ssl=1 731w\" sizes=\"auto, (max-width: 214px) 100vw, 214px\" \/><\/p>\n<p><strong><span style=\"font-size: 20px;font-family: arial, helvetica, sans-serif\">Kennt Ihr die Schlawiner?<\/span><\/strong><\/p>\n<p><strong><span style=\"font-size: 20px;font-family: arial, helvetica, sans-serif\">Kennt ihr eine H\u00fctten-Party?<\/span><\/strong><\/p>\n<p><strong><span style=\"font-size: 20px;font-family: arial, helvetica, sans-serif\">Dann sollten wir uns treffen!<\/span><\/strong><\/p>\n<p><strong><span style=\"font-size: 20px;font-family: arial, helvetica, sans-serif\">Wann: <\/span><\/strong><\/p>\n<p><strong><span style=\"font-size: 24px;font-family: arial, helvetica, sans-serif;color: #ff0000\">27.September ab 18:30 Uhr<\/span><\/strong><\/p>\n<p><strong><span style=\"font-size: 20px;font-family: arial, helvetica, sans-serif\">Wo:<\/span><\/strong><\/p>\n<p><span style=\"font-size: 20px;font-family: arial, helvetica, sans-serif\">Im Angelpark Zievericher M\u00fchle<\/span><\/p>\n<p><strong><u>Die Geschichte der Zievericher M\u00fchle<\/u><\/strong><\/p>\n<p>Die Zievericher M\u00fchle wurde erstmals um 1243 erw\u00e4hnt. Es handelte sich schon damals um eine dreifl\u00fcgelige Hofanlage. Das noch heute bestehende M\u00fchlengeb\u00e4ude wurde 1715 erbaut und diente zum Mahlen von Getreide. Die M\u00fchlenanlagen wurden w\u00e4hrend des zweiten Weltkrieges aufgegeben. Nur eine Turbinenanlage zur Stromerzeugung funktionierte noch, musste aber nach dem Krieg, wegen der Umstellung auf Wechselstrom, stillgelegt werden.<\/p>\n<p>Familie Clemens, die heutigen Besitzer, hat die M\u00fchle 1950 erworben.<\/p>\n<p>Bis 1981 wurde die M\u00fchle noch landwirtschaftlich genutzt. In diesem Jahr wurde auch der k\u00fcnstlich angelegte Angelpark mit einem \u201eB\u00fcdchen\u201c er\u00f6ffnet. Der Andrang war so gro\u00df, dass im Laufe der Zeit aus dem kleinen \u201eB\u00fcdchen\u201c das heutige Restaurant mit Terrasse und Biergarten entstanden ist.<\/p>\n<p><strong>Eintritt: Frei<\/strong><\/p>\n<p><img data-recalc-dims=\"1\" loading=\"lazy\" decoding=\"async\" data-attachment-id=\"30018\" data-permalink=\"https:\/\/unser-quartier.de\/stadt-bergheim\/2019\/09\/wir-essen-bayrisch\/668ff782-1867-46a2-a012-4419c22b389a\/\" data-orig-file=\"https:\/\/i0.wp.com\/unser-quartier.de\/stadt-bergheim\/files\/2019\/08\/668FF782-1867-46A2-A012-4419C22B389A.jpeg?fit=731%2C1024&amp;ssl=1\" data-orig-size=\"731,1024\" data-comments-opened=\"0\" data-image-meta=\"{&quot;aperture&quot;:&quot;0&quot;,&quot;credit&quot;:&quot;&quot;,&quot;camera&quot;:&quot;&quot;,&quot;caption&quot;:&quot;&quot;,&quot;created_timestamp&quot;:&quot;0&quot;,&quot;copyright&quot;:&quot;&quot;,&quot;focal_length&quot;:&quot;0&quot;,&quot;iso&quot;:&quot;0&quot;,&quot;shutter_speed&quot;:&quot;0&quot;,&quot;title&quot;:&quot;&quot;,&quot;orientation&quot;:&quot;1&quot;}\" data-image-title=\"668FF782-1867-46A2-A012-4419C22B389A\" data-image-description=\"\" data-image-caption=\"\" data-medium-file=\"https:\/\/i0.wp.com\/unser-quartier.de\/stadt-bergheim\/files\/2019\/08\/668FF782-1867-46A2-A012-4419C22B389A.jpeg?fit=214%2C300&amp;ssl=1\" data-large-file=\"https:\/\/i0.wp.com\/unser-quartier.de\/stadt-bergheim\/files\/2019\/08\/668FF782-1867-46A2-A012-4419C22B389A.jpeg?fit=731%2C1024&amp;ssl=1\" class=\"size-medium wp-image-30018 aligncenter\" src=\"https:\/\/i0.wp.com\/unser-quartier.de\/stadt-bergheim\/files\/2019\/08\/668FF782-1867-46A2-A012-4419C22B389A.jpeg?resize=214%2C300&#038;ssl=1\" alt=\"\" width=\"214\" height=\"300\" srcset=\"https:\/\/i0.wp.com\/unser-quartier.de\/stadt-bergheim\/files\/2019\/08\/668FF782-1867-46A2-A012-4419C22B389A.jpeg?resize=214%2C300&amp;ssl=1 214w, https:\/\/i0.wp.com\/unser-quartier.de\/stadt-bergheim\/files\/2019\/08\/668FF782-1867-46A2-A012-4419C22B389A.jpeg?resize=107%2C150&amp;ssl=1 107w, https:\/\/i0.wp.com\/unser-quartier.de\/stadt-bergheim\/files\/2019\/08\/668FF782-1867-46A2-A012-4419C22B389A.jpeg?w=731&amp;ssl=1 731w\" sizes=\"auto, (max-width: 214px) 100vw, 214px\" \/><\/p>\n<p>&nbsp;<\/p>\n","protected":false},"excerpt":{"rendered":"<p>&nbsp;<\/p>\n<\/p>\n<p><strong>Kennt Ihr die Schlawiner?<\/strong><\/p>\n<p><strong>Kennt ihr eine H\u00fctten-Party?<\/strong><\/p>\n<p><strong>Dann sollten wir uns treffen!<\/strong><\/p>\n<p><strong>Wann: <\/strong><\/p>\n<p><strong>27.September ab 18:30 Uhr<\/strong><\/p>\n<p><strong>Wo:<\/strong><\/p>\n<p>Im Angelpark Zievericher M\u00fchle<\/p>\n<p><strong>Die Geschichte der Zievericher M\u00fchle<\/strong><\/p>\n<p>Die Zievericher M\u00fchle wurde erstmals um 1243 erw\u00e4hnt. Es handelte sich schon damals um eine dreifl\u00fcgelige Hofanlage. Das noch heute bestehende M\u00fchlengeb\u00e4ude wurde 1715 &hellip; <\/p>\n<p><a class=\"more-link btn\" href=\"https:\/\/unser-quartier.de\/stadt-bergheim\/2019\/09\/wir-essen-bayrisch\/\">Weiterlesen<\/a><\/p>\n","protected":false},"author":48,"featured_media":30018,"comment_status":"closed","ping_status":"closed","sticky":false,"template":"","format":"standard","meta":{"_bbp_topic_count":0,"_bbp_reply_count":0,"_bbp_total_topic_count":0,"_bbp_total_reply_count":0,"_bbp_voice_count":0,"_bbp_anonymous_reply_count":0,"_bbp_topic_count_hidden":0,"_bbp_reply_count_hidden":0,"_bbp_forum_subforum_count":0,"jetpack_post_was_ever_published":false,"_jetpack_newsletter_access":"","_jetpack_dont_email_post_to_subs":false,"_jetpack_newsletter_tier_id":0,"_jetpack_memberships_contains_paywalled_content":false,"_jetpack_memberships_contains_paid_content":false,"footnotes":""},"categories":[1],"tags":[],"class_list":["post-29844","post","type-post","status-publish","format-standard","has-post-thumbnail","hentry","category-allgemein","item-wrap"],"jetpack_sharing_enabled":true,"jetpack_featured_media_url":"https:\/\/i0.wp.com\/unser-quartier.de\/stadt-bergheim\/files\/2019\/08\/668FF782-1867-46A2-A012-4419C22B389A.jpeg?fit=731%2C1024&ssl=1","jetpack_shortlink":"https:\/\/wp.me\/p3vhfJ-7Lm","jetpack_likes_enabled":true,"_links":{"self":[{"href":"https:\/\/unser-quartier.de\/stadt-bergheim\/wp-json\/wp\/v2\/posts\/29844","targetHints":{"allow":["GET"]}}],"collection":[{"href":"https:\/\/unser-quartier.de\/stadt-bergheim\/wp-json\/wp\/v2\/posts"}],"about":[{"href":"https:\/\/unser-quartier.de\/stadt-bergheim\/wp-json\/wp\/v2\/types\/post"}],"author":[{"embeddable":true,"href":"https:\/\/unser-quartier.de\/stadt-bergheim\/wp-json\/wp\/v2\/users\/48"}],"replies":[{"embeddable":true,"href":"https:\/\/unser-quartier.de\/stadt-bergheim\/wp-json\/wp\/v2\/comments?post=29844"}],"version-history":[{"count":0,"href":"https:\/\/unser-quartier.de\/stadt-bergheim\/wp-json\/wp\/v2\/posts\/29844\/revisions"}],"wp:featuredmedia":[{"embeddable":true,"href":"https:\/\/unser-quartier.de\/stadt-bergheim\/wp-json\/wp\/v2\/media\/30018"}],"wp:attachment":[{"href":"https:\/\/unser-quartier.de\/stadt-bergheim\/wp-json\/wp\/v2\/media?parent=29844"}],"wp:term":[{"taxonomy":"category","embeddable":true,"href":"https:\/\/unser-quartier.de\/stadt-bergheim\/wp-json\/wp\/v2\/categories?post=29844"},{"taxonomy":"post_tag","embeddable":true,"href":"https:\/\/unser-quartier.de\/stadt-bergheim\/wp-json\/wp\/v2\/tags?post=29844"}],"curies":[{"name":"wp","href":"https:\/\/api.w.org\/{rel}","templated":true}]}}