{"id":30447,"date":"2019-11-13T06:14:07","date_gmt":"2019-11-13T05:14:07","guid":{"rendered":"https:\/\/unser-quartier.de\/stadt-bergheim\/?p=30447"},"modified":"2019-11-13T06:16:07","modified_gmt":"2019-11-13T05:16:07","slug":"stadtbibliothek-informiert-19","status":"publish","type":"post","link":"https:\/\/unser-quartier.de\/stadt-bergheim\/2019\/11\/stadtbibliothek-informiert-19\/","title":{"rendered":"Stadtbibliothek informiert &#8230;"},"content":{"rendered":"<p><img data-recalc-dims=\"1\" loading=\"lazy\" decoding=\"async\" data-attachment-id=\"30449\" data-permalink=\"https:\/\/unser-quartier.de\/stadt-bergheim\/2019\/11\/stadtbibliothek-informiert-19\/27d4c861-2d80-47f7-97f7-40e858c11fa5\/\" data-orig-file=\"https:\/\/i0.wp.com\/unser-quartier.de\/stadt-bergheim\/files\/2019\/11\/27D4C861-2D80-47F7-97F7-40E858C11FA5.jpeg?fit=594%2C408&amp;ssl=1\" data-orig-size=\"594,408\" data-comments-opened=\"0\" data-image-meta=\"{&quot;aperture&quot;:&quot;4&quot;,&quot;credit&quot;:&quot;&quot;,&quot;camera&quot;:&quot;FinePix F31fd&quot;,&quot;caption&quot;:&quot;&quot;,&quot;created_timestamp&quot;:&quot;1355917177&quot;,&quot;copyright&quot;:&quot;&quot;,&quot;focal_length&quot;:&quot;16.1&quot;,&quot;iso&quot;:&quot;1600&quot;,&quot;shutter_speed&quot;:&quot;0.0071428571428571&quot;,&quot;title&quot;:&quot;&quot;,&quot;orientation&quot;:&quot;0&quot;}\" data-image-title=\"27D4C861-2D80-47F7-97F7-40E858C11FA5\" data-image-description=\"\" data-image-caption=\"\" data-medium-file=\"https:\/\/i0.wp.com\/unser-quartier.de\/stadt-bergheim\/files\/2019\/11\/27D4C861-2D80-47F7-97F7-40E858C11FA5.jpeg?fit=300%2C206&amp;ssl=1\" data-large-file=\"https:\/\/i0.wp.com\/unser-quartier.de\/stadt-bergheim\/files\/2019\/11\/27D4C861-2D80-47F7-97F7-40E858C11FA5.jpeg?fit=594%2C408&amp;ssl=1\" class=\"alignnone size-medium wp-image-30449\" src=\"https:\/\/i0.wp.com\/unser-quartier.de\/stadt-bergheim\/files\/2019\/11\/27D4C861-2D80-47F7-97F7-40E858C11FA5.jpeg?resize=300%2C206&#038;ssl=1\" alt=\"\" width=\"300\" height=\"206\" srcset=\"https:\/\/i0.wp.com\/unser-quartier.de\/stadt-bergheim\/files\/2019\/11\/27D4C861-2D80-47F7-97F7-40E858C11FA5.jpeg?resize=300%2C206&amp;ssl=1 300w, https:\/\/i0.wp.com\/unser-quartier.de\/stadt-bergheim\/files\/2019\/11\/27D4C861-2D80-47F7-97F7-40E858C11FA5.jpeg?resize=150%2C103&amp;ssl=1 150w, https:\/\/i0.wp.com\/unser-quartier.de\/stadt-bergheim\/files\/2019\/11\/27D4C861-2D80-47F7-97F7-40E858C11FA5.jpeg?w=594&amp;ssl=1 594w\" sizes=\"auto, (max-width: 300px) 100vw, 300px\" \/><\/p>\n<p><span style=\"font-size: 20px;font-family: arial, helvetica, sans-serif\">Kindertheater \u201eKleine Elfe in gro\u00dfer Gefahr\u201c in der Stadtbibliothek<br \/>\n<\/span><\/p>\n<p><span style=\"font-size: 20px;font-family: arial, helvetica, sans-serif\">Am Donnerstag, den 21. November um 15.00 Uhr, zeigt das Bonner Umwelttheater UNVERPACKT in der Stadtbibliothek Bergheim im Raum M1 das Kindertheaterst\u00fcck \u201eKleine Elfe in gro\u00dfer Gefahr\u201c. <\/span><\/p>\n<p><span style=\"font-size: 20px;font-family: arial, helvetica, sans-serif\">Das St\u00fcck ist f\u00fcr Kinder ab 5 Jahren geeignet und wird von der st\u00e4dtischen Abfallberatung gef\u00f6rdert.<br \/>\n<\/span><\/p>\n<p><span style=\"font-size: 20px;font-family: arial, helvetica, sans-serif\">Inhalt: Die Menschen haben durch ihren schlechten Umgang mit der Natur den Wald in Gefahr gebracht. Deshalb will der Obergeist die Elfen nach dem j\u00e4hrlichen Elfenfest auf dem Sternenschloss nicht mehr in den Wald zur\u00fccklassen. Darauf hin versteckt sich die kleine Waldelfe auf einer wilden M\u00fcllkippe und richtet sich dort h\u00e4uslich ein. Bald findet sie hier gute Freunde. Gemeinsam mit Ihnen und mit den Kindern aus dem Publikum beschlie\u00dfen sie etwas gegen das schlechte Verhalten der Menschen zu unternehmen. Sie gr\u00fcnden eine Sonderkommission gegen den wilden Waldm\u00fcll. Als der Waldgeist davon erf\u00e4hrt, \u00fcberredet er den Obergeist die Elfen wieder in den Wald zur\u00fcckzulassen.\u00a0Doch noch lauert f\u00fcr die kleine Elfe gro\u00dfe Gefahr und jemand muss sich um den Abtransport des M\u00fclls k\u00fcmmern.\u00a0In diesem Theaterst\u00fcck werden die Kinder auf spielerische Weise an das Thema wilder M\u00fcll herangef\u00fchrt. Im Dialog mit den Akteuren erfahren sie, was sie gemeinsam gegen eine Verm\u00fcllung ihrer Umwelt tun k\u00f6nnen.<br \/>\n<\/span><\/p>\n<p><span style=\"font-size: 20px;font-family: arial, helvetica, sans-serif\">Die Eintrittskarten sind f\u00fcr 3 \u20ac das St\u00fcck erh\u00e4ltlich in der Stadtbibliothek Bergheim, Konrad- Adenauer-Platz 1, 50126 Bergheim-Mitte, <\/span><\/p>\n<p><span style=\"font-size: 20px;font-family: arial, helvetica, sans-serif\">Di. und Fr. 11.00 \u2013 18.00 Uhr, Mi. und Do. 12.00 \u2013 19.00 und Sa. 10.00 \u2013 13.00 Uhr.<br \/>\n<\/span><\/p>\n<p><span style=\"font-size: 20px;font-family: arial, helvetica, sans-serif\">Mehr Informationen zum Bonner Umwelttheater und zum Theaterst\u00fcck unter www.wilabonn.de.<\/span><\/p>\n<p><img data-recalc-dims=\"1\" loading=\"lazy\" decoding=\"async\" data-attachment-id=\"30449\" data-permalink=\"https:\/\/unser-quartier.de\/stadt-bergheim\/2019\/11\/stadtbibliothek-informiert-19\/27d4c861-2d80-47f7-97f7-40e858c11fa5\/\" data-orig-file=\"https:\/\/i0.wp.com\/unser-quartier.de\/stadt-bergheim\/files\/2019\/11\/27D4C861-2D80-47F7-97F7-40E858C11FA5.jpeg?fit=594%2C408&amp;ssl=1\" data-orig-size=\"594,408\" data-comments-opened=\"0\" data-image-meta=\"{&quot;aperture&quot;:&quot;4&quot;,&quot;credit&quot;:&quot;&quot;,&quot;camera&quot;:&quot;FinePix F31fd&quot;,&quot;caption&quot;:&quot;&quot;,&quot;created_timestamp&quot;:&quot;1355917177&quot;,&quot;copyright&quot;:&quot;&quot;,&quot;focal_length&quot;:&quot;16.1&quot;,&quot;iso&quot;:&quot;1600&quot;,&quot;shutter_speed&quot;:&quot;0.0071428571428571&quot;,&quot;title&quot;:&quot;&quot;,&quot;orientation&quot;:&quot;0&quot;}\" data-image-title=\"27D4C861-2D80-47F7-97F7-40E858C11FA5\" data-image-description=\"\" data-image-caption=\"\" data-medium-file=\"https:\/\/i0.wp.com\/unser-quartier.de\/stadt-bergheim\/files\/2019\/11\/27D4C861-2D80-47F7-97F7-40E858C11FA5.jpeg?fit=300%2C206&amp;ssl=1\" data-large-file=\"https:\/\/i0.wp.com\/unser-quartier.de\/stadt-bergheim\/files\/2019\/11\/27D4C861-2D80-47F7-97F7-40E858C11FA5.jpeg?fit=594%2C408&amp;ssl=1\" class=\"alignnone size-medium wp-image-30449\" src=\"https:\/\/i0.wp.com\/unser-quartier.de\/stadt-bergheim\/files\/2019\/11\/27D4C861-2D80-47F7-97F7-40E858C11FA5.jpeg?resize=300%2C206&#038;ssl=1\" alt=\"\" width=\"300\" height=\"206\" srcset=\"https:\/\/i0.wp.com\/unser-quartier.de\/stadt-bergheim\/files\/2019\/11\/27D4C861-2D80-47F7-97F7-40E858C11FA5.jpeg?resize=300%2C206&amp;ssl=1 300w, https:\/\/i0.wp.com\/unser-quartier.de\/stadt-bergheim\/files\/2019\/11\/27D4C861-2D80-47F7-97F7-40E858C11FA5.jpeg?resize=150%2C103&amp;ssl=1 150w, https:\/\/i0.wp.com\/unser-quartier.de\/stadt-bergheim\/files\/2019\/11\/27D4C861-2D80-47F7-97F7-40E858C11FA5.jpeg?w=594&amp;ssl=1 594w\" sizes=\"auto, (max-width: 300px) 100vw, 300px\" \/><\/p>\n","protected":false},"excerpt":{"rendered":"<\/p>\n<p>Kindertheater \u201eKleine Elfe in gro\u00dfer Gefahr\u201c in der Stadtbibliothek <\/p>\n<p>Am Donnerstag, den 21. November um 15.00 Uhr, zeigt das Bonner Umwelttheater UNVERPACKT in der Stadtbibliothek Bergheim im Raum M1 das Kindertheaterst\u00fcck \u201eKleine Elfe in gro\u00dfer Gefahr\u201c. <\/p>\n<p>Das St\u00fcck ist f\u00fcr Kinder ab 5 Jahren geeignet und wird von der st\u00e4dtischen Abfallberatung gef\u00f6rdert. &hellip; <\/p>\n<p><a class=\"more-link btn\" href=\"https:\/\/unser-quartier.de\/stadt-bergheim\/2019\/11\/stadtbibliothek-informiert-19\/\">Weiterlesen<\/a><\/p>\n","protected":false},"author":48,"featured_media":30449,"comment_status":"closed","ping_status":"closed","sticky":false,"template":"","format":"standard","meta":{"_bbp_topic_count":0,"_bbp_reply_count":0,"_bbp_total_topic_count":0,"_bbp_total_reply_count":0,"_bbp_voice_count":0,"_bbp_anonymous_reply_count":0,"_bbp_topic_count_hidden":0,"_bbp_reply_count_hidden":0,"_bbp_forum_subforum_count":0,"jetpack_post_was_ever_published":false,"_jetpack_newsletter_access":"","_jetpack_dont_email_post_to_subs":false,"_jetpack_newsletter_tier_id":0,"_jetpack_memberships_contains_paywalled_content":false,"_jetpack_memberships_contains_paid_content":false,"footnotes":""},"categories":[1],"tags":[],"class_list":["post-30447","post","type-post","status-publish","format-standard","has-post-thumbnail","hentry","category-allgemein","item-wrap"],"jetpack_sharing_enabled":true,"jetpack_featured_media_url":"https:\/\/i0.wp.com\/unser-quartier.de\/stadt-bergheim\/files\/2019\/11\/27D4C861-2D80-47F7-97F7-40E858C11FA5.jpeg?fit=594%2C408&ssl=1","jetpack_shortlink":"https:\/\/wp.me\/p3vhfJ-7V5","jetpack_likes_enabled":true,"_links":{"self":[{"href":"https:\/\/unser-quartier.de\/stadt-bergheim\/wp-json\/wp\/v2\/posts\/30447","targetHints":{"allow":["GET"]}}],"collection":[{"href":"https:\/\/unser-quartier.de\/stadt-bergheim\/wp-json\/wp\/v2\/posts"}],"about":[{"href":"https:\/\/unser-quartier.de\/stadt-bergheim\/wp-json\/wp\/v2\/types\/post"}],"author":[{"embeddable":true,"href":"https:\/\/unser-quartier.de\/stadt-bergheim\/wp-json\/wp\/v2\/users\/48"}],"replies":[{"embeddable":true,"href":"https:\/\/unser-quartier.de\/stadt-bergheim\/wp-json\/wp\/v2\/comments?post=30447"}],"version-history":[{"count":0,"href":"https:\/\/unser-quartier.de\/stadt-bergheim\/wp-json\/wp\/v2\/posts\/30447\/revisions"}],"wp:featuredmedia":[{"embeddable":true,"href":"https:\/\/unser-quartier.de\/stadt-bergheim\/wp-json\/wp\/v2\/media\/30449"}],"wp:attachment":[{"href":"https:\/\/unser-quartier.de\/stadt-bergheim\/wp-json\/wp\/v2\/media?parent=30447"}],"wp:term":[{"taxonomy":"category","embeddable":true,"href":"https:\/\/unser-quartier.de\/stadt-bergheim\/wp-json\/wp\/v2\/categories?post=30447"},{"taxonomy":"post_tag","embeddable":true,"href":"https:\/\/unser-quartier.de\/stadt-bergheim\/wp-json\/wp\/v2\/tags?post=30447"}],"curies":[{"name":"wp","href":"https:\/\/api.w.org\/{rel}","templated":true}]}}