{"id":30467,"date":"2019-11-13T17:56:05","date_gmt":"2019-11-13T16:56:05","guid":{"rendered":"https:\/\/unser-quartier.de\/stadt-bergheim\/?p=30467"},"modified":"2019-11-13T20:48:47","modified_gmt":"2019-11-13T19:48:47","slug":"wintermarkt-in-der-fortunaschule","status":"publish","type":"post","link":"https:\/\/unser-quartier.de\/stadt-bergheim\/2019\/11\/wintermarkt-in-der-fortunaschule\/","title":{"rendered":"Wintermarkt in der Fortunaschule &#8230;"},"content":{"rendered":"<p><img data-recalc-dims=\"1\" loading=\"lazy\" decoding=\"async\" data-attachment-id=\"30475\" data-permalink=\"https:\/\/unser-quartier.de\/stadt-bergheim\/2019\/11\/wintermarkt-in-der-fortunaschule\/e192a6be-dc48-4d49-8d00-2f9876668df2\/\" data-orig-file=\"https:\/\/i0.wp.com\/unser-quartier.de\/stadt-bergheim\/files\/2019\/11\/E192A6BE-DC48-4D49-8D00-2F9876668DF2.jpeg?fit=750%2C372&amp;ssl=1\" data-orig-size=\"750,372\" data-comments-opened=\"0\" data-image-meta=\"{&quot;aperture&quot;:&quot;0&quot;,&quot;credit&quot;:&quot;&quot;,&quot;camera&quot;:&quot;&quot;,&quot;caption&quot;:&quot;&quot;,&quot;created_timestamp&quot;:&quot;0&quot;,&quot;copyright&quot;:&quot;&quot;,&quot;focal_length&quot;:&quot;0&quot;,&quot;iso&quot;:&quot;0&quot;,&quot;shutter_speed&quot;:&quot;0&quot;,&quot;title&quot;:&quot;&quot;,&quot;orientation&quot;:&quot;1&quot;}\" data-image-title=\"E192A6BE-DC48-4D49-8D00-2F9876668DF2\" data-image-description=\"\" data-image-caption=\"\" data-medium-file=\"https:\/\/i0.wp.com\/unser-quartier.de\/stadt-bergheim\/files\/2019\/11\/E192A6BE-DC48-4D49-8D00-2F9876668DF2.jpeg?fit=300%2C149&amp;ssl=1\" data-large-file=\"https:\/\/i0.wp.com\/unser-quartier.de\/stadt-bergheim\/files\/2019\/11\/E192A6BE-DC48-4D49-8D00-2F9876668DF2.jpeg?fit=750%2C372&amp;ssl=1\" class=\"alignnone size-medium wp-image-30475\" src=\"https:\/\/i0.wp.com\/unser-quartier.de\/stadt-bergheim\/files\/2019\/11\/E192A6BE-DC48-4D49-8D00-2F9876668DF2.jpeg?resize=300%2C149&#038;ssl=1\" alt=\"\" width=\"300\" height=\"149\" srcset=\"https:\/\/i0.wp.com\/unser-quartier.de\/stadt-bergheim\/files\/2019\/11\/E192A6BE-DC48-4D49-8D00-2F9876668DF2.jpeg?resize=300%2C149&amp;ssl=1 300w, https:\/\/i0.wp.com\/unser-quartier.de\/stadt-bergheim\/files\/2019\/11\/E192A6BE-DC48-4D49-8D00-2F9876668DF2.jpeg?resize=150%2C74&amp;ssl=1 150w, https:\/\/i0.wp.com\/unser-quartier.de\/stadt-bergheim\/files\/2019\/11\/E192A6BE-DC48-4D49-8D00-2F9876668DF2.jpeg?resize=385%2C192&amp;ssl=1 385w, https:\/\/i0.wp.com\/unser-quartier.de\/stadt-bergheim\/files\/2019\/11\/E192A6BE-DC48-4D49-8D00-2F9876668DF2.jpeg?w=750&amp;ssl=1 750w\" sizes=\"auto, (max-width: 300px) 100vw, 300px\" \/><\/p>\n<p>&nbsp;<\/p>\n<p><span style=\"font-size: 24px\">Liebe Oberau\u00dfemer, \u00a0liebe Glescher, liebe Bergheimer,\u00a0<\/span><\/p>\n<p><span style=\"font-size: 24px\">die Kinder, Lehrerinnen und Lehrer des Grundschulverbunds Oberaussem-Glesch basteln gemeinsam.<\/span><\/p>\n<p><span style=\"font-size: 24px\">Kommt vorbei!<\/span><\/p>\n<p><span style=\"font-size: 24px\">Kleine Geschenke k\u00f6nnen gekauft werden. Kleinigkeiten zum Essen gibt es auch&#8230;<\/span><\/p>\n<p><img data-recalc-dims=\"1\" loading=\"lazy\" decoding=\"async\" data-attachment-id=\"30469\" data-permalink=\"https:\/\/unser-quartier.de\/stadt-bergheim\/2019\/11\/wintermarkt-in-der-fortunaschule\/df0649e3-6645-422c-a1c5-b24d42f362e0\/\" data-orig-file=\"https:\/\/i0.wp.com\/unser-quartier.de\/stadt-bergheim\/files\/2019\/11\/DF0649E3-6645-422C-A1C5-B24D42F362E0.jpeg?fit=697%2C963&amp;ssl=1\" data-orig-size=\"697,963\" data-comments-opened=\"0\" data-image-meta=\"{&quot;aperture&quot;:&quot;0&quot;,&quot;credit&quot;:&quot;&quot;,&quot;camera&quot;:&quot;&quot;,&quot;caption&quot;:&quot;&quot;,&quot;created_timestamp&quot;:&quot;0&quot;,&quot;copyright&quot;:&quot;&quot;,&quot;focal_length&quot;:&quot;0&quot;,&quot;iso&quot;:&quot;0&quot;,&quot;shutter_speed&quot;:&quot;0&quot;,&quot;title&quot;:&quot;&quot;,&quot;orientation&quot;:&quot;1&quot;}\" data-image-title=\"DF0649E3-6645-422C-A1C5-B24D42F362E0\" data-image-description=\"\" data-image-caption=\"\" data-medium-file=\"https:\/\/i0.wp.com\/unser-quartier.de\/stadt-bergheim\/files\/2019\/11\/DF0649E3-6645-422C-A1C5-B24D42F362E0.jpeg?fit=217%2C300&amp;ssl=1\" data-large-file=\"https:\/\/i0.wp.com\/unser-quartier.de\/stadt-bergheim\/files\/2019\/11\/DF0649E3-6645-422C-A1C5-B24D42F362E0.jpeg?fit=697%2C963&amp;ssl=1\" class=\"size-medium wp-image-30469 aligncenter\" src=\"https:\/\/i0.wp.com\/unser-quartier.de\/stadt-bergheim\/files\/2019\/11\/DF0649E3-6645-422C-A1C5-B24D42F362E0.jpeg?resize=217%2C300&#038;ssl=1\" alt=\"\" width=\"217\" height=\"300\" srcset=\"https:\/\/i0.wp.com\/unser-quartier.de\/stadt-bergheim\/files\/2019\/11\/DF0649E3-6645-422C-A1C5-B24D42F362E0.jpeg?resize=217%2C300&amp;ssl=1 217w, https:\/\/i0.wp.com\/unser-quartier.de\/stadt-bergheim\/files\/2019\/11\/DF0649E3-6645-422C-A1C5-B24D42F362E0.jpeg?resize=109%2C150&amp;ssl=1 109w, https:\/\/i0.wp.com\/unser-quartier.de\/stadt-bergheim\/files\/2019\/11\/DF0649E3-6645-422C-A1C5-B24D42F362E0.jpeg?w=697&amp;ssl=1 697w\" sizes=\"auto, (max-width: 217px) 100vw, 217px\" \/><\/p>\n<p><span style=\"font-size: 24px\">Wir vom Projekt &#8220;Mentor &#8211; Die Leselernhelfer Bergheim&#8221;, schauen auch vorbei.<\/span><\/p>\n<p><span style=\"font-size: 24px\">Ein netter Gru\u00df von Frau Giesen hat uns sehr erfreut:\u00a0<\/span><\/p>\n<p><span style=\"font-size: 24px\">Ich m\u00f6chte mich herzlich bei Ihnen f\u00fcr Ihr Engagement bedanken. Nicht nur die Kinder sind wirklich begeistert von Ihnen! Ich m\u00f6chte sie herzlich einladen am 22.11 zum Wintermarkt zu kommen&#8230;<\/span><\/p>\n<p><span style=\"font-size: 24px\">Da sagen wir nicht nein und kommen gerne&#8230;<\/span><\/p>\n<p><span style=\"font-size: 24px\">Tolle Zusammenarbeit!<\/span><\/p>\n<p><span style=\"font-size: 24px\">Hans-J\u00fcrgen Knabben<\/span><\/p>\n<p><span style=\"font-size: 24px\">1. Vorsitzender EFI-Team Bergheim e.V und Projektleiter Mentor &#8211; Die Leselernhelfer Bergheim im EFI-Team Bergheim e.V.<\/span><\/p>\n","protected":false},"excerpt":{"rendered":"<\/p>\n<p>&nbsp;<\/p>\n<p>Liebe Oberau\u00dfemer, \u00a0liebe Glescher, liebe Bergheimer,\u00a0<\/p>\n<p>die Kinder, Lehrerinnen und Lehrer des Grundschulverbunds Oberaussem-Glesch basteln gemeinsam.<\/p>\n<p>Kommt vorbei!<\/p>\n<p>Kleine Geschenke k\u00f6nnen gekauft werden. Kleinigkeiten zum Essen gibt es auch&#8230;<\/p>\n<\/p>\n<p>Wir vom Projekt &#8220;Mentor &#8211; Die Leselernhelfer Bergheim&#8221;, schauen auch vorbei.<\/p>\n<p>Ein netter Gru\u00df von Frau Giesen hat uns sehr erfreut:\u00a0<\/p>\n<p>Ich m\u00f6chte &hellip; <\/p>\n<p><a class=\"more-link btn\" href=\"https:\/\/unser-quartier.de\/stadt-bergheim\/2019\/11\/wintermarkt-in-der-fortunaschule\/\">Weiterlesen<\/a><\/p>\n","protected":false},"author":48,"featured_media":0,"comment_status":"closed","ping_status":"closed","sticky":false,"template":"","format":"standard","meta":{"_bbp_topic_count":0,"_bbp_reply_count":0,"_bbp_total_topic_count":0,"_bbp_total_reply_count":0,"_bbp_voice_count":0,"_bbp_anonymous_reply_count":0,"_bbp_topic_count_hidden":0,"_bbp_reply_count_hidden":0,"_bbp_forum_subforum_count":0,"jetpack_post_was_ever_published":false,"_jetpack_newsletter_access":"","_jetpack_dont_email_post_to_subs":false,"_jetpack_newsletter_tier_id":0,"_jetpack_memberships_contains_paywalled_content":false,"_jetpack_memberships_contains_paid_content":false,"footnotes":""},"categories":[1],"tags":[],"class_list":["post-30467","post","type-post","status-publish","format-standard","hentry","category-allgemein","item-wrap"],"jetpack_sharing_enabled":true,"jetpack_featured_media_url":"","jetpack_shortlink":"https:\/\/wp.me\/p3vhfJ-7Vp","jetpack_likes_enabled":true,"_links":{"self":[{"href":"https:\/\/unser-quartier.de\/stadt-bergheim\/wp-json\/wp\/v2\/posts\/30467","targetHints":{"allow":["GET"]}}],"collection":[{"href":"https:\/\/unser-quartier.de\/stadt-bergheim\/wp-json\/wp\/v2\/posts"}],"about":[{"href":"https:\/\/unser-quartier.de\/stadt-bergheim\/wp-json\/wp\/v2\/types\/post"}],"author":[{"embeddable":true,"href":"https:\/\/unser-quartier.de\/stadt-bergheim\/wp-json\/wp\/v2\/users\/48"}],"replies":[{"embeddable":true,"href":"https:\/\/unser-quartier.de\/stadt-bergheim\/wp-json\/wp\/v2\/comments?post=30467"}],"version-history":[{"count":0,"href":"https:\/\/unser-quartier.de\/stadt-bergheim\/wp-json\/wp\/v2\/posts\/30467\/revisions"}],"wp:attachment":[{"href":"https:\/\/unser-quartier.de\/stadt-bergheim\/wp-json\/wp\/v2\/media?parent=30467"}],"wp:term":[{"taxonomy":"category","embeddable":true,"href":"https:\/\/unser-quartier.de\/stadt-bergheim\/wp-json\/wp\/v2\/categories?post=30467"},{"taxonomy":"post_tag","embeddable":true,"href":"https:\/\/unser-quartier.de\/stadt-bergheim\/wp-json\/wp\/v2\/tags?post=30467"}],"curies":[{"name":"wp","href":"https:\/\/api.w.org\/{rel}","templated":true}]}}