{"id":31046,"date":"2020-01-16T23:30:40","date_gmt":"2020-01-16T22:30:40","guid":{"rendered":"https:\/\/unser-quartier.de\/stadt-bergheim\/?p=31046"},"modified":"2020-01-17T07:53:12","modified_gmt":"2020-01-17T06:53:12","slug":"fachstelle-aelterwerden-unterstuetzt-stadtbibliothek-bergheim","status":"publish","type":"post","link":"https:\/\/unser-quartier.de\/stadt-bergheim\/2020\/01\/fachstelle-aelterwerden-unterstuetzt-stadtbibliothek-bergheim\/","title":{"rendered":"Fachstelle \u00c4lterwerden unterst\u00fctzt Stadtbibliothek Bergheim"},"content":{"rendered":"<p><span style=\"font-size: 20px;font-family: arial, helvetica, sans-serif\"><strong>Mehr Gro\u00dfdruckb\u00fccher f\u00fcr Senioren<\/strong><br \/>\n<\/span><\/p>\n<p><span style=\"font-size: 20px;font-family: arial, helvetica, sans-serif\"><img data-recalc-dims=\"1\" loading=\"lazy\" decoding=\"async\" data-attachment-id=\"31052\" data-permalink=\"https:\/\/unser-quartier.de\/stadt-bergheim\/2020\/01\/fachstelle-aelterwerden-unterstuetzt-stadtbibliothek-bergheim\/dsc02433\/\" data-orig-file=\"https:\/\/i0.wp.com\/unser-quartier.de\/stadt-bergheim\/files\/2020\/01\/DSC02433.jpg?fit=1024%2C683&amp;ssl=1\" data-orig-size=\"1024,683\" data-comments-opened=\"0\" data-image-meta=\"{&quot;aperture&quot;:&quot;3.5&quot;,&quot;credit&quot;:&quot;&quot;,&quot;camera&quot;:&quot;ILCE-6000&quot;,&quot;caption&quot;:&quot;&quot;,&quot;created_timestamp&quot;:&quot;1576660857&quot;,&quot;copyright&quot;:&quot;&quot;,&quot;focal_length&quot;:&quot;16&quot;,&quot;iso&quot;:&quot;3200&quot;,&quot;shutter_speed&quot;:&quot;0.01&quot;,&quot;title&quot;:&quot;&quot;,&quot;orientation&quot;:&quot;1&quot;}\" data-image-title=\"DSC02433\" data-image-description=\"\" data-image-caption=\"\" data-medium-file=\"https:\/\/i0.wp.com\/unser-quartier.de\/stadt-bergheim\/files\/2020\/01\/DSC02433.jpg?fit=300%2C200&amp;ssl=1\" data-large-file=\"https:\/\/i0.wp.com\/unser-quartier.de\/stadt-bergheim\/files\/2020\/01\/DSC02433.jpg?fit=770%2C514&amp;ssl=1\" class=\"alignleft wp-image-31052 size-medium\" src=\"https:\/\/i0.wp.com\/unser-quartier.de\/stadt-bergheim\/files\/2020\/01\/DSC02433.jpg?resize=300%2C200&#038;ssl=1\" alt=\"\" width=\"300\" height=\"200\" srcset=\"https:\/\/i0.wp.com\/unser-quartier.de\/stadt-bergheim\/files\/2020\/01\/DSC02433.jpg?resize=300%2C200&amp;ssl=1 300w, https:\/\/i0.wp.com\/unser-quartier.de\/stadt-bergheim\/files\/2020\/01\/DSC02433.jpg?resize=150%2C100&amp;ssl=1 150w, https:\/\/i0.wp.com\/unser-quartier.de\/stadt-bergheim\/files\/2020\/01\/DSC02433.jpg?resize=768%2C512&amp;ssl=1 768w, https:\/\/i0.wp.com\/unser-quartier.de\/stadt-bergheim\/files\/2020\/01\/DSC02433.jpg?w=1024&amp;ssl=1 1024w\" sizes=\"auto, (max-width: 300px) 100vw, 300px\" \/><\/span><\/p>\n<p><span style=\"font-size: 20px;font-family: arial, helvetica, sans-serif\">Dank einer Kooperation zwischen der Stadtbibliothek Bergheim und der Fachstelle \u00c4lterwerden der Kreisstadt Bergheim ist die Stadtbibliothek k\u00fcnftig in der Lage, ihr Angebot f\u00fcr Senioren und Sehbehinderte weiter auszubauen: 24 neue Gro\u00dfdruckb\u00fccher wurden in den Bestand aufgenommen. Bibliotheksmitarbeiter J\u00f6rg Friedrich machte Platz in den Regalen und ersetzte alte Heimatromane durch aktuelle Bestseller \u2013 Krimis von Rita Falks beliebter \u201eEberhofer\u201c-Reihe, Krischan Kochs skurrile Nordsee-Krimis und Zeitgeschichtliches zum Schm\u00f6kern.\u00a0Durch die kleine Auflage sind Gro\u00dfdruckb\u00fccher meist teurer, insofern kam die Unterst\u00fctzung der Fachstelle \u00c4lterwerden gerade recht. <\/span><\/p>\n<p><span style=\"font-size: 20px;font-family: arial, helvetica, sans-serif\">Seit Oktober 2016 ist Frau Katrin Tegude zentrale Anlaufstelle im Rathaus f\u00fcr die Belange der Seniorinnen und Senioren in der Kreisstadt Bergheim und sorgt f\u00fcr ein lebendiges Miteinander der Generationen und Kulturen. <\/span><\/p>\n<p><span style=\"font-size: 20px;font-family: arial, helvetica, sans-serif\">Als Beispielprojekte sind z.B. das Seniorenportal Bergheim, die Lokale Allianz f\u00fcr Menschen mit Demenz, das Mittwochskino oder interkulturelle Projekte wie \u201eIm Kochtopf um die Welt\u201c und \u201eHerzgeschichten\u201c zu nennen.<\/span><\/p>\n<p><span style=\"font-size: 20px;font-family: arial, helvetica, sans-serif\">Fast 86.000 Besuche und \u00fcber 1.200 Neuanmeldungen im Jahr 2018 zeugen von der Attraktivit\u00e4t der Stadtbibliothek Bergheim. Bibliotheksleiter Werner Wieczorek f\u00fchrt dies nicht nur auf die kontinuierliche Modernisierung der R\u00e4umlichkeiten im MEDIO zur\u00fcck, sondern auch auf die spannenden Programmangebote und Veranstaltungen. \u201eDie Bibliothek ist ein Freizeit-Treffpunkt f\u00fcr Alt und Jung und ein lebendiger Ort zum Mitmachen.\u201c Erwachsene machen die H\u00e4lfte der Nutzer aus. Sehr gut angenommen wird inzwischen auch die Online-Ausleihe von E-Books &#8211; \u201ebei Technik-Problemen helfen wir gern weiter\u201c. <\/span><\/p>\n<p><span style=\"font-size: 20px;font-family: arial, helvetica, sans-serif\">Der Modernisierungsfahrplan sieht f\u00fcr die kommenden zwei Jahre die Neueinrichtung des Eingangsbereichs vor. Dort sollen Zeitungs- und Zeitschriftenleser einen erweiterten und gleichzeitig auch ruhigen Aufenthaltsbereich erhalten. Neue Ausleih- und R\u00fcckgabeautomaten erleichtern den Ausleihvorgang. Durch das freiwerdende Bibliothekspersonal entstehen neue Beratungspl\u00e4tze, die die Kundenzufriedenheit weiter erh\u00f6hen.<\/span><\/p>\n<p>Auskunft \u00a0erteilt:<br \/>\nSoziale Hilfen, Wohnen und Integration Sachgebiet Demografie, Integration, Stadtteilarbeit Fachstelle \u00c4lterwerden<br \/>\nKatrin Tegude<br \/>\nTelefon: 02271 \/ 89 529<br \/>\nE-Mail: aelterwerden@bergheim.de<\/p>\n","protected":false},"excerpt":{"rendered":"<p><strong>Mehr Gro\u00dfdruckb\u00fccher f\u00fcr Senioren<\/strong> <\/p>\n<\/p>\n<p>Dank einer Kooperation zwischen der Stadtbibliothek Bergheim und der Fachstelle \u00c4lterwerden der Kreisstadt Bergheim ist die Stadtbibliothek k\u00fcnftig in der Lage, ihr Angebot f\u00fcr Senioren und Sehbehinderte weiter auszubauen: 24 neue Gro\u00dfdruckb\u00fccher wurden in den Bestand aufgenommen. Bibliotheksmitarbeiter J\u00f6rg Friedrich machte Platz in den Regalen und ersetzte alte Heimatromane &hellip; <\/p>\n<p><a class=\"more-link btn\" href=\"https:\/\/unser-quartier.de\/stadt-bergheim\/2020\/01\/fachstelle-aelterwerden-unterstuetzt-stadtbibliothek-bergheim\/\">Weiterlesen<\/a><\/p>\n","protected":false},"author":48,"featured_media":0,"comment_status":"closed","ping_status":"closed","sticky":false,"template":"","format":"standard","meta":{"_bbp_topic_count":0,"_bbp_reply_count":0,"_bbp_total_topic_count":0,"_bbp_total_reply_count":0,"_bbp_voice_count":0,"_bbp_anonymous_reply_count":0,"_bbp_topic_count_hidden":0,"_bbp_reply_count_hidden":0,"_bbp_forum_subforum_count":0,"jetpack_post_was_ever_published":false,"_jetpack_newsletter_access":"","_jetpack_dont_email_post_to_subs":false,"_jetpack_newsletter_tier_id":0,"_jetpack_memberships_contains_paywalled_content":false,"_jetpack_memberships_contains_paid_content":false,"footnotes":""},"categories":[1],"tags":[],"class_list":["post-31046","post","type-post","status-publish","format-standard","hentry","category-allgemein","item-wrap"],"jetpack_sharing_enabled":true,"jetpack_featured_media_url":"","jetpack_shortlink":"https:\/\/wp.me\/p3vhfJ-84K","jetpack_likes_enabled":true,"_links":{"self":[{"href":"https:\/\/unser-quartier.de\/stadt-bergheim\/wp-json\/wp\/v2\/posts\/31046","targetHints":{"allow":["GET"]}}],"collection":[{"href":"https:\/\/unser-quartier.de\/stadt-bergheim\/wp-json\/wp\/v2\/posts"}],"about":[{"href":"https:\/\/unser-quartier.de\/stadt-bergheim\/wp-json\/wp\/v2\/types\/post"}],"author":[{"embeddable":true,"href":"https:\/\/unser-quartier.de\/stadt-bergheim\/wp-json\/wp\/v2\/users\/48"}],"replies":[{"embeddable":true,"href":"https:\/\/unser-quartier.de\/stadt-bergheim\/wp-json\/wp\/v2\/comments?post=31046"}],"version-history":[{"count":0,"href":"https:\/\/unser-quartier.de\/stadt-bergheim\/wp-json\/wp\/v2\/posts\/31046\/revisions"}],"wp:attachment":[{"href":"https:\/\/unser-quartier.de\/stadt-bergheim\/wp-json\/wp\/v2\/media?parent=31046"}],"wp:term":[{"taxonomy":"category","embeddable":true,"href":"https:\/\/unser-quartier.de\/stadt-bergheim\/wp-json\/wp\/v2\/categories?post=31046"},{"taxonomy":"post_tag","embeddable":true,"href":"https:\/\/unser-quartier.de\/stadt-bergheim\/wp-json\/wp\/v2\/tags?post=31046"}],"curies":[{"name":"wp","href":"https:\/\/api.w.org\/{rel}","templated":true}]}}