{"id":31063,"date":"2020-01-20T10:37:41","date_gmt":"2020-01-20T09:37:41","guid":{"rendered":"https:\/\/unser-quartier.de\/stadt-bergheim\/?p=31063"},"modified":"2020-01-21T10:42:33","modified_gmt":"2020-01-21T09:42:33","slug":"demenzgeschichten-der-verstorbene","status":"publish","type":"post","link":"https:\/\/unser-quartier.de\/stadt-bergheim\/2020\/01\/demenzgeschichten-der-verstorbene\/","title":{"rendered":"Demenzgeschichten &#8211; Der Verstorbene"},"content":{"rendered":"<div class=\"page\" title=\"Page 1\">\n<div class=\"layoutArea\">\n<div class=\"column\">\n<p>Der Gro\u00dfvater hatte einen Bruder. Der Bruder mit Namen Theophil war von Beruf Lungenfacharzt. Eines Tages hatte er sich mit Typhus infiziert und starb daran. Er war Junggeselle.<\/p>\n<p>Fr\u00fcher war es \u00fcblich, dass im gro\u00dfen Saal aufgebahrt wurde. Der Sohn vom Gro\u00dfvater war Student und kam an diesem Tag volltrunken nach Hause, verfehlte sein Zimmer und landete im Saal, wo der Verstorbene lag. Da er sich kaum noch auf den Beinen halten konnte, stolperte er im Zimmer herum und fiel schlie\u00dflich in den Sarg. Es war wohl sehr gem\u00fctlich dort, denn er schlief sofort ein ohne zu bemerken, dass er neben einer Leiche lag.<\/p>\n<p>Am n\u00e4chsten Morgen wurde er wach und erschrak f\u00fcrchterlich. Schockiert und v\u00f6llig verkatert verlie\u00df er so schnell wie m\u00f6glich den Raum.<\/p>\n<p>Etwas sp\u00e4ter betrat die Mutter des Verschiedenen den Verabschiedungsraum, um noch einmal nach dem Rechten zu sehen. W\u00e4hrend sie die Kerzen anz\u00fcndete stutzte sie pl\u00f6tzlich. Irgendetwas stimmte hier nicht!<\/p>\n<p>Im Sarg herrschte das reinste Chaos; das Kissen eingedr\u00fcckt, die Decke verrutscht&#8230;Aufgew\u00fchlt rief sie nach ihrem Gro\u00dfvater. Dieser lie\u00df sofort den Doktor rufen. Der Doktor verschaffte sich einen \u00dcberblick und strich Siegellack auf den Puls den Toten. Dabei zuckte die Haut. Dem Doktor wurde sofort klar: Hierbei handelte es sich absolut nicht um einenToten. Der vermeintlich Tote hatte Agonie. Der \u201eVerstorbene\u201c hatte alles mitbekommen, konnte sich aber nicht \u00e4u\u00dfern.<\/p>\n<p>Der Doktor heilte ihn und er lebte noch 30 gl\u00fcckliche Jahre.<\/p>\n<p><strong>Dorothea Napier, 93 Jahre, AWO-Seniorenzentrum Quadrath-Ichendorf<\/strong><\/p>\n<\/div>\n<\/div>\n<\/div>\n","protected":false},"excerpt":{"rendered":"<p>Der Gro\u00dfvater hatte einen Bruder. Der Bruder mit Namen Theophil war von Beruf Lungenfacharzt. Eines Tages hatte er sich mit Typhus infiziert und starb daran. Er war Junggeselle.<\/p>\n<p>Fr\u00fcher war es \u00fcblich, dass im gro\u00dfen Saal aufgebahrt wurde. Der Sohn vom Gro\u00dfvater war Student und kam an diesem Tag volltrunken nach Hause, verfehlte sein Zimmer &hellip; <\/p>\n<p><a class=\"more-link btn\" href=\"https:\/\/unser-quartier.de\/stadt-bergheim\/2020\/01\/demenzgeschichten-der-verstorbene\/\">Weiterlesen<\/a><\/p>\n","protected":false},"author":133,"featured_media":0,"comment_status":"closed","ping_status":"closed","sticky":false,"template":"","format":"standard","meta":{"_bbp_topic_count":0,"_bbp_reply_count":0,"_bbp_total_topic_count":0,"_bbp_total_reply_count":0,"_bbp_voice_count":0,"_bbp_anonymous_reply_count":0,"_bbp_topic_count_hidden":0,"_bbp_reply_count_hidden":0,"_bbp_forum_subforum_count":0,"jetpack_post_was_ever_published":false,"_jetpack_newsletter_access":"","_jetpack_dont_email_post_to_subs":false,"_jetpack_newsletter_tier_id":0,"_jetpack_memberships_contains_paywalled_content":false,"_jetpack_memberships_contains_paid_content":false,"footnotes":""},"categories":[65],"tags":[],"class_list":["post-31063","post","type-post","status-publish","format-standard","hentry","category-demenz","item-wrap"],"jetpack_sharing_enabled":true,"jetpack_featured_media_url":"","jetpack_shortlink":"https:\/\/wp.me\/p3vhfJ-851","jetpack_likes_enabled":true,"_links":{"self":[{"href":"https:\/\/unser-quartier.de\/stadt-bergheim\/wp-json\/wp\/v2\/posts\/31063","targetHints":{"allow":["GET"]}}],"collection":[{"href":"https:\/\/unser-quartier.de\/stadt-bergheim\/wp-json\/wp\/v2\/posts"}],"about":[{"href":"https:\/\/unser-quartier.de\/stadt-bergheim\/wp-json\/wp\/v2\/types\/post"}],"author":[{"embeddable":true,"href":"https:\/\/unser-quartier.de\/stadt-bergheim\/wp-json\/wp\/v2\/users\/133"}],"replies":[{"embeddable":true,"href":"https:\/\/unser-quartier.de\/stadt-bergheim\/wp-json\/wp\/v2\/comments?post=31063"}],"version-history":[{"count":0,"href":"https:\/\/unser-quartier.de\/stadt-bergheim\/wp-json\/wp\/v2\/posts\/31063\/revisions"}],"wp:attachment":[{"href":"https:\/\/unser-quartier.de\/stadt-bergheim\/wp-json\/wp\/v2\/media?parent=31063"}],"wp:term":[{"taxonomy":"category","embeddable":true,"href":"https:\/\/unser-quartier.de\/stadt-bergheim\/wp-json\/wp\/v2\/categories?post=31063"},{"taxonomy":"post_tag","embeddable":true,"href":"https:\/\/unser-quartier.de\/stadt-bergheim\/wp-json\/wp\/v2\/tags?post=31063"}],"curies":[{"name":"wp","href":"https:\/\/api.w.org\/{rel}","templated":true}]}}