{"id":31074,"date":"2020-01-20T10:07:59","date_gmt":"2020-01-20T09:07:59","guid":{"rendered":"https:\/\/unser-quartier.de\/stadt-bergheim\/?p=31074"},"modified":"2020-01-27T20:34:21","modified_gmt":"2020-01-27T19:34:21","slug":"demenzgeschichten-dicke-pflaumen","status":"publish","type":"post","link":"https:\/\/unser-quartier.de\/stadt-bergheim\/2020\/01\/demenzgeschichten-dicke-pflaumen\/","title":{"rendered":"Demenzgeschichten: Dicke Pflaumen"},"content":{"rendered":"<div class=\"page\" title=\"Page 1\">\n<div class=\"layoutArea\">\n<div class=\"column\">\n<p>In unsere Kinderklicke war eine dabei, die war Anf\u00fchrerin und trug ein Dirndlkleid, darunter trug sie Lederhosen. Alle wussten nicht, ob sie ein M\u00e4dchen oder ein Junge war. Eines Tages sagte sie: \u201eWir gehen obsen (Obst stehlen) und zum Bauern Tomaten pfl\u00fccken.\u201c<\/p>\n<p>Nachdem wir sie gegessen hatten, sagten wir, dass alle Fr\u00fcchte sauer gewesen w\u00e4ren. Wir wollten etwas S\u00fc\u00dfes haben und sind weitergegangen. An der Mauer hingen dicke Pflaumen.<\/p>\n<p>Am n\u00e4chsten Tag in der Schule wurden wir aufs \u201ePodest\u201c gerufen. Diejenigen, die was verbrochen hatten, standen ganz oben beim Lehrer und Pfarrer. Dann fragte der Pastor: \u201eWie war das mit den Schreberg\u00e4rten gestern?\u201c Alle gestanden wir unsereSchuld ein. Darauf sagte der Pfarrer mit erhobenem Zeigefinger: \u201eAm Nachmittag sehe ich Euch alle im Pfarrhaus.\u201c Alle gingen hin und bekamen eine Aufgabe im Pfarrgarten; Unkraut j\u00e4ten, harken, Obst Pfl\u00fccken, sauber machen&#8230;<\/p>\n<p>Jeder hatte seinen Denkzettel bekommen. Aber zum Schluss, als alle Arbeit getan war, gab es noch Pflaumenkuchen mit Kakao.<\/p>\n<p><strong>Wilhelmine Giesen, 81 Jahre, AWO-Sneiorenzentrum Quadrath-Ichendorf\u00a0<\/strong><\/p>\n<\/div>\n<\/div>\n<\/div>\n","protected":false},"excerpt":{"rendered":"<p>In unsere Kinderklicke war eine dabei, die war Anf\u00fchrerin und trug ein Dirndlkleid, darunter trug sie Lederhosen. Alle wussten nicht, ob sie ein M\u00e4dchen oder ein Junge war. Eines Tages sagte sie: \u201eWir gehen obsen (Obst stehlen) und zum Bauern Tomaten pfl\u00fccken.\u201c<\/p>\n<p>Nachdem wir sie gegessen hatten, sagten wir, dass alle Fr\u00fcchte sauer gewesen w\u00e4ren. &hellip; <\/p>\n<p><a class=\"more-link btn\" href=\"https:\/\/unser-quartier.de\/stadt-bergheim\/2020\/01\/demenzgeschichten-dicke-pflaumen\/\">Weiterlesen<\/a><\/p>\n","protected":false},"author":133,"featured_media":0,"comment_status":"closed","ping_status":"closed","sticky":false,"template":"","format":"standard","meta":{"_bbp_topic_count":0,"_bbp_reply_count":0,"_bbp_total_topic_count":0,"_bbp_total_reply_count":0,"_bbp_voice_count":0,"_bbp_anonymous_reply_count":0,"_bbp_topic_count_hidden":0,"_bbp_reply_count_hidden":0,"_bbp_forum_subforum_count":0,"jetpack_post_was_ever_published":false,"_jetpack_newsletter_access":"","_jetpack_dont_email_post_to_subs":false,"_jetpack_newsletter_tier_id":0,"_jetpack_memberships_contains_paywalled_content":false,"_jetpack_memberships_contains_paid_content":false,"footnotes":""},"categories":[65],"tags":[],"class_list":["post-31074","post","type-post","status-publish","format-standard","hentry","category-demenz","item-wrap"],"jetpack_sharing_enabled":true,"jetpack_featured_media_url":"","jetpack_shortlink":"https:\/\/wp.me\/p3vhfJ-85c","jetpack_likes_enabled":true,"_links":{"self":[{"href":"https:\/\/unser-quartier.de\/stadt-bergheim\/wp-json\/wp\/v2\/posts\/31074","targetHints":{"allow":["GET"]}}],"collection":[{"href":"https:\/\/unser-quartier.de\/stadt-bergheim\/wp-json\/wp\/v2\/posts"}],"about":[{"href":"https:\/\/unser-quartier.de\/stadt-bergheim\/wp-json\/wp\/v2\/types\/post"}],"author":[{"embeddable":true,"href":"https:\/\/unser-quartier.de\/stadt-bergheim\/wp-json\/wp\/v2\/users\/133"}],"replies":[{"embeddable":true,"href":"https:\/\/unser-quartier.de\/stadt-bergheim\/wp-json\/wp\/v2\/comments?post=31074"}],"version-history":[{"count":0,"href":"https:\/\/unser-quartier.de\/stadt-bergheim\/wp-json\/wp\/v2\/posts\/31074\/revisions"}],"wp:attachment":[{"href":"https:\/\/unser-quartier.de\/stadt-bergheim\/wp-json\/wp\/v2\/media?parent=31074"}],"wp:term":[{"taxonomy":"category","embeddable":true,"href":"https:\/\/unser-quartier.de\/stadt-bergheim\/wp-json\/wp\/v2\/categories?post=31074"},{"taxonomy":"post_tag","embeddable":true,"href":"https:\/\/unser-quartier.de\/stadt-bergheim\/wp-json\/wp\/v2\/tags?post=31074"}],"curies":[{"name":"wp","href":"https:\/\/api.w.org\/{rel}","templated":true}]}}