{"id":31251,"date":"2020-01-30T13:45:55","date_gmt":"2020-01-30T12:45:55","guid":{"rendered":"https:\/\/unser-quartier.de\/stadt-bergheim\/?p=31251"},"modified":"2020-01-30T13:45:55","modified_gmt":"2020-01-30T12:45:55","slug":"fraktion-der-gruenen-informiert","status":"publish","type":"post","link":"https:\/\/unser-quartier.de\/stadt-bergheim\/2020\/01\/fraktion-der-gruenen-informiert\/","title":{"rendered":"Fraktion der Gr\u00fcnen informiert &#8230;"},"content":{"rendered":"<p><span style=\"font-size: 20px;font-family: arial, helvetica, sans-serif\">Nach den vorliegenden Planungen soll Thorr ein Zentrum des Kiesabbaus werden. S\u00fcdlich von Thorr direkt auf der anderen Stra\u00dfenseite Richtung Widdendorf soll eine 92 ha gro\u00dfe Kiesgrube entstehen. Aus dem Antrag der Firma ML Mineral-Logistics GMBH &amp;Co OHG aus J\u00fclich geht hervor, dass 16.350.000 m\u00b3 Kies abgebaut werden sollen. Demnach w\u00fcrden ab 2021 j\u00e4hrlich 650.000 m\u00b3 Kies abgebaut, und das wom\u00f6glich bis zum Jahr 2051. Es soll 45 m tief gebaggert werden. T\u00e4glich von 6-22 Uhr.<\/span><\/p>\n<p><span style=\"font-size: 20px\">Dazu werden t\u00e4glich bis zu 171 LKW in die Grube rein und wieder raus fahren. Das ergibt 342 Fahrten durch einen geplanten Kreisverkehr R\u00f6merstra\u00dfe \/ L 276. Das sind 21 LKW Fahrten pro Stunde. Alle 3 Minuten\u00a0<\/span><span style=\"font-size: 20px\">einer. 50 m von den n\u00e4chsten H\u00e4usern entfernt!<\/span><\/p>\n<p><span style=\"font-size: 20px\">Einer L\u00e4rmprognose des Antragstellers zufolge sei kein Problem zu erwarten, weil die Grenzwerte f\u00fcr die Wohnbebauung deutlich unterschritten w\u00fcrden. \u201eDie Bestimmung der Vorbelastung kann gem\u00e4\u00df der TA L\u00e4rm entfallen, wenn die Ger\u00e4uschimmissionen der Anlage die Immissionsrichtwerte um mindestens 6 dB unterschreiten.\u201c Man wei\u00df also bisher nicht einmal, wie laut es heute ist.<\/span><\/p>\n<p><span style=\"font-size: 20px\">Dass es lauter werden wird, steht f\u00fcr uns au\u00dfer Zweifel. Am n\u00f6rdlichen Rand der Grube Richtung Thorr soll ein 8 Meter hoher L\u00e4rmschutzwall errichtet werden. Doch ohne eine Ermittlung der heutigen L\u00e4rmwerte kann \u00a0 niemand wissen, was tats\u00e4chlich auf die Anwohner zukommen wird. Nach der auch vom Antragsteller vorgelegten Staubprognose ist nat\u00fcrlich auch kein Problem zu erwarten.<\/span><\/p>\n<p><span style=\"font-size: 20px\">Doch diese riesige Kiesgrube reicht anscheinend manchem Technokraten noch nicht: Aus einer Karte der Bezirksregierung geht hervor, dass nordwestlich von Thorr eine weitere Kiesgrube geplant ist. Sie ist im Dreieck von A 61, B 477 und der Stra\u00dfe Obere Loh geplant.<\/span><\/p>\n<p><span style=\"font-size: 20px\">Dadurch w\u00fcrde Thorr von 3 Seiten in die Zange genommen, Nord\u00f6stlich durch die Autobahn, nordwestlich und s\u00fcdwestlich durch die Kiesgruben. Und eine weitere Entwicklung des BP Thorr West w\u00fcrde verhindert.<\/span><\/p>\n<p><span style=\"font-size: 20px\">Dem wollen wir nicht tatenlos zusehen. Wir Gr\u00fcnen werden auf allen Entscheidungsebenen gegen die Ausweisung dieser zus\u00e4tzlichen Kiesgruben stimmen. Wir werden insbesondere der Eintragung der beiden genannten Gruben als BSAB (Bereich f\u00fcr die Sicherung und den Abbau oberfl\u00e4chennaher nichtenergetischer\u00a0<\/span><span style=\"font-size: 20px\">Rohstoffe) in den Regionalplan nicht zustimmen.<\/span><\/p>\n<p><span style=\"font-size: 20px\">Ohne diese Eintragung gibt es keine Rechtsgrundlage f\u00fcr Abbauantr\u00e4ge.<\/span><\/p>\n<p><span style=\"font-size: 20px;font-family: arial, helvetica, sans-serif\">Gesendet von<\/span><\/p>\n<p><span style=\"font-size: 20px\">Horst Lambertz\u200b<\/span><\/p>\n<p><span style=\"font-size: 20px\">Peter Hirseler\u200b<\/span><\/p>\n<p><span style=\"font-size: 20px\">Thomas Roos<\/span><\/p>\n<p><span style=\"font-size: 20px\">Regionalrat und Kreisfraktion\u200b<\/span><\/p>\n<p><span style=\"font-size: 20px\">Stadtrat Bergheim\u200b<\/span><\/p>\n<p><span style=\"font-size: 20px\">Stadtrat Bergheim<\/span><\/p>\n<p><span style=\"font-size: 20px\">Alle Planunterlagen sind \u00f6ffentlich einsehbar:<\/span><\/p>\n<p><span style=\"font-size: 20px\">https:\/\/www.rhein-erft-kreis.de\/bekanntmachungen\/artikel\/bekanntmachung-ml-juelich<\/span><\/p>\n","protected":false},"excerpt":{"rendered":"<p>Nach den vorliegenden Planungen soll Thorr ein Zentrum des Kiesabbaus werden. S\u00fcdlich von Thorr direkt auf der anderen Stra\u00dfenseite Richtung Widdendorf soll eine 92 ha gro\u00dfe Kiesgrube entstehen. Aus dem Antrag der Firma ML Mineral-Logistics GMBH &amp;Co OHG aus J\u00fclich geht hervor, dass 16.350.000 m\u00b3 Kies abgebaut werden sollen. Demnach w\u00fcrden ab 2021 j\u00e4hrlich 650.000 &hellip; <\/p>\n<p><a class=\"more-link btn\" href=\"https:\/\/unser-quartier.de\/stadt-bergheim\/2020\/01\/fraktion-der-gruenen-informiert\/\">Weiterlesen<\/a><\/p>\n","protected":false},"author":48,"featured_media":0,"comment_status":"closed","ping_status":"closed","sticky":false,"template":"","format":"standard","meta":{"_bbp_topic_count":0,"_bbp_reply_count":0,"_bbp_total_topic_count":0,"_bbp_total_reply_count":0,"_bbp_voice_count":0,"_bbp_anonymous_reply_count":0,"_bbp_topic_count_hidden":0,"_bbp_reply_count_hidden":0,"_bbp_forum_subforum_count":0,"jetpack_post_was_ever_published":false,"_jetpack_newsletter_access":"","_jetpack_dont_email_post_to_subs":false,"_jetpack_newsletter_tier_id":0,"_jetpack_memberships_contains_paywalled_content":false,"_jetpack_memberships_contains_paid_content":false,"footnotes":""},"categories":[1],"tags":[],"class_list":["post-31251","post","type-post","status-publish","format-standard","hentry","category-allgemein","item-wrap"],"jetpack_sharing_enabled":true,"jetpack_featured_media_url":"","jetpack_shortlink":"https:\/\/wp.me\/p3vhfJ-883","jetpack_likes_enabled":true,"_links":{"self":[{"href":"https:\/\/unser-quartier.de\/stadt-bergheim\/wp-json\/wp\/v2\/posts\/31251","targetHints":{"allow":["GET"]}}],"collection":[{"href":"https:\/\/unser-quartier.de\/stadt-bergheim\/wp-json\/wp\/v2\/posts"}],"about":[{"href":"https:\/\/unser-quartier.de\/stadt-bergheim\/wp-json\/wp\/v2\/types\/post"}],"author":[{"embeddable":true,"href":"https:\/\/unser-quartier.de\/stadt-bergheim\/wp-json\/wp\/v2\/users\/48"}],"replies":[{"embeddable":true,"href":"https:\/\/unser-quartier.de\/stadt-bergheim\/wp-json\/wp\/v2\/comments?post=31251"}],"version-history":[{"count":0,"href":"https:\/\/unser-quartier.de\/stadt-bergheim\/wp-json\/wp\/v2\/posts\/31251\/revisions"}],"wp:attachment":[{"href":"https:\/\/unser-quartier.de\/stadt-bergheim\/wp-json\/wp\/v2\/media?parent=31251"}],"wp:term":[{"taxonomy":"category","embeddable":true,"href":"https:\/\/unser-quartier.de\/stadt-bergheim\/wp-json\/wp\/v2\/categories?post=31251"},{"taxonomy":"post_tag","embeddable":true,"href":"https:\/\/unser-quartier.de\/stadt-bergheim\/wp-json\/wp\/v2\/tags?post=31251"}],"curies":[{"name":"wp","href":"https:\/\/api.w.org\/{rel}","templated":true}]}}