{"id":31253,"date":"2020-01-30T21:03:38","date_gmt":"2020-01-30T20:03:38","guid":{"rendered":"https:\/\/unser-quartier.de\/stadt-bergheim\/?p=31253"},"modified":"2020-01-30T21:04:12","modified_gmt":"2020-01-30T20:04:12","slug":"zukunftsdialog-demenz-2030-wie-wollen-wir-leben","status":"publish","type":"post","link":"https:\/\/unser-quartier.de\/stadt-bergheim\/2020\/01\/zukunftsdialog-demenz-2030-wie-wollen-wir-leben\/","title":{"rendered":"Zukunftsdialog: Demenz 2030 \u2013 Wie wollen wir leben?"},"content":{"rendered":"<p><span style=\"font-size: 20px;font-family: arial, helvetica, sans-serif\">\u201eZukunftsdialog: Demenz 2030 \u2013 Wie wollen wir leben?\u201c<\/span><\/p>\n<p><span style=\"font-size: 20px;font-family: arial, helvetica, sans-serif\"> 5. Demenzwoche im Rhein-Erft-Kreis.\u00a0Der Rhein-Erft-Kreis stellt das Online-Programm vor<br \/>\nRhein-Erft-Kreis: In der Zeit vom 21.03.2020 bis 29.03.2020 findet fl\u00e4chendeckend im Kreisgebiet die 5. Demenzwoche statt. Interessierte Akteurinnen und Akteure hatten Gelegenheit, demenzspezifische Veranstaltungen und Programmpunkte an- zumelden. Ausrichter der Demenzwochen ist der Rhein-Erft-Kreis in Kooperation mit dem Regionalb\u00fcro Alter, Pflege und Demenz Region K\u00f6ln und das s\u00fcdliche Rheinland.\u00a0<\/span><\/p>\n<p><span style=\"font-size: 20px;font-family: arial, helvetica, sans-serif\">Das ausf\u00fchrliche Online-Programm, angereichert mit Kurzbeschreibungen der Ange- bote steht ab sofort unter folgendem Link auf der Homepage des Kreises zur Verf\u00fcgung: https:\/\/www.rhein-erft-kreis.de\/sites\/default\/files\/onlineprogramm.pdf <\/span><\/p>\n<p><span style=\"font-size: 20px;font-family: arial, helvetica, sans-serif\">Erfreulich ist, dass eine Vielzahl der Programmpunkte die aktive oder passive Teilhabe von Menschen mit demenziellen Ver\u00e4nderungen vorsehen.\u00a0Bereits jetzt vormerken \u2013 Angebote des Kreises in Kooperation mit dem Regionalb\u00fcro Alter, Pflege und Demenz:<br \/>\n<\/span><\/p>\n<p><span style=\"font-size: 20px;font-family: arial, helvetica, sans-serif\">Samstag, 21.03.2020, 09.00 Uhr, feierliche Auftaktveranstaltung im Kreistags- und Kulturgeb\u00e4ude des Rhein-Erft-Kreises, Willy-Brandt-Platz 1, 50126 Bergheim\/Erft<br \/>\n<\/span><\/p>\n<p><span style=\"font-size: 20px;font-family: arial, helvetica, sans-serif\">Zielgruppe: alle Interessierten \u2013 Anmeldung erforderlich<br \/>\nMontag, 23.03.2020, 15.30 Uhr, \u201eProf. Dr. Dipl. theol. Manfred L\u00fctz mit einem Vortrag \u201eIrre \u2014 Wir behandeln die Falschen: Unser Problem sind die Normalen\u201c, im Kreistags- und Kulturgeb\u00e4ude des Rhein-Erft-Kreises, Willy-Brandt-Platz 1, 50126 Bergheim\/Erft<br \/>\nZielgruppen: alle Interessierten \u2013 Anmeldung erforderlich<br \/>\nDienstag, 24.03.2020, 09.00 Uhr, \u201eDemenzerkrankten mit Migrationshintergrund kultursensibel begegnen\u201c, im Kreistags- und Kulturgeb\u00e4ude des Rhein-Erft-Kreises, Willy-Brandt-Platz 1, 50126 Bergheim\/Erft<br \/>\nZielgruppe: alle Interessierten \u2013 <\/span><\/p>\n<p><span style=\"font-size: 20px;font-family: arial, helvetica, sans-serif\">Anmeldung erforderlich<br \/>\n<\/span><\/p>\n<p><span style=\"font-size: 20px;font-family: arial, helvetica, sans-serif\">Dienstag, 24.03.2020, 13.00 Uhr, \u201eDigitalisierung zu Hause und in der Pflege\u201c, Themenfachtag, im Kreistags- und Kulturgeb\u00e4ude des Rhein-Erft-Kreises, Willy- Brandt-Platz 1, 50126 Bergheim\/Erft<br \/>\nZielgruppe: alle Interessierten &#8211; Anmeldung erforderlich<br \/>\n<\/span><\/p>\n<p><span style=\"font-size: 20px;font-family: arial, helvetica, sans-serif\">Dienstag, 24.03.2020, 13.30 Uhr, \u201eDemenzerkrankten mit Migrationshintergrund kultursensibel begegnen\u201c, im Kreistags- und Kulturgeb\u00e4ude des Rhein-Erft-Kreises, Willy-Brandt-Platz 1, 50126 Bergheim\/Erft<br \/>\nZielgruppe: alle Interessierten \u2013 Anmeldung erforderlich<br \/>\n<\/span><\/p>\n<p><span style=\"font-size: 20px;font-family: arial, helvetica, sans-serif\">Mittwoch, 25.03.2020, 13.30 Uhr, \u201eDemenz und Verwahrlosung\u201c, im Kreistags- und Kulturgeb\u00e4ude des Rhein-Erft-Kreises, Willy-Brandt-Platz 1, 50126 Berg- heim\/Erft<br \/>\nZielgruppe: alle Interessierten &#8211; Anmeldung erforderlich<br \/>\n<\/span><\/p>\n<p><span style=\"font-size: 20px;font-family: arial, helvetica, sans-serif\">Donnerstag, 26.03.2020, 18.00 Uhr, \u201eUnd was kann ich f\u00fcr mich tun? Unterst\u00fct- zungsangebote im Alltag f\u00fcr pflegende Angeh\u00f6rige\u201c, im Kreistags- und Kulturgeb\u00e4u- de des Rhein-Erft-Kreises, Willy-Brandt-Platz 1, 50126 Bergheim\/Erft<br \/>\nZielgruppe: alle Interessierten \u2013 Anmeldung erforderlich<br \/>\n<\/span><\/p>\n<p><span style=\"font-size: 20px;font-family: arial, helvetica, sans-serif\">Samstag, 28.03.2020, 15.00 Uhr, feierliche Abschlussveranstaltung \u201eDer Ball, Tanzen f\u00fcr Menschen mit und ohne Demenz\u201c im Stadtsaal Frechen, Kolpingplatz 1, 50226 Frechen, Kostenbeitrag: 10,00 \u20ac\/Person\u00a0Zielgruppen: alle Interessierten \u2013 Anmeldung erforderlich.\u00a0<\/span><span style=\"font-size: 20px;font-family: arial, helvetica, sans-serif\">Allen Akteurinnen und Akteuren steht das kostenfreie Plakat zur Selbstbeschriftung unter folgendem Link zur Verf\u00fcgung: https:\/\/www.rhein-erft- kreis.de\/sites\/default\/files\/plakatvorlage_zur_selbstbeschriftung_2020.pdf<br \/>\nUnterst\u00fctzen Sie den Rhein-Erft-Kreis mit seinen Kooperations- und Netzwerk- partner\/innen in dem Bem\u00fchen, die Lebensqualit\u00e4t f\u00fcr Menschen mit demenziellen Beeintr\u00e4chtigungen zu verbessern durch Engagement als aktive Akteure \u2013 aber auch als interessierte Besucherinnen und Besucher der vielf\u00e4ltigen Angebote.<br \/>\nSt\u00f6bern Sie im ausf\u00fchrlichen Online-Programm und sichern sich freie Pl\u00e4tze.<br \/>\n<\/span><\/p>\n<p><span style=\"font-size: 20px;font-family: arial, helvetica, sans-serif\">Das Printprogramm erscheint voraussichtlich in der 5. Kalenderwoche 2020 und ist bei allen Stadtverwaltungen und vielen anderen \u00f6ffentlichen Stellen kostenlos erh\u00e4ltlich.<br \/>\n<\/span><\/p>\n<p><span style=\"font-size: 20px;font-family: arial, helvetica, sans-serif\">Information und Kontakt: Rhein-Erft-Kreis, Der Landrat, Tel.: 02271\/83-15173 oder E-Mail: pflege@rhein-erft-kreis.de<br \/>\n<\/span><\/p>\n","protected":false},"excerpt":{"rendered":"<p>\u201eZukunftsdialog: Demenz 2030 \u2013 Wie wollen wir leben?\u201c<\/p>\n<p> 5. Demenzwoche im Rhein-Erft-Kreis.\u00a0Der Rhein-Erft-Kreis stellt das Online-Programm vor Rhein-Erft-Kreis: In der Zeit vom 21.03.2020 bis 29.03.2020 findet fl\u00e4chendeckend im Kreisgebiet die 5. Demenzwoche statt. Interessierte Akteurinnen und Akteure hatten Gelegenheit, demenzspezifische Veranstaltungen und Programmpunkte an- zumelden. Ausrichter der Demenzwochen ist der Rhein-Erft-Kreis in Kooperation mit &hellip; <\/p>\n<p><a class=\"more-link btn\" href=\"https:\/\/unser-quartier.de\/stadt-bergheim\/2020\/01\/zukunftsdialog-demenz-2030-wie-wollen-wir-leben\/\">Weiterlesen<\/a><\/p>\n","protected":false},"author":48,"featured_media":0,"comment_status":"closed","ping_status":"closed","sticky":false,"template":"","format":"standard","meta":{"_bbp_topic_count":0,"_bbp_reply_count":0,"_bbp_total_topic_count":0,"_bbp_total_reply_count":0,"_bbp_voice_count":0,"_bbp_anonymous_reply_count":0,"_bbp_topic_count_hidden":0,"_bbp_reply_count_hidden":0,"_bbp_forum_subforum_count":0,"jetpack_post_was_ever_published":false,"_jetpack_newsletter_access":"","_jetpack_dont_email_post_to_subs":false,"_jetpack_newsletter_tier_id":0,"_jetpack_memberships_contains_paywalled_content":false,"_jetpack_memberships_contains_paid_content":false,"footnotes":""},"categories":[1],"tags":[],"class_list":["post-31253","post","type-post","status-publish","format-standard","hentry","category-allgemein","item-wrap"],"jetpack_sharing_enabled":true,"jetpack_featured_media_url":"","jetpack_shortlink":"https:\/\/wp.me\/p3vhfJ-885","jetpack_likes_enabled":true,"_links":{"self":[{"href":"https:\/\/unser-quartier.de\/stadt-bergheim\/wp-json\/wp\/v2\/posts\/31253","targetHints":{"allow":["GET"]}}],"collection":[{"href":"https:\/\/unser-quartier.de\/stadt-bergheim\/wp-json\/wp\/v2\/posts"}],"about":[{"href":"https:\/\/unser-quartier.de\/stadt-bergheim\/wp-json\/wp\/v2\/types\/post"}],"author":[{"embeddable":true,"href":"https:\/\/unser-quartier.de\/stadt-bergheim\/wp-json\/wp\/v2\/users\/48"}],"replies":[{"embeddable":true,"href":"https:\/\/unser-quartier.de\/stadt-bergheim\/wp-json\/wp\/v2\/comments?post=31253"}],"version-history":[{"count":0,"href":"https:\/\/unser-quartier.de\/stadt-bergheim\/wp-json\/wp\/v2\/posts\/31253\/revisions"}],"wp:attachment":[{"href":"https:\/\/unser-quartier.de\/stadt-bergheim\/wp-json\/wp\/v2\/media?parent=31253"}],"wp:term":[{"taxonomy":"category","embeddable":true,"href":"https:\/\/unser-quartier.de\/stadt-bergheim\/wp-json\/wp\/v2\/categories?post=31253"},{"taxonomy":"post_tag","embeddable":true,"href":"https:\/\/unser-quartier.de\/stadt-bergheim\/wp-json\/wp\/v2\/tags?post=31253"}],"curies":[{"name":"wp","href":"https:\/\/api.w.org\/{rel}","templated":true}]}}